{"id":203943,"date":"2023-11-28T15:00:00","date_gmt":"2023-11-28T14:00:00","guid":{"rendered":"https:\/\/www.tucomarca.com\/wordpress\/segunda\/?p=203943"},"modified":"2023-11-28T21:33:24","modified_gmt":"2023-11-28T20:33:24","slug":"pradas-anuncia-ladjudicacio-de-la-linia-de-transport-per-carretera-utiel-requena-que-donara-servei-a-19-000-usuaris","status":"publish","type":"post","link":"https:\/\/tucomarca.whitekongsoftware.com\/ca\/pradas-anuncia-ladjudicacio-de-la-linia-de-transport-per-carretera-utiel-requena-que-donara-servei-a-19-000-usuaris\/","title":{"rendered":"Pradas anuncia l&#8217;adjudicaci\u00f3 de la l\u00ednia de transport per carretera Utiel-Requena que donar\u00e0 servei a 19.000 usuaris"},"content":{"rendered":"\n<p class=\"wp-block-paragraph\">Pradas anuncia l&#8217;adjudicaci\u00f3 de la l\u00ednia de transport Utiel-Requena que donar\u00e0 servei a 19.000 usuaris<br>La consellera de Medi Ambient assegura que la renovaci\u00f3 del contracte, caducat des de 2018, comptar\u00e0 amb una aportaci\u00f3 de 2,7 milions d&#8217;euros<br>La consellera de Medi Ambient, Aigua, Infraestructures i Territori, Salom\u00e9 Pradas, ha assegurat que en breu es materialitzar\u00e0 l&#8217;adjudicaci\u00f3 de la concessi\u00f3 de transport de viatgers per carretera Utiel-Requena.&nbsp;<\/p>\n\n\n\n<p class=\"wp-block-paragraph\">Pradas, que ha mantingut una trobada de treball amb l&#8217;alcalde d&#8217;Utiel, Ricardo Gabald\u00f3n, ha avan\u00e7at que \u201cla renovaci\u00f3 d&#8217;aquest contracte, que estava caducat des de 2018, permetr\u00e0 donar servei a m\u00e9s de 19.000 usurios i tindr\u00e0 una aportaci\u00f3 de la Generalitat de 2,7 milions d&#8217;euros\u201d.<\/p>\n\n\n\n<p class=\"wp-block-paragraph\">Amb aquest servei -ha destacat Pradas- \u201cla Generalitat posa a la disposici\u00f3 dels ciutadans d&#8217;aquests municipis un servei b\u00e0sic i essencial per al seu dia a dia, com \u00e9s el del transport. A trav\u00e9s d&#8217;aquesta nova concessi\u00f3 podrem garantir una millor mobilitat i contribuir a millorar la seua qualitat de vida\u201d.&nbsp;<\/p>\n\n\n\n<p class=\"wp-block-paragraph\">La futura concessi\u00f3 comptar\u00e0 amb 7 vehicles que realitzaran, conjuntament, 226.000 quil\u00f2metres comercials i 6.425 expedicions a l&#8217;any. La seua duraci\u00f3 ser\u00e0 de 10 anys, fins a 2033.&nbsp;<\/p>\n\n\n\n<p class=\"wp-block-paragraph\">Durant la seua reuni\u00f3, Pradas ha analitzat altres q\u00fcestions relacionades amb el desenvolupament de projectes mediambientals i la gesti\u00f3 de l&#8217;aigua i de residus en el municipi<\/p>\n\n\n\n<p class=\"wp-block-paragraph\"><\/p>\n","protected":false},"excerpt":{"rendered":"<div class=\"mh-excerpt\">Pradas anuncia l&#8217;adjudicaci\u00f3 de la l\u00ednia de transport Utiel-Requena que donar\u00e0 servei a 19.000 usuarisLa consellera de Medi Ambient assegura que la renovaci\u00f3 del contracte, caducat des de 2018, comptar\u00e0 amb una aportaci\u00f3 de 2,7 <a class=\"mh-excerpt-more\" href=\"https:\/\/tucomarca.whitekongsoftware.com\/ca\/pradas-anuncia-ladjudicacio-de-la-linia-de-transport-per-carretera-utiel-requena-que-donara-servei-a-19-000-usuaris\/\" title=\"Pradas anuncia l&#8217;adjudicaci\u00f3 de la l\u00ednia de transport per carretera Utiel-Requena que donar\u00e0 servei a 19.000 usuaris\">[+] <\/a><\/div>\n","protected":false},"author":12,"featured_media":203942,"comment_status":"open","ping_status":"open","sticky":false,"template":"","format":"standard","meta":{"footnotes":""},"categories":[10898,10948,10894,10947,10908,10909,10896,11059],"tags":[19936,11099,10910],"class_list":["post-203943","post","type-post","status-publish","format-standard","has-post-thumbnail","category-ventana-ca","category-infraestructuras-ca","category-la-comarca-ca","category-politica","category-requena-ca","category-requena-utiel-ca","category-seccion-ca","category-utiel-ca","tag-linea-de-transporte-por-carretera-ca","tag-requena-ca","tag-requena-utiel-ca"],"_links":{"self":[{"href":"https:\/\/tucomarca.whitekongsoftware.com\/ca\/wp-json\/wp\/v2\/posts\/203943","targetHints":{"allow":["GET"]}}],"collection":[{"href":"https:\/\/tucomarca.whitekongsoftware.com\/ca\/wp-json\/wp\/v2\/posts"}],"about":[{"href":"https:\/\/tucomarca.whitekongsoftware.com\/ca\/wp-json\/wp\/v2\/types\/post"}],"author":[{"embeddable":true,"href":"https:\/\/tucomarca.whitekongsoftware.com\/ca\/wp-json\/wp\/v2\/users\/12"}],"replies":[{"embeddable":true,"href":"https:\/\/tucomarca.whitekongsoftware.com\/ca\/wp-json\/wp\/v2\/comments?post=203943"}],"version-history":[{"count":0,"href":"https:\/\/tucomarca.whitekongsoftware.com\/ca\/wp-json\/wp\/v2\/posts\/203943\/revisions"}],"wp:featuredmedia":[{"embeddable":true,"href":"https:\/\/tucomarca.whitekongsoftware.com\/ca\/wp-json\/wp\/v2\/media\/203942"}],"wp:attachment":[{"href":"https:\/\/tucomarca.whitekongsoftware.com\/ca\/wp-json\/wp\/v2\/media?parent=203943"}],"wp:term":[{"taxonomy":"category","embeddable":true,"href":"https:\/\/tucomarca.whitekongsoftware.com\/ca\/wp-json\/wp\/v2\/categories?post=203943"},{"taxonomy":"post_tag","embeddable":true,"href":"https:\/\/tucomarca.whitekongsoftware.com\/ca\/wp-json\/wp\/v2\/tags?post=203943"}],"curies":[{"name":"wp","href":"https:\/\/api.w.org\/{rel}","templated":true}]}}