{"id":203889,"date":"2023-11-28T10:10:00","date_gmt":"2023-11-28T09:10:00","guid":{"rendered":"https:\/\/www.tucomarca.com\/wordpress\/segunda\/?p=203889"},"modified":"2023-11-28T19:50:02","modified_gmt":"2023-11-28T18:50:02","slug":"la-unio-organitza-aquest-dimecres-a-requena-la-seua-i-jornada-dinnovacio-vitivinicola-de-la-comunitat-valenciana","status":"publish","type":"post","link":"https:\/\/tucomarca.whitekongsoftware.com\/ca\/la-unio-organitza-aquest-dimecres-a-requena-la-seua-i-jornada-dinnovacio-vitivinicola-de-la-comunitat-valenciana\/","title":{"rendered":"La Uni\u00f3 organitza aquest dimecres a Requena la seua I Jornada d&#8217;Innovaci\u00f3 Vitivin\u00edcola de la Comunitat Valenciana"},"content":{"rendered":"\n<h4 class=\"wp-block-heading\">Es presentaran diferents projectes innovadors enfocats en el sector del ra\u00efm de vinificaci\u00f3 i desenvolupats per l&#8217;organitzaci\u00f3 agr\u00e0ria i diverses institucions o entitats valencianes&nbsp;<\/h4>\n\n\n\n<p class=\"wp-block-paragraph\">La Uni\u00f3 organitza dimecres que ve 29 de novembre a Requena la seua I Jornada d&#8217;Innovaci\u00f3 Vitivin\u00edcola de la Comunitat Valenciana, en la qual es presentaran diferents projectes innovadors enfocats en el sector del ra\u00efm de vinificaci\u00f3 i desenvolupats per l&#8217;organitzaci\u00f3 agr\u00e0ria i diverses institucions o entitats valencianes.&nbsp;<\/p>\n\n\n\n<p class=\"wp-block-paragraph\">La jornada se celebrar\u00e0 de 9.30 a 13.00 hores a l&#8217;Escola de Viticultura i Enologia F\u00e9lix Jim\u00e9nez de Requena. Compta amb la col\u00b7laboraci\u00f3 de Cooperatives Agro-aliment\u00e0ries de la Comunitat Valenciana, Escola de Viticultura i Enologia F\u00e9lix Jim\u00e9nez, DO Utiel-Requena i Diputaci\u00f3 de Val\u00e8ncia. En la inauguraci\u00f3, prevista per a les 10 hores, participaran el secretari auton\u00f2mic d&#8217;Agricultura, Ramaderia i Pesca, Javier Bartolom\u00e9; la directora de l&#8217;Escola de Viticultura, \u00c1gueda Serrano i el vicesecretari general de La Uni\u00f3, Luis Javier Navarro. D&#8217;altra banda, en la clausura, que es realitzar\u00e0 a les 12,45 hores, intervindr\u00e0 el regidor d&#8217;Agricultura, Ramaderia i Desenvolupament del Medi rural de l&#8217;Ajuntament de Requena, Alejandro Hern\u00e1ndez Pardo.<\/p>\n\n\n\n<p class=\"wp-block-paragraph\">La Uni\u00f3 \u00e9s conscient que la innovaci\u00f3 \u00e9s una eina competitiva que cal dur a terme i implementar conjuntament des de la iniciativa privada i el suport p\u00fablic. Per aix\u00f2 ha considerat adequat organitzar aquesta primera edici\u00f3 de les jornades.<\/p>\n\n\n\n<p class=\"wp-block-paragraph\">En la primera ronda de projectes, de 10,30 a 11,15 hores, es presentaran:<\/p>\n\n\n\n<ul class=\"wp-block-list\"><li>VITISKILLS: Projecte Erasmus. Presentaci\u00f3 de material per a formaci\u00f3 en viticultura 4.0.<\/li><li>MICROFIGHTER: Projecte Life. Innovador producte basat en zeolites i cultius bacterians substitutiu de l&#8217;actual tractament amb coure.<\/li><li>CIRCULAR BRICKS: Projecte Erasmus. Casos d&#8217;\u00e8xit de projectes en viticultura basats en la bioeconom\u00eda circular.<\/li><li>PERFECT LIFE: Projecte Life. Presentaci\u00f3 d&#8217;aplicacions gratu\u00eftes per a l&#8217;optimitzaci\u00f3 dels tractaments en vinya.<\/li><\/ul>\n\n\n\n<p class=\"wp-block-paragraph\">Despr\u00e9s d&#8217;una pausa caf\u00e9 es presentar\u00e0 una segona ronda de projectes de 11,15 a 11,45 hores:<\/p>\n\n\n\n<ul class=\"wp-block-list\"><li>BOT VINYA: Desenvolupament d&#8217;un sensor eficient i econ\u00f2mic per a la detecci\u00f3 preco\u00e7 de malalties en la vinya.<\/li><li>DRONS: Accions de drons en entorns agroalimentaris i viticultura.<\/li><li>AQUA FONG: Innovador desinfectant per a malalties f\u00fangiques en ceps.<\/li><li>PROJECTE VALORABOBAL: Valoraci\u00f3 de la varietat de ra\u00efm aut\u00f2cton Boval.<\/li><\/ul>\n\n\n\n<p class=\"wp-block-paragraph\">En finalitzar, i despr\u00e9s de la clausura, hi haur\u00e0 un espai de contacte entre tots els assistents on es podr\u00e0 degustar vi i aliments locals de la comarca d&#8217;Utiel-Requena.<\/p>\n\n\n\n<figure class=\"wp-block-gallery has-nested-images columns-default is-cropped wp-block-gallery-1 is-layout-flex wp-block-gallery-is-layout-flex\">\n<figure class=\"wp-block-image size-large\"><img loading=\"lazy\" decoding=\"async\" width=\"886\" height=\"1253\" data-id=\"203886\" src=\"http:\/\/www.tucomarca.com\/wordpress\/segunda\/wp-content\/uploads\/2023\/11\/JornadaLaUnio2.jpg\" alt=\"\" class=\"wp-image-203886\" srcset=\"https:\/\/tucomarca.whitekongsoftware.com\/wp-content\/uploads\/2023\/11\/JornadaLaUnio2.jpg 886w, https:\/\/tucomarca.whitekongsoftware.com\/wp-content\/uploads\/2023\/11\/JornadaLaUnio2-212x300.jpg 212w, https:\/\/tucomarca.whitekongsoftware.com\/wp-content\/uploads\/2023\/11\/JornadaLaUnio2-724x1024.jpg 724w, https:\/\/tucomarca.whitekongsoftware.com\/wp-content\/uploads\/2023\/11\/JornadaLaUnio2-768x1086.jpg 768w\" sizes=\"auto, (max-width: 886px) 100vw, 886px\" \/><\/figure>\n<\/figure>\n","protected":false},"excerpt":{"rendered":"<div class=\"mh-excerpt\">Es presentaran diferents projectes innovadors enfocats en el sector del ra\u00efm de vinificaci\u00f3 i desenvolupats per l&#8217;organitzaci\u00f3 agr\u00e0ria i diverses institucions o entitats valencianes&nbsp; La Uni\u00f3 organitza dimecres que ve 29 de novembre a Requena <a class=\"mh-excerpt-more\" href=\"https:\/\/tucomarca.whitekongsoftware.com\/ca\/la-unio-organitza-aquest-dimecres-a-requena-la-seua-i-jornada-dinnovacio-vitivinicola-de-la-comunitat-valenciana\/\" title=\"La Uni\u00f3 organitza aquest dimecres a Requena la seua I Jornada d&#8217;Innovaci\u00f3 Vitivin\u00edcola de la Comunitat Valenciana\">[+] <\/a><\/div>\n","protected":false},"author":12,"featured_media":203885,"comment_status":"open","ping_status":"open","sticky":false,"template":"","format":"standard","meta":{"footnotes":""},"categories":[11019,10905,10948,10894,10903,10947,10908,10909,10896],"tags":[18022,11099,10910],"class_list":["post-203889","post","type-post","status-publish","format-standard","has-post-thumbnail","category-agenda-ca","category-agricultura-la-comarca-ca","category-infraestructuras-ca","category-la-comarca-ca","category-medio-ambiente-la-comarca-ca","category-politica","category-requena-ca","category-requena-utiel-ca","category-seccion-ca","tag-la-unio-llauradora-ca","tag-requena-ca","tag-requena-utiel-ca"],"_links":{"self":[{"href":"https:\/\/tucomarca.whitekongsoftware.com\/ca\/wp-json\/wp\/v2\/posts\/203889","targetHints":{"allow":["GET"]}}],"collection":[{"href":"https:\/\/tucomarca.whitekongsoftware.com\/ca\/wp-json\/wp\/v2\/posts"}],"about":[{"href":"https:\/\/tucomarca.whitekongsoftware.com\/ca\/wp-json\/wp\/v2\/types\/post"}],"author":[{"embeddable":true,"href":"https:\/\/tucomarca.whitekongsoftware.com\/ca\/wp-json\/wp\/v2\/users\/12"}],"replies":[{"embeddable":true,"href":"https:\/\/tucomarca.whitekongsoftware.com\/ca\/wp-json\/wp\/v2\/comments?post=203889"}],"version-history":[{"count":0,"href":"https:\/\/tucomarca.whitekongsoftware.com\/ca\/wp-json\/wp\/v2\/posts\/203889\/revisions"}],"wp:featuredmedia":[{"embeddable":true,"href":"https:\/\/tucomarca.whitekongsoftware.com\/ca\/wp-json\/wp\/v2\/media\/203885"}],"wp:attachment":[{"href":"https:\/\/tucomarca.whitekongsoftware.com\/ca\/wp-json\/wp\/v2\/media?parent=203889"}],"wp:term":[{"taxonomy":"category","embeddable":true,"href":"https:\/\/tucomarca.whitekongsoftware.com\/ca\/wp-json\/wp\/v2\/categories?post=203889"},{"taxonomy":"post_tag","embeddable":true,"href":"https:\/\/tucomarca.whitekongsoftware.com\/ca\/wp-json\/wp\/v2\/tags?post=203889"}],"curies":[{"name":"wp","href":"https:\/\/api.w.org\/{rel}","templated":true}]}}