{"id":203548,"date":"2023-11-24T10:05:00","date_gmt":"2023-11-24T09:05:00","guid":{"rendered":"https:\/\/www.tucomarca.com\/wordpress\/segunda\/?p=203548"},"modified":"2023-11-24T20:06:51","modified_gmt":"2023-11-24T19:06:51","slug":"requena-acollira-xarrades-per-a-reforcar-els-programes-de-prevencio-de-drogodependencies-i-altres-conductes-addictives","status":"publish","type":"post","link":"https:\/\/tucomarca.whitekongsoftware.com\/ca\/requena-acollira-xarrades-per-a-reforcar-els-programes-de-prevencio-de-drogodependencies-i-altres-conductes-addictives\/","title":{"rendered":"Requena acollir\u00e0 xarrades per a refor\u00e7ar els programes de prevenci\u00f3 de drogodepend\u00e8ncies i altres conductes addictives"},"content":{"rendered":"\n<p class=\"wp-block-paragraph\">El divendres 1 de desembre, Pedro G. Aguado estar\u00e0 en el Teatre Principal de Requena. Al mat\u00ed, a les 11.30 hores, realitzar\u00e0 la xarrada \u201cUn viatge d&#8217;aprenentatge\u201d per als IES de Requena i a la vesprada a les 17:30h oferir\u00e0 la confer\u00e8ncia \u201cEl repte d&#8217;educar hui\u201d, dirigida a docents, fam\u00edlies i p\u00fablic en general.\u00a0<br>L&#8217;entrada ser\u00e0 gratu\u00efta fins a completar aforament. La duraci\u00f3 aproximada per sessi\u00f3 ser\u00e0 d&#8217;hora i mitja.<br>L&#8217;objectiu \u00e9s refor\u00e7ar tant els programes de prevenci\u00f3 de drogodepend\u00e8ncies i altres conductes addictives que al llarg del curs escolar s&#8217;estan desenvolupant en tots els centres de secund\u00e0ria de Requena, com l&#8217;Escola de Fam\u00edlies que des de les regidories d&#8217;Educaci\u00f3, Igualtat, Joventut i Sanitat es realitzen en tots els centres educatius de prim\u00e0ria i secund\u00e0ria del municipi. Informa, Luis Ib\u00e1\u00f1ez.<\/p>\n","protected":false},"excerpt":{"rendered":"<div class=\"mh-excerpt\">El divendres 1 de desembre, Pedro G. Aguado estar\u00e0 en el Teatre Principal de Requena. Al mat\u00ed, a les 11.30 hores, realitzar\u00e0 la xarrada \u201cUn viatge d&#8217;aprenentatge\u201d per als IES de Requena i a la <a class=\"mh-excerpt-more\" href=\"https:\/\/tucomarca.whitekongsoftware.com\/ca\/requena-acollira-xarrades-per-a-reforcar-els-programes-de-prevencio-de-drogodependencies-i-altres-conductes-addictives\/\" title=\"Requena acollir\u00e0 xarrades per a refor\u00e7ar els programes de prevenci\u00f3 de drogodepend\u00e8ncies i altres conductes addictives\">[+] <\/a><\/div>\n","protected":false},"author":12,"featured_media":203547,"comment_status":"open","ping_status":"open","sticky":false,"template":"","format":"standard","meta":{"footnotes":""},"categories":[11019,11010,10894,11007,10908,10909,10896],"tags":[19918,16445,11099,10910],"class_list":["post-203548","post","type-post","status-publish","format-standard","has-post-thumbnail","category-agenda-ca","category-canal-salud","category-la-comarca-ca","category-ocio-y-cultura-ca","category-requena-ca","category-requena-utiel-ca","category-seccion-ca","tag-drogodependencia-ca","tag-prevencion-de-conductas-adictivas-ca","tag-requena-ca","tag-requena-utiel-ca"],"_links":{"self":[{"href":"https:\/\/tucomarca.whitekongsoftware.com\/ca\/wp-json\/wp\/v2\/posts\/203548","targetHints":{"allow":["GET"]}}],"collection":[{"href":"https:\/\/tucomarca.whitekongsoftware.com\/ca\/wp-json\/wp\/v2\/posts"}],"about":[{"href":"https:\/\/tucomarca.whitekongsoftware.com\/ca\/wp-json\/wp\/v2\/types\/post"}],"author":[{"embeddable":true,"href":"https:\/\/tucomarca.whitekongsoftware.com\/ca\/wp-json\/wp\/v2\/users\/12"}],"replies":[{"embeddable":true,"href":"https:\/\/tucomarca.whitekongsoftware.com\/ca\/wp-json\/wp\/v2\/comments?post=203548"}],"version-history":[{"count":0,"href":"https:\/\/tucomarca.whitekongsoftware.com\/ca\/wp-json\/wp\/v2\/posts\/203548\/revisions"}],"wp:featuredmedia":[{"embeddable":true,"href":"https:\/\/tucomarca.whitekongsoftware.com\/ca\/wp-json\/wp\/v2\/media\/203547"}],"wp:attachment":[{"href":"https:\/\/tucomarca.whitekongsoftware.com\/ca\/wp-json\/wp\/v2\/media?parent=203548"}],"wp:term":[{"taxonomy":"category","embeddable":true,"href":"https:\/\/tucomarca.whitekongsoftware.com\/ca\/wp-json\/wp\/v2\/categories?post=203548"},{"taxonomy":"post_tag","embeddable":true,"href":"https:\/\/tucomarca.whitekongsoftware.com\/ca\/wp-json\/wp\/v2\/tags?post=203548"}],"curies":[{"name":"wp","href":"https:\/\/api.w.org\/{rel}","templated":true}]}}