{"id":203540,"date":"2023-11-24T18:00:00","date_gmt":"2023-11-24T17:00:00","guid":{"rendered":"https:\/\/www.tucomarca.com\/wordpress\/segunda\/?p=203540"},"modified":"2023-11-24T20:21:58","modified_gmt":"2023-11-24T19:21:58","slug":"accessos-i-mobilitat-a-xest-durant-la-celebracio-del-gp-de-motociclisme","status":"publish","type":"post","link":"https:\/\/tucomarca.whitekongsoftware.com\/ca\/accessos-i-mobilitat-a-xest-durant-la-celebracio-del-gp-de-motociclisme\/","title":{"rendered":"Accessos i mobilitat a Xest durant la celebraci\u00f3 del GP de Motociclisme"},"content":{"rendered":"\n<p class=\"wp-block-paragraph\">Durant els dies 24, 25 i 26 de novembre, coincidint amb la celebraci\u00f3 del Gran Premi de la Comunitat Valenciana, estar\u00e0 funcionant un dispositiu especial de seguretat que regular\u00e0 els accessos a Xest i la circulaci\u00f3 de vehicles dins de la poblaci\u00f3.<br>Des de les 7.00 del divendres, 24 de novembre, estaran tallats al tr\u00e0nsit de vehicles amb tanques Nova Jersey les entrades a Xest en els seg\u00fcents punts:<\/p>\n\n\n\n<ul class=\"wp-block-list\"><li>CV-50 &#8211; Carretera Ll\u00edria (Mercadona).<\/li><li>CV-50 &#8211; Carrer Xestalgar.<\/li><li>Passos de vianants CV-50 &#8211; Av. Pa\u00eds Valenci\u00e0.<\/li><li>CV-383 &#8211; Av. Banda la Lira sentit Av. Castella.<\/li><li>CV-383 &#8211; Carrer Quevedo sentit carrer Val\u00e8ncia.<\/li><li>CV-383 &#8211; Av. Joan Carles I.<\/li><li>Pas de vianants CV-383 (Parc de La Lomiquia).<\/li><\/ul>\n\n\n\n<p class=\"wp-block-paragraph\">El carril d&#8217;eixida en aquests punts estar\u00e0 obert al tr\u00e0nsit.<\/p>\n\n\n\n<p class=\"wp-block-paragraph\"><strong>Recomanaci\u00f3 d&#8217;accessos a la poblaci\u00f3&nbsp;<\/strong><\/p>\n\n\n\n<p class=\"wp-block-paragraph\">Estaran obertes al tr\u00e0nsit de vehicles les seg\u00fcents vies:<\/p>\n\n\n\n<ul class=\"wp-block-list\"><li>CV-50 &#8211; Carrer Xiva (rotonda de la b\u00e0scula).<\/li><li>CV-50 &#8211; Carrer Lira (rotonda dels carros).<\/li><li>CV-378 (km 3.6) &#8211; Av. Castella.&nbsp;<\/li><li>CV-378. Els accessos a aquesta carretera estaran tallats mitjan\u00e7ant tanques Nova Jersey a partir de les 08.00, exceptuant el cam\u00ed de La Garrama i camins d&#8217;acc\u00e9s a habitatges, des de la rotonda del motorista fins a la rotonda de la gasolinera, entre el km 3 i 4.<\/li><\/ul>\n\n\n\n<p class=\"wp-block-paragraph\"><br>Des de la Gu\u00e0rdia Civil es comprovar\u00e0 el DNI o una altra documentaci\u00f3 que acredite que una persona \u00e9s resident a Xest o que accedeix per motius de treball, quan l&#8217;acc\u00e9s estiga saturat.<\/p>\n\n\n\n<p class=\"wp-block-paragraph\"><strong>Corts a la circulaci\u00f3 en el cas urb\u00e0<\/strong><\/p>\n\n\n\n<p class=\"wp-block-paragraph\">Des de les 8.00 es retiraran els vehicles i es tallar\u00e0 el carrer Xiva des del n\u00famero 2 al 76 per a muntar llocs de venda de menjar.&nbsp;<br>A partir de les 15.30 es procedir\u00e0 de la mateixa forma en les calle Federico Garc\u00eda Lorca, avinguda Vicente Navarro i carrer Blasco Ib\u00e1\u00f1ez, que quedaran lliures de vehicles i tancades al tr\u00e0nsit per a la instal\u00b7laci\u00f3 de llocs de bijuteria.<br>A les 16.00 es procedir\u00e0 a la realitzar el tall a la circulaci\u00f3 mitjan\u00e7ant tanques Nova Jersey en els seg\u00fcents punts:<\/p>\n\n\n\n<ul class=\"wp-block-list\"><li>Av. Castella &#8211; Rotonda CV-378 &#8211; Plaza II Rep\u00fablica, acc\u00e9s a Av. Castella.<\/li><li>Av. Castella n\u00fam. 64 i n\u00fam. 4.<\/li><li>Carrer Malpich n\u00fam. 3 (acc\u00e9s Av. Castella).<\/li><li>Av. Vicente Navarro n\u00fam. 25.<\/li><li>Carrer Blasco Ib\u00e1\u00f1ez n\u00fam. 24.<\/li><li>Carrer Xiva n\u00fam. 76, n\u00fam. 22, n\u00fam. 20 (encreuament de carrers Llorer i Desamparados), n\u00fam. 12 i 10 (amb encreuament en carrer Teixidors).<\/li><\/ul>\n\n\n\n<p class=\"wp-block-paragraph\">A les 21.00 els talls s&#8217;efectuaran, amb tanques Nova Jersey, al carrer L&#8217;Ermita creue amb Alb\u00e9ytar, sentit Plaza Doctor Cajal, i al carrer Julio Tar\u00edn travesse carrer Xiva, en sentit a la pla\u00e7a Doctor Cajal.<br>Aquests tancaments al tr\u00e0nsit es mantindran fins al diumenge 26 a les 18.00.<\/p>\n\n\n\n<p class=\"wp-block-paragraph\"><strong>Restriccions al tr\u00e0nsit de vehicles pesats<\/strong><\/p>\n\n\n\n<p class=\"wp-block-paragraph\">La Gu\u00e0rdia Civil de Tr\u00e0nsit far\u00e0 restriccions a la circulaci\u00f3 de vehicles pesants, en concret dels de m\u00e9s de 7.500 kg, els que requerisquen autoritzaci\u00f3 complement\u00e0ria i els vehicles especials, en la zona d&#8217;afecci\u00f3 del Circuit.<\/p>\n\n\n\n<ul class=\"wp-block-list\"><li>CV-50. Des del punt quilom\u00e8tric 72+500 al 76, de Xest, en tots dos sentits. Divendres de 17.00 a 24:00, dissabte de 00.00 a 6.00 i de 17.00 a 24:00 i diumenge de 00.00 a 20.00.<\/li><li>CV-378. Des del punt quilom\u00e8tric 0+500 al 4+900, de Xest, en tots dos sentits. Divendres de 17.00 a 22.00, dissabte de 6.00 a 22.00 i diumenge de 06.00 a 18.00.<\/li><li>CV-383. Des del punt quilom\u00e8tric 0+000 al 11+600, de Loriguilla, en tots dos sentits. Divendres de 7.00 a 24:00, dissabte de 0.00 a 24:00 i diumenge de 00.00 a 20.00.<\/li><li>CV-3845. Des del punt quilom\u00e8tric 0+000 al 3+500, de Xest, en tots dos sentits. Divendres de 7.00 a 24:00, dissabte de 0.00 a 24:00 i diumenge de 07.00 a 20.00.<\/li><li>A3. Des del punt quilom\u00e8tric 352+000 al 319+000, sentit eixida a Val\u00e8ncia (decreixent). Dissabte de 7.00 a 14.00 i diumenge de 07.00 a 18.00.<\/li><li>A3. Des del punt quilom\u00e8tric 275+000 al 352+000, sentit entrada a Val\u00e8ncia (creixent). Dissabte de 14.00 a 22.00 i diumenge de 14.00 a 22.00.<\/li><\/ul>\n","protected":false},"excerpt":{"rendered":"<div class=\"mh-excerpt\">Durant els dies 24, 25 i 26 de novembre, coincidint amb la celebraci\u00f3 del Gran Premi de la Comunitat Valenciana, estar\u00e0 funcionant un dispositiu especial de seguretat que regular\u00e0 els accessos a Xest i la <a class=\"mh-excerpt-more\" href=\"https:\/\/tucomarca.whitekongsoftware.com\/ca\/accessos-i-mobilitat-a-xest-durant-la-celebracio-del-gp-de-motociclisme\/\" title=\"Accessos i mobilitat a Xest durant la celebraci\u00f3 del GP de Motociclisme\">[+] <\/a><\/div>\n","protected":false},"author":12,"featured_media":171549,"comment_status":"open","ping_status":"open","sticky":false,"template":"","format":"standard","meta":{"footnotes":""},"categories":[11003,10898,10948,10894,10904,10912,11011,11007,10896,10974],"tags":[19917,11071,15872,10914],"class_list":["post-203540","post","type-post","status-publish","format-standard","has-post-thumbnail","category-sports","category-ventana-ca","category-infraestructuras-ca","category-la-comarca-ca","category-sin-categorizar-ca","category-la-hoya-ca","category-motociclismo-ca","category-ocio-y-cultura-ca","category-seccion-ca","category-cheste-ca","tag-accesos-ca","tag-cheste","tag-gran-premio-de-motociclismo-ca","tag-la-hoya-de-bunol-chiva-ca"],"_links":{"self":[{"href":"https:\/\/tucomarca.whitekongsoftware.com\/ca\/wp-json\/wp\/v2\/posts\/203540","targetHints":{"allow":["GET"]}}],"collection":[{"href":"https:\/\/tucomarca.whitekongsoftware.com\/ca\/wp-json\/wp\/v2\/posts"}],"about":[{"href":"https:\/\/tucomarca.whitekongsoftware.com\/ca\/wp-json\/wp\/v2\/types\/post"}],"author":[{"embeddable":true,"href":"https:\/\/tucomarca.whitekongsoftware.com\/ca\/wp-json\/wp\/v2\/users\/12"}],"replies":[{"embeddable":true,"href":"https:\/\/tucomarca.whitekongsoftware.com\/ca\/wp-json\/wp\/v2\/comments?post=203540"}],"version-history":[{"count":0,"href":"https:\/\/tucomarca.whitekongsoftware.com\/ca\/wp-json\/wp\/v2\/posts\/203540\/revisions"}],"wp:featuredmedia":[{"embeddable":true,"href":"https:\/\/tucomarca.whitekongsoftware.com\/ca\/wp-json\/wp\/v2\/media\/171549"}],"wp:attachment":[{"href":"https:\/\/tucomarca.whitekongsoftware.com\/ca\/wp-json\/wp\/v2\/media?parent=203540"}],"wp:term":[{"taxonomy":"category","embeddable":true,"href":"https:\/\/tucomarca.whitekongsoftware.com\/ca\/wp-json\/wp\/v2\/categories?post=203540"},{"taxonomy":"post_tag","embeddable":true,"href":"https:\/\/tucomarca.whitekongsoftware.com\/ca\/wp-json\/wp\/v2\/tags?post=203540"}],"curies":[{"name":"wp","href":"https:\/\/api.w.org\/{rel}","templated":true}]}}