{"id":203519,"date":"2023-11-23T17:14:00","date_gmt":"2023-11-23T16:14:00","guid":{"rendered":"https:\/\/www.tucomarca.com\/wordpress\/segunda\/?p=203519"},"modified":"2023-11-23T21:15:27","modified_gmt":"2023-11-23T20:15:27","slug":"el-director-general-de-diversitat-stephane-soriano-destaca-els-programes-en-materia-de-diversitat-etnica-i-cultural-impulsats-per-la-vicepresidencia-segona","status":"publish","type":"post","link":"https:\/\/tucomarca.whitekongsoftware.com\/ca\/el-director-general-de-diversitat-stephane-soriano-destaca-els-programes-en-materia-de-diversitat-etnica-i-cultural-impulsats-per-la-vicepresidencia-segona\/","title":{"rendered":"El director general de Diversitat, Stephane Soriano, destaca els programes en mat\u00e8ria de diversitat \u00e8tnica i cultural impulsats per la Vicepresid\u00e8ncia Segona"},"content":{"rendered":"\n<h4 class=\"wp-block-heading\">200 alumnes participen en els programes &#8216;Inclou-me&#8217; i &#8216;Re-for\u00e7a&#8217;m&#8217; subvencionats per la Vicepresid\u00e8ncia Segona i Conselleria de Serveis Socials, Igualtat i Habitatge<\/h4>\n\n\n\n<p class=\"wp-block-paragraph\">El director general de Diversitat, Stephane Soriano, ha destacat els programes en mat\u00e8ria de diversitat \u00e8tnica i cultural impulsats per la Vicepresid\u00e8ncia Segona i Conselleria de Serveis Socials, Igualtat i Habitatge.<\/p>\n\n\n\n<p class=\"wp-block-paragraph\">Aix\u00ed ho ha assenyalat en la seua visita al Col\u00b7legi Dioces\u00e0 Santiago Ap\u00f2stol del Cabanyal de Val\u00e8ncia, per a con\u00e9ixer els programes \u2018Inclou-me\u2019 i \u2018Re-for\u00e7a\u2019m\u2019, subvencionats per la Vicepresid\u00e8ncia Segona i Conselleria de Serveis Socials, Igualtat i Habitatge amb un total de 73.732,59 euros.<\/p>\n\n\n\n<p class=\"wp-block-paragraph\">Stephane Soriano ha destacat la labor que est\u00e0 realitzant el Col\u00b7legi Dioces\u00e0 Santiago Ap\u00f2stol, promovent una educaci\u00f3 inclusiva a trav\u00e9s d\u2019activitats de refor\u00e7 escolar en la qual estan participant m\u00e9s de 200 alumnes.<\/p>\n\n\n\n<p class=\"wp-block-paragraph\">Les activitats formen part dels programes \u2018Re-for\u00e7a\u2019m\u2019 (programa educatiu en temps lectiu destinat a 63 alumnes) i \u2018Inclou-me\u2019, que inclou la participaci\u00f3 de les fam\u00edlies dins de l\u2019horari lectiu a les aules d\u2019Infantil, Prim\u00e0ria i ESO. En estos programes s\u2019oferix suport psicosocial a 106 fam\u00edlies i refor\u00e7 d\u2019estimulaci\u00f3 del llenguatge i del moviment a 43 xiquets i xiquetes d\u2019edats compreses entre 3, 4 i 5 anys.<\/p>\n\n\n\n<p class=\"wp-block-paragraph\">El director general ha visitat les instal\u00b7lacions del centre, acompanyat pel seu director, Jordi Bosch.<\/p>\n\n\n\n<p class=\"wp-block-paragraph\"><\/p>\n","protected":false},"excerpt":{"rendered":"<div class=\"mh-excerpt\">200 alumnes participen en els programes &#8216;Inclou-me&#8217; i &#8216;Re-for\u00e7a&#8217;m&#8217; subvencionats per la Vicepresid\u00e8ncia Segona i Conselleria de Serveis Socials, Igualtat i Habitatge El director general de Diversitat, Stephane Soriano, ha destacat els programes en mat\u00e8ria <a class=\"mh-excerpt-more\" href=\"https:\/\/tucomarca.whitekongsoftware.com\/ca\/el-director-general-de-diversitat-stephane-soriano-destaca-els-programes-en-materia-de-diversitat-etnica-i-cultural-impulsats-per-la-vicepresidencia-segona\/\" title=\"El director general de Diversitat, Stephane Soriano, destaca els programes en mat\u00e8ria de diversitat \u00e8tnica i cultural impulsats per la Vicepresid\u00e8ncia Segona\">[+] <\/a><\/div>\n","protected":false},"author":12,"featured_media":203518,"comment_status":"open","ping_status":"open","sticky":false,"template":"","format":"standard","meta":{"footnotes":""},"categories":[10952,10892,10898,10948,10894,10904,10947,10896],"tags":[19545,19915,13969,19916],"class_list":["post-203519","post","type-post","status-publish","format-standard","has-post-thumbnail","category-benaguasil-ca","category-camp-de-turia-ca","category-ventana-ca","category-infraestructuras-ca","category-la-comarca-ca","category-sin-categorizar-ca","category-politica","category-seccion-ca","tag-conselleria-de-servicios-sociales-ca","tag-diversidad-etnica-y-cultural-ca","tag-stephane-soriano-ca","tag-vicepresidencia-segunda-ca"],"_links":{"self":[{"href":"https:\/\/tucomarca.whitekongsoftware.com\/ca\/wp-json\/wp\/v2\/posts\/203519","targetHints":{"allow":["GET"]}}],"collection":[{"href":"https:\/\/tucomarca.whitekongsoftware.com\/ca\/wp-json\/wp\/v2\/posts"}],"about":[{"href":"https:\/\/tucomarca.whitekongsoftware.com\/ca\/wp-json\/wp\/v2\/types\/post"}],"author":[{"embeddable":true,"href":"https:\/\/tucomarca.whitekongsoftware.com\/ca\/wp-json\/wp\/v2\/users\/12"}],"replies":[{"embeddable":true,"href":"https:\/\/tucomarca.whitekongsoftware.com\/ca\/wp-json\/wp\/v2\/comments?post=203519"}],"version-history":[{"count":0,"href":"https:\/\/tucomarca.whitekongsoftware.com\/ca\/wp-json\/wp\/v2\/posts\/203519\/revisions"}],"wp:featuredmedia":[{"embeddable":true,"href":"https:\/\/tucomarca.whitekongsoftware.com\/ca\/wp-json\/wp\/v2\/media\/203518"}],"wp:attachment":[{"href":"https:\/\/tucomarca.whitekongsoftware.com\/ca\/wp-json\/wp\/v2\/media?parent=203519"}],"wp:term":[{"taxonomy":"category","embeddable":true,"href":"https:\/\/tucomarca.whitekongsoftware.com\/ca\/wp-json\/wp\/v2\/categories?post=203519"},{"taxonomy":"post_tag","embeddable":true,"href":"https:\/\/tucomarca.whitekongsoftware.com\/ca\/wp-json\/wp\/v2\/tags?post=203519"}],"curies":[{"name":"wp","href":"https:\/\/api.w.org\/{rel}","templated":true}]}}