{"id":203503,"date":"2023-11-23T12:00:00","date_gmt":"2023-11-23T11:00:00","guid":{"rendered":"https:\/\/www.tucomarca.com\/wordpress\/segunda\/?p=203503"},"modified":"2023-11-23T21:01:44","modified_gmt":"2023-11-23T20:01:44","slug":"fotogaleria-lartistica-de-bunyol-celebra-la-tradicional-missa-de-santa-cecilia-en-el-dia-de-la-patrona-de-la-musica","status":"publish","type":"post","link":"https:\/\/tucomarca.whitekongsoftware.com\/ca\/fotogaleria-lartistica-de-bunyol-celebra-la-tradicional-missa-de-santa-cecilia-en-el-dia-de-la-patrona-de-la-musica\/","title":{"rendered":"Fotogaler\u00eda: &#8220;L&#8217;Art\u00edstica&#8221; de Bunyol celebra la tradicional Missa de Santa Cecilia, en el dia de la patrona de la M\u00fasica"},"content":{"rendered":"\n<p class=\"wp-block-paragraph\">L&#8217;Art\u00edstica de Bunyol ha celebrat la tradicional Missa de Santa Cecilia en la parr\u00f2quia de Sant Pere Ap\u00f3stol, homenatjant aix\u00ed la patrona de la M\u00fasica en el seu gran dia.<\/p>\n\n\n\n<p class=\"wp-block-paragraph\">Fotos: Jes\u00fas Sanz Galarza.<\/p>\n\n\n\n<figure class=\"wp-block-gallery has-nested-images columns-1 is-cropped wp-block-gallery-1 is-layout-flex wp-block-gallery-is-layout-flex\">\n<figure class=\"wp-block-image size-large\"><img loading=\"lazy\" decoding=\"async\" width=\"1302\" height=\"734\" data-id=\"203490\" src=\"http:\/\/www.tucomarca.com\/wordpress\/segunda\/wp-content\/uploads\/2023\/11\/FeosSantaCeci02.jpg\" alt=\"\" class=\"wp-image-203490\" srcset=\"https:\/\/tucomarca.whitekongsoftware.com\/wp-content\/uploads\/2023\/11\/FeosSantaCeci02.jpg 1302w, https:\/\/tucomarca.whitekongsoftware.com\/wp-content\/uploads\/2023\/11\/FeosSantaCeci02-300x169.jpg 300w, https:\/\/tucomarca.whitekongsoftware.com\/wp-content\/uploads\/2023\/11\/FeosSantaCeci02-1024x577.jpg 1024w, https:\/\/tucomarca.whitekongsoftware.com\/wp-content\/uploads\/2023\/11\/FeosSantaCeci02-768x433.jpg 768w, https:\/\/tucomarca.whitekongsoftware.com\/wp-content\/uploads\/2023\/11\/FeosSantaCeci02-678x381.jpg 678w\" sizes=\"auto, (max-width: 1302px) 100vw, 1302px\" \/><\/figure>\n\n\n\n<figure class=\"wp-block-image size-large\"><img loading=\"lazy\" decoding=\"async\" width=\"1334\" height=\"752\" data-id=\"203498\" src=\"http:\/\/www.tucomarca.com\/wordpress\/segunda\/wp-content\/uploads\/2023\/11\/FeosSantaCeci06.jpg\" alt=\"\" class=\"wp-image-203498\" srcset=\"https:\/\/tucomarca.whitekongsoftware.com\/wp-content\/uploads\/2023\/11\/FeosSantaCeci06.jpg 1334w, https:\/\/tucomarca.whitekongsoftware.com\/wp-content\/uploads\/2023\/11\/FeosSantaCeci06-300x169.jpg 300w, https:\/\/tucomarca.whitekongsoftware.com\/wp-content\/uploads\/2023\/11\/FeosSantaCeci06-1024x577.jpg 1024w, https:\/\/tucomarca.whitekongsoftware.com\/wp-content\/uploads\/2023\/11\/FeosSantaCeci06-768x433.jpg 768w, https:\/\/tucomarca.whitekongsoftware.com\/wp-content\/uploads\/2023\/11\/FeosSantaCeci06-678x381.jpg 678w\" sizes=\"auto, (max-width: 1334px) 100vw, 1334px\" \/><\/figure>\n\n\n\n<figure class=\"wp-block-image size-large\"><img loading=\"lazy\" decoding=\"async\" width=\"1213\" height=\"684\" data-id=\"203492\" src=\"http:\/\/www.tucomarca.com\/wordpress\/segunda\/wp-content\/uploads\/2023\/11\/FeosSantaCeci03.jpg\" alt=\"\" class=\"wp-image-203492\" srcset=\"https:\/\/tucomarca.whitekongsoftware.com\/wp-content\/uploads\/2023\/11\/FeosSantaCeci03.jpg 1213w, https:\/\/tucomarca.whitekongsoftware.com\/wp-content\/uploads\/2023\/11\/FeosSantaCeci03-300x169.jpg 300w, https:\/\/tucomarca.whitekongsoftware.com\/wp-content\/uploads\/2023\/11\/FeosSantaCeci03-1024x577.jpg 1024w, https:\/\/tucomarca.whitekongsoftware.com\/wp-content\/uploads\/2023\/11\/FeosSantaCeci03-768x433.jpg 768w, https:\/\/tucomarca.whitekongsoftware.com\/wp-content\/uploads\/2023\/11\/FeosSantaCeci03-678x381.jpg 678w\" sizes=\"auto, (max-width: 1213px) 100vw, 1213px\" \/><\/figure>\n\n\n\n<figure class=\"wp-block-image size-large\"><img loading=\"lazy\" decoding=\"async\" width=\"1234\" height=\"696\" data-id=\"203494\" src=\"http:\/\/www.tucomarca.com\/wordpress\/segunda\/wp-content\/uploads\/2023\/11\/FeosSantaCeci04.jpg\" alt=\"\" class=\"wp-image-203494\" srcset=\"https:\/\/tucomarca.whitekongsoftware.com\/wp-content\/uploads\/2023\/11\/FeosSantaCeci04.jpg 1234w, https:\/\/tucomarca.whitekongsoftware.com\/wp-content\/uploads\/2023\/11\/FeosSantaCeci04-300x169.jpg 300w, https:\/\/tucomarca.whitekongsoftware.com\/wp-content\/uploads\/2023\/11\/FeosSantaCeci04-1024x578.jpg 1024w, https:\/\/tucomarca.whitekongsoftware.com\/wp-content\/uploads\/2023\/11\/FeosSantaCeci04-768x433.jpg 768w, https:\/\/tucomarca.whitekongsoftware.com\/wp-content\/uploads\/2023\/11\/FeosSantaCeci04-678x381.jpg 678w\" sizes=\"auto, (max-width: 1234px) 100vw, 1234px\" \/><\/figure>\n\n\n\n<figure class=\"wp-block-image size-large\"><img loading=\"lazy\" decoding=\"async\" width=\"1600\" height=\"902\" data-id=\"203496\" src=\"http:\/\/www.tucomarca.com\/wordpress\/segunda\/wp-content\/uploads\/2023\/11\/FeosSantaCeci05.jpg\" alt=\"\" class=\"wp-image-203496\" srcset=\"https:\/\/tucomarca.whitekongsoftware.com\/wp-content\/uploads\/2023\/11\/FeosSantaCeci05.jpg 1600w, https:\/\/tucomarca.whitekongsoftware.com\/wp-content\/uploads\/2023\/11\/FeosSantaCeci05-300x169.jpg 300w, https:\/\/tucomarca.whitekongsoftware.com\/wp-content\/uploads\/2023\/11\/FeosSantaCeci05-1024x577.jpg 1024w, https:\/\/tucomarca.whitekongsoftware.com\/wp-content\/uploads\/2023\/11\/FeosSantaCeci05-768x433.jpg 768w, https:\/\/tucomarca.whitekongsoftware.com\/wp-content\/uploads\/2023\/11\/FeosSantaCeci05-1536x866.jpg 1536w, https:\/\/tucomarca.whitekongsoftware.com\/wp-content\/uploads\/2023\/11\/FeosSantaCeci05-678x381.jpg 678w\" sizes=\"auto, (max-width: 1600px) 100vw, 1600px\" \/><\/figure>\n<\/figure>\n","protected":false},"excerpt":{"rendered":"<div class=\"mh-excerpt\">L&#8217;Art\u00edstica de Bunyol ha celebrat la tradicional Missa de Santa Cecilia en la parr\u00f2quia de Sant Pere Ap\u00f3stol, homenatjant aix\u00ed la patrona de la M\u00fasica en el seu gran dia. Fotos: Jes\u00fas Sanz Galarza.<\/div>\n","protected":false},"author":12,"featured_media":203489,"comment_status":"open","ping_status":"open","sticky":false,"template":"","format":"gallery","meta":{"footnotes":""},"categories":[10911,11005,10894,10912,11007,10896],"tags":[10913,10914,13054,11154],"class_list":["post-203503","post","type-post","status-publish","format-gallery","has-post-thumbnail","category-bunol-ca","category-canal-musica","category-la-comarca-ca","category-la-hoya-ca","category-ocio-y-cultura-ca","category-seccion-ca","tag-bunol-ca","tag-la-hoya-de-bunol-chiva-ca","tag-santa-cecilia-ca","tag-sm-la-artistica-de-bunol-ca","post_format-post-format-gallery"],"_links":{"self":[{"href":"https:\/\/tucomarca.whitekongsoftware.com\/ca\/wp-json\/wp\/v2\/posts\/203503","targetHints":{"allow":["GET"]}}],"collection":[{"href":"https:\/\/tucomarca.whitekongsoftware.com\/ca\/wp-json\/wp\/v2\/posts"}],"about":[{"href":"https:\/\/tucomarca.whitekongsoftware.com\/ca\/wp-json\/wp\/v2\/types\/post"}],"author":[{"embeddable":true,"href":"https:\/\/tucomarca.whitekongsoftware.com\/ca\/wp-json\/wp\/v2\/users\/12"}],"replies":[{"embeddable":true,"href":"https:\/\/tucomarca.whitekongsoftware.com\/ca\/wp-json\/wp\/v2\/comments?post=203503"}],"version-history":[{"count":0,"href":"https:\/\/tucomarca.whitekongsoftware.com\/ca\/wp-json\/wp\/v2\/posts\/203503\/revisions"}],"wp:featuredmedia":[{"embeddable":true,"href":"https:\/\/tucomarca.whitekongsoftware.com\/ca\/wp-json\/wp\/v2\/media\/203489"}],"wp:attachment":[{"href":"https:\/\/tucomarca.whitekongsoftware.com\/ca\/wp-json\/wp\/v2\/media?parent=203503"}],"wp:term":[{"taxonomy":"category","embeddable":true,"href":"https:\/\/tucomarca.whitekongsoftware.com\/ca\/wp-json\/wp\/v2\/categories?post=203503"},{"taxonomy":"post_tag","embeddable":true,"href":"https:\/\/tucomarca.whitekongsoftware.com\/ca\/wp-json\/wp\/v2\/tags?post=203503"}],"curies":[{"name":"wp","href":"https:\/\/api.w.org\/{rel}","templated":true}]}}