{"id":203472,"date":"2023-11-23T10:00:00","date_gmt":"2023-11-23T09:00:00","guid":{"rendered":"https:\/\/www.tucomarca.com\/wordpress\/segunda\/?p=203472"},"modified":"2023-11-23T11:38:06","modified_gmt":"2023-11-23T10:38:06","slug":"la-conselleria-deducacio-iniciara-durant-2024-les-obres-de-construccio-del-nou-collegi-dr-corachan-gracies-a-lacord-aconseguit-amb-lajuntament-de-xiva","status":"publish","type":"post","link":"https:\/\/tucomarca.whitekongsoftware.com\/ca\/la-conselleria-deducacio-iniciara-durant-2024-les-obres-de-construccio-del-nou-collegi-dr-corachan-gracies-a-lacord-aconseguit-amb-lajuntament-de-xiva\/","title":{"rendered":"La Conselleria d&#8217;Educaci\u00f3 iniciar\u00e0 durant 2024 les obres de construcci\u00f3 del nou col\u00b7legi Dr. Corach\u00e1n gr\u00e0cies a l&#8217;acord aconseguit amb l&#8217;Ajuntament de Xiva."},"content":{"rendered":"\n<p class=\"wp-block-paragraph\">L&#8217;inici de les obres, retardat durant m\u00e9s de huit anys, es produir\u00e0 ara gr\u00e0cies a les gestions realitzades per l&#8217;actual equip de govern municipal que ha buscat f\u00f3rmules amb les quals desbloquejar una inversi\u00f3 que supera els huit milions d&#8217;euros.<\/p>\n\n\n\n<p class=\"wp-block-paragraph\">Cal recordar que la infraestructura educativa de Xiva, ofereix cobertura a una poblaci\u00f3 que supera ja els 18000 habitants, comptant amb un terme municipal en el qual conviu poblaci\u00f3 del nucli urb\u00e0 amb ve\u00efns residents en m\u00e9s de 18 urbanitzacions i disseminats, la qual cosa es tradueix en una creixent demanda.<\/p>\n\n\n\n<p class=\"wp-block-paragraph\">La construcci\u00f3 d&#8217;aquesta nova infraestructura educativa posar\u00e0 punt final a una de les reivindicacions m\u00e9s importants dels ve\u00efns en els \u00faltims anys, sent a m\u00e9s una de les prioritats amb les quals el nou equip de govern va iniciar aquesta legislatura.<\/p>\n\n\n\n<p class=\"wp-block-paragraph\">Per a Amparo Fort, alcaldessa de Xiva; \u201c La sensibilitat demostrada per la Conselleria en relaci\u00f3 amb aquesta demanda, ha sigut fonamental per a desbloquejar una inversi\u00f3 que any rere any, havia anat retardant-se encara malgrat estar contemplada en els pressupostos de la Generalitat\u201d<\/p>\n\n\n\n<p class=\"wp-block-paragraph\">Cal assenyalar que l&#8217;acord plenari que desbloqueja aquesta obra, ha sigut aprovat per unanimitat de tots els grups amb representaci\u00f3 a l&#8217;ajuntament.<\/p>\n\n\n\n<figure class=\"wp-block-image size-large\"><img loading=\"lazy\" decoding=\"async\" width=\"1024\" height=\"601\" src=\"http:\/\/www.tucomarca.com\/wordpress\/segunda\/wp-content\/uploads\/2023\/11\/ChivaNuevoColegio2-1024x601.jpg\" alt=\"\" class=\"wp-image-203467\" srcset=\"https:\/\/tucomarca.whitekongsoftware.com\/wp-content\/uploads\/2023\/11\/ChivaNuevoColegio2-1024x601.jpg 1024w, https:\/\/tucomarca.whitekongsoftware.com\/wp-content\/uploads\/2023\/11\/ChivaNuevoColegio2-300x176.jpg 300w, https:\/\/tucomarca.whitekongsoftware.com\/wp-content\/uploads\/2023\/11\/ChivaNuevoColegio2-768x451.jpg 768w, https:\/\/tucomarca.whitekongsoftware.com\/wp-content\/uploads\/2023\/11\/ChivaNuevoColegio2.jpg 1181w\" sizes=\"auto, (max-width: 1024px) 100vw, 1024px\" \/><\/figure>\n","protected":false},"excerpt":{"rendered":"<div class=\"mh-excerpt\">L&#8217;inici de les obres, retardat durant m\u00e9s de huit anys, es produir\u00e0 ara gr\u00e0cies a les gestions realitzades per l&#8217;actual equip de govern municipal que ha buscat f\u00f3rmules amb les quals desbloquejar una inversi\u00f3 que <a class=\"mh-excerpt-more\" href=\"https:\/\/tucomarca.whitekongsoftware.com\/ca\/la-conselleria-deducacio-iniciara-durant-2024-les-obres-de-construccio-del-nou-collegi-dr-corachan-gracies-a-lacord-aconseguit-amb-lajuntament-de-xiva\/\" title=\"La Conselleria d&#8217;Educaci\u00f3 iniciar\u00e0 durant 2024 les obres de construcci\u00f3 del nou col\u00b7legi Dr. Corach\u00e1n gr\u00e0cies a l&#8217;acord aconseguit amb l&#8217;Ajuntament de Xiva.\">[+] <\/a><\/div>\n","protected":false},"author":12,"featured_media":203470,"comment_status":"open","ping_status":"open","sticky":false,"template":"","format":"image","meta":{"footnotes":""},"categories":[10898,10948,10894,10912,10947,10896,10975],"tags":[11195,19912,10914],"class_list":["post-203472","post","type-post","status-publish","format-image","has-post-thumbnail","category-ventana-ca","category-infraestructuras-ca","category-la-comarca-ca","category-la-hoya-ca","category-politica","category-seccion-ca","category-chiva-ca","tag-chiva-ca","tag-colegio-dr-corachan-ca","tag-la-hoya-de-bunol-chiva-ca","post_format-post-format-image"],"_links":{"self":[{"href":"https:\/\/tucomarca.whitekongsoftware.com\/ca\/wp-json\/wp\/v2\/posts\/203472","targetHints":{"allow":["GET"]}}],"collection":[{"href":"https:\/\/tucomarca.whitekongsoftware.com\/ca\/wp-json\/wp\/v2\/posts"}],"about":[{"href":"https:\/\/tucomarca.whitekongsoftware.com\/ca\/wp-json\/wp\/v2\/types\/post"}],"author":[{"embeddable":true,"href":"https:\/\/tucomarca.whitekongsoftware.com\/ca\/wp-json\/wp\/v2\/users\/12"}],"replies":[{"embeddable":true,"href":"https:\/\/tucomarca.whitekongsoftware.com\/ca\/wp-json\/wp\/v2\/comments?post=203472"}],"version-history":[{"count":0,"href":"https:\/\/tucomarca.whitekongsoftware.com\/ca\/wp-json\/wp\/v2\/posts\/203472\/revisions"}],"wp:featuredmedia":[{"embeddable":true,"href":"https:\/\/tucomarca.whitekongsoftware.com\/ca\/wp-json\/wp\/v2\/media\/203470"}],"wp:attachment":[{"href":"https:\/\/tucomarca.whitekongsoftware.com\/ca\/wp-json\/wp\/v2\/media?parent=203472"}],"wp:term":[{"taxonomy":"category","embeddable":true,"href":"https:\/\/tucomarca.whitekongsoftware.com\/ca\/wp-json\/wp\/v2\/categories?post=203472"},{"taxonomy":"post_tag","embeddable":true,"href":"https:\/\/tucomarca.whitekongsoftware.com\/ca\/wp-json\/wp\/v2\/tags?post=203472"}],"curies":[{"name":"wp","href":"https:\/\/api.w.org\/{rel}","templated":true}]}}