{"id":203426,"date":"2023-11-22T20:00:00","date_gmt":"2023-11-22T19:00:00","guid":{"rendered":"https:\/\/www.tucomarca.com\/wordpress\/segunda\/?p=203426"},"modified":"2023-11-22T22:01:05","modified_gmt":"2023-11-22T21:01:05","slug":"el-circuit-ricardo-tormo-decidix-este-cap-de-setmana-el-titol-de-motogp","status":"publish","type":"post","link":"https:\/\/tucomarca.whitekongsoftware.com\/ca\/el-circuit-ricardo-tormo-decidix-este-cap-de-setmana-el-titol-de-motogp\/","title":{"rendered":"El Circuit Ricardo Tormo decidix este cap de setmana el t\u00edtol de MotoGP"},"content":{"rendered":"\n<h4 class=\"wp-block-heading\">El tra\u00e7at de Cheste ja ha coronat en 20 ocasions el campi\u00f3 del m\u00f3n, sis de les quals en la categoria de MotoGP<\/h4>\n\n\n\n<h4 class=\"wp-block-heading\">L&#8217;itali\u00e0 Francesco Bagnaia i el madrileny Jorge Mart\u00edn es juguen el t\u00edtol de MotoGP que es podria decidir este dissabte<\/h4>\n\n\n\n<p class=\"wp-block-paragraph\">El Circuit Ricardo Tormo celebra este cap de setmana el Gran Premi Motul de la Comunitat Valenciana, l\u2019\u00faltima cita del calendari m\u00e9s llarg de la hist\u00f2ria de MotoGP, amb el t\u00edtol de la categoria regna en joc.<\/p>\n\n\n\n<p class=\"wp-block-paragraph\">L\u2019itali\u00e0 Francesco Bagnaia (Ducati) \u00e9s el favorit per a al\u00e7ar-se amb el seu segon entorxat per davant del madrileny Jorge Mart\u00edn (Ducati), que haur\u00e0 de protagonitzar una gran remuntada per a optar al t\u00edtol.<\/p>\n\n\n\n<p class=\"wp-block-paragraph\">Des de 2002, el Circuit celebra l\u2019\u00faltima cita de la temporada i, des de llavors, en 15 ocasions, un o dos t\u00edtols s\u2019han decidit en el tra\u00e7at de Cheste. En total, 20 campionats de 125cc, 250cc, Moto3, Moto2 i MotoGP s\u2019han decidit en la pista valenciana.<\/p>\n\n\n\n<p class=\"wp-block-paragraph\">La categoria regna ha arribat amb la competici\u00f3 al l\u00edmit en sis ocasions, set si comptem la temporada present. En 2006, el malguanyat Nicky Hayden es va fer de manera sorprenent amb el t\u00edtol enfront de Valentino Rossi, que arribava com a l\u00edder a Val\u00e8ncia.<\/p>\n\n\n\n<p class=\"wp-block-paragraph\">En 2013, Marc M\u00e1rquez es convertia en el campi\u00f3 m\u00e9s jove de la hist\u00f2ria de MotoGP; en 2015, Jorge Lorenzo sumava un nou t\u00edtol doblegant Valentino Rossi, i, en 2017, Marc M\u00e1rquez repetia campionat amb una salvada hist\u00f2rica per davant de l\u2019itali\u00e0 Andrea Dovizioso.<\/p>\n\n\n\n<p class=\"wp-block-paragraph\">En la temporada 2020, Joan Mir aconseguia el t\u00edtol marcat per la pand\u00e8mia, i l\u2019any passat, Francesco Bagnaia confirmava el t\u00edtol que havia barallat durant tota la temporada enfront del franc\u00e9s Fabio Quartararo.<\/p>\n\n\n\n<p class=\"wp-block-paragraph\">Es dona la circumst\u00e0ncia que esta temporada es disputen dos proves puntuables de MotoGP: la carrera \u2018sprint\u2019 del dissabte podria donar ja un campi\u00f3 en el cas que Bagnaia aconseguira quatre punts m\u00e9s que el pilot de San Sebasti\u00e1n de los Reyes. Si l\u2019itali\u00e0 guanya la carrera i Mart\u00edn \u00e9s tercer, o pitjor, el t\u00edtol estar\u00e0 decidit.<\/p>\n\n\n\n<p class=\"wp-block-paragraph\"><strong>Moto2 i Moto3<\/strong><\/p>\n\n\n\n<p class=\"wp-block-paragraph\">La categoria interm\u00e8dia ha decidit la seua classificaci\u00f3 final a Cheste en sis ocasions, tres en 250cc i tres m\u00e9s en Moto2. El pilot de San Marino Manuel Poggiali, en 2003; Jorge Lorenzo, en 2006, i el japon\u00e9s Hiroshi Aoyama, en 2009, ho van fer en 250cc. Aix\u00ed mateix, Stefan Bradl en 2011, Remy Gardner en 2021 i Augusto Fernandez l\u2019any passat en Moto2.<\/p>\n\n\n\n<p class=\"wp-block-paragraph\">En la categoria xicoteta, fins a set ocasions s\u2019ha decidit la consecuci\u00f3 del t\u00edtol a Val\u00e8ncia. El franc\u00e9s Arnaud Vincent, el su\u00eds Tomas Luthi, l\u2019hongar\u00e9s Gabor Talmacsi, un joven\u00edssim Marc M\u00e1rquez i el valenci\u00e0 Nico Terol, en 125cc, aix\u00ed com Maverick Vi\u00f1ales, \u00c1lex M\u00e1rquez i Danny Kent en Moto3, van segellar els seus t\u00edtols al Circuit Ricardo Tormo.<\/p>\n\n\n\n<p class=\"wp-block-paragraph\">Els tres primers classificats de MotoGP; el campi\u00f3 de Moto2, Pedro Acosta, i el de Moto3, Jaume Masi\u00e0, seran coronats en la gala MotoGP Beats Lights Out al pavell\u00f3 de la Font de Sant Llu\u00eds el diumenge 26 de novembre, a les 20.00 hores, en un esdeveniment del qual estan a la venda les entrades i que inclou un concert d\u2019Ana Mena.<\/p>\n","protected":false},"excerpt":{"rendered":"<div class=\"mh-excerpt\">El tra\u00e7at de Cheste ja ha coronat en 20 ocasions el campi\u00f3 del m\u00f3n, sis de les quals en la categoria de MotoGP L&#8217;itali\u00e0 Francesco Bagnaia i el madrileny Jorge Mart\u00edn es juguen el t\u00edtol <a class=\"mh-excerpt-more\" href=\"https:\/\/tucomarca.whitekongsoftware.com\/ca\/el-circuit-ricardo-tormo-decidix-este-cap-de-setmana-el-titol-de-motogp\/\" title=\"El Circuit Ricardo Tormo decidix este cap de setmana el t\u00edtol de MotoGP\">[+] <\/a><\/div>\n","protected":false},"author":12,"featured_media":203425,"comment_status":"open","ping_status":"open","sticky":false,"template":"","format":"standard","meta":{"footnotes":""},"categories":[11003,10898,10894,10904,10912,11011,10896,10974],"tags":[11071,11412,11349,10914],"class_list":["post-203426","post","type-post","status-publish","format-standard","has-post-thumbnail","category-sports","category-ventana-ca","category-la-comarca-ca","category-sin-categorizar-ca","category-la-hoya-ca","category-motociclismo-ca","category-seccion-ca","category-cheste-ca","tag-cheste","tag-circuit-ricardo-tormo-ca","tag-gran-premio-de-la-comunitat-valenciana-ca","tag-la-hoya-de-bunol-chiva-ca"],"_links":{"self":[{"href":"https:\/\/tucomarca.whitekongsoftware.com\/ca\/wp-json\/wp\/v2\/posts\/203426","targetHints":{"allow":["GET"]}}],"collection":[{"href":"https:\/\/tucomarca.whitekongsoftware.com\/ca\/wp-json\/wp\/v2\/posts"}],"about":[{"href":"https:\/\/tucomarca.whitekongsoftware.com\/ca\/wp-json\/wp\/v2\/types\/post"}],"author":[{"embeddable":true,"href":"https:\/\/tucomarca.whitekongsoftware.com\/ca\/wp-json\/wp\/v2\/users\/12"}],"replies":[{"embeddable":true,"href":"https:\/\/tucomarca.whitekongsoftware.com\/ca\/wp-json\/wp\/v2\/comments?post=203426"}],"version-history":[{"count":0,"href":"https:\/\/tucomarca.whitekongsoftware.com\/ca\/wp-json\/wp\/v2\/posts\/203426\/revisions"}],"wp:featuredmedia":[{"embeddable":true,"href":"https:\/\/tucomarca.whitekongsoftware.com\/ca\/wp-json\/wp\/v2\/media\/203425"}],"wp:attachment":[{"href":"https:\/\/tucomarca.whitekongsoftware.com\/ca\/wp-json\/wp\/v2\/media?parent=203426"}],"wp:term":[{"taxonomy":"category","embeddable":true,"href":"https:\/\/tucomarca.whitekongsoftware.com\/ca\/wp-json\/wp\/v2\/categories?post=203426"},{"taxonomy":"post_tag","embeddable":true,"href":"https:\/\/tucomarca.whitekongsoftware.com\/ca\/wp-json\/wp\/v2\/tags?post=203426"}],"curies":[{"name":"wp","href":"https:\/\/api.w.org\/{rel}","templated":true}]}}