{"id":203417,"date":"2023-11-22T17:00:00","date_gmt":"2023-11-22T16:00:00","guid":{"rendered":"https:\/\/www.tucomarca.com\/wordpress\/segunda\/?p=203417"},"modified":"2023-11-22T19:21:53","modified_gmt":"2023-11-22T18:21:53","slug":"carlos-mazon-felicita-a-jaume-masia-per-portar-a-la-comunitat-valenciana-al-podi-mundial","status":"publish","type":"post","link":"https:\/\/tucomarca.whitekongsoftware.com\/ca\/carlos-mazon-felicita-a-jaume-masia-per-portar-a-la-comunitat-valenciana-al-podi-mundial\/","title":{"rendered":"Carlos Maz\u00f3n felicita a Jaume Masi\u00e0 per portar a la Comunitat Valenciana al podi mundial"},"content":{"rendered":"\n<h3 class=\"wp-block-heading\">Carlos Maz\u00f3n rep al pilot d&#8217;Algemes\u00ed campi\u00f3 del m\u00f3n de Moto 3, Jaume Masi\u00e0.<\/h3>\n\n\n\n<p class=\"wp-block-paragraph\">El president de la Generalitat, Carlos Maz\u00f3n, ha rebut Jaume Masi\u00e0, recentment proclamat campi\u00f3 del m\u00f3n de Moto 3, despr\u00e9s de la seua vict\u00f2ria en el Gran Premi de Qatar.<\/p>\n\n\n\n<p class=\"wp-block-paragraph\">El president, despr\u00e9s de felicitar Masi\u00e0 per portar la Comunitat Valenciana al podi mundial i per \u201cobsequiar-nos amb la seua valenciania\u201d, ha destacat que este cap de setmana \u201ccorrer\u00e0 ac\u00ed, al Circuit de Cheste, perqu\u00e8 el gaudim encara molt m\u00e9s\u201d.<\/p>\n\n\n\n<p class=\"wp-block-paragraph\">Per al president Carlos Maz\u00f3n, \u201c\u00e9s un honor rebre alg\u00fa que est\u00e0 fomentant l\u2019esport, que \u00e9s una refer\u00e8ncia per a molts j\u00f3vens en una modalitat esportiva que pot ser una de les m\u00e9s valencianes que hi ha. Un dels esports que m\u00e9s vol la Comunitat Valenciana\u201d.<\/p>\n\n\n\n<p class=\"wp-block-paragraph\">En este sentit, hi ha afegit que \u201chem de continuar treballant perqu\u00e8 les vocacions es continuen despertant\u201d i ha destacat \u201cel suport que s\u2019est\u00e0 donant des de l\u2019\u00e0rea d\u2019Esports al sector en general, i als nostres esports en particular, entre els quals destaca el motociclisme\u201d.<\/p>\n\n\n\n<p class=\"wp-block-paragraph\">Finalment, Maz\u00f3n ha transm\u00e9s a Jaume Masi\u00e0 l\u2019enhorabona i li ha donat la benvinguda, \u201ct\u00e9 tot el futur al davant i tot l\u2019orgull de la seua terra\u201d, hi ha afegit.<\/p>\n\n\n\n<p class=\"wp-block-paragraph\">Per la seua banda, el pilot d\u2019Algemes\u00ed ha regalat al president de la Generalitat un casc seu firmat. A la trobada ha assistit tamb\u00e9 el vicepresident primer i conseller de Cultura i Esport, Vicente Barrera.<\/p>\n\n\n\n<p class=\"wp-block-paragraph\">Masi\u00e0 \u00e9s el quint pilot valenci\u00e0 que guanya un t\u00edtol mundial de motociclisme.<\/p>\n\n\n\n<p class=\"wp-block-paragraph\">El pilot s\u2019unix a la llista de llegendes que va obrir Ricardo Tormo en 1978 i 1981, que va ampliar Jorge Mart\u00ednez Aspar amb quatre t\u00edtols en 1986, 1987 i 1988, este \u00faltim any en dos categories, i va continuar amb Manuel Champi Herreros, en 1989, i finalment Nico Terol, que va aconseguir l\u2019\u00faltim t\u00edtol de la hist\u00f2ria de 125 cc en 2011.<\/p>\n\n\n\n<figure class=\"wp-block-gallery has-nested-images columns-default is-cropped wp-block-gallery-1 is-layout-flex wp-block-gallery-is-layout-flex\">\n<figure class=\"wp-block-image size-large\"><img loading=\"lazy\" decoding=\"async\" width=\"1181\" height=\"788\" data-id=\"203407\" src=\"http:\/\/www.tucomarca.com\/wordpress\/segunda\/wp-content\/uploads\/2023\/11\/MazonMasia1.jpg\" alt=\"\" class=\"wp-image-203407\" srcset=\"https:\/\/tucomarca.whitekongsoftware.com\/wp-content\/uploads\/2023\/11\/MazonMasia1.jpg 1181w, https:\/\/tucomarca.whitekongsoftware.com\/wp-content\/uploads\/2023\/11\/MazonMasia1-300x200.jpg 300w, https:\/\/tucomarca.whitekongsoftware.com\/wp-content\/uploads\/2023\/11\/MazonMasia1-1024x683.jpg 1024w, https:\/\/tucomarca.whitekongsoftware.com\/wp-content\/uploads\/2023\/11\/MazonMasia1-768x512.jpg 768w\" sizes=\"auto, (max-width: 1181px) 100vw, 1181px\" \/><\/figure>\n\n\n\n<figure class=\"wp-block-image size-large\"><img loading=\"lazy\" decoding=\"async\" width=\"1181\" height=\"788\" data-id=\"203411\" src=\"http:\/\/www.tucomarca.com\/wordpress\/segunda\/wp-content\/uploads\/2023\/11\/MazonMasia3.jpg\" alt=\"\" class=\"wp-image-203411\" srcset=\"https:\/\/tucomarca.whitekongsoftware.com\/wp-content\/uploads\/2023\/11\/MazonMasia3.jpg 1181w, https:\/\/tucomarca.whitekongsoftware.com\/wp-content\/uploads\/2023\/11\/MazonMasia3-300x200.jpg 300w, https:\/\/tucomarca.whitekongsoftware.com\/wp-content\/uploads\/2023\/11\/MazonMasia3-1024x683.jpg 1024w, https:\/\/tucomarca.whitekongsoftware.com\/wp-content\/uploads\/2023\/11\/MazonMasia3-768x512.jpg 768w\" sizes=\"auto, (max-width: 1181px) 100vw, 1181px\" \/><\/figure>\n\n\n\n<figure class=\"wp-block-image size-large\"><img loading=\"lazy\" decoding=\"async\" width=\"1181\" height=\"788\" data-id=\"203413\" src=\"http:\/\/www.tucomarca.com\/wordpress\/segunda\/wp-content\/uploads\/2023\/11\/MazonMasia4.jpg\" alt=\"\" class=\"wp-image-203413\" srcset=\"https:\/\/tucomarca.whitekongsoftware.com\/wp-content\/uploads\/2023\/11\/MazonMasia4.jpg 1181w, https:\/\/tucomarca.whitekongsoftware.com\/wp-content\/uploads\/2023\/11\/MazonMasia4-300x200.jpg 300w, https:\/\/tucomarca.whitekongsoftware.com\/wp-content\/uploads\/2023\/11\/MazonMasia4-1024x683.jpg 1024w, https:\/\/tucomarca.whitekongsoftware.com\/wp-content\/uploads\/2023\/11\/MazonMasia4-768x512.jpg 768w\" sizes=\"auto, (max-width: 1181px) 100vw, 1181px\" \/><\/figure>\n\n\n\n<figure class=\"wp-block-image size-large\"><img loading=\"lazy\" decoding=\"async\" width=\"1181\" height=\"788\" data-id=\"203409\" src=\"http:\/\/www.tucomarca.com\/wordpress\/segunda\/wp-content\/uploads\/2023\/11\/MazonMasia2.jpg\" alt=\"\" class=\"wp-image-203409\" srcset=\"https:\/\/tucomarca.whitekongsoftware.com\/wp-content\/uploads\/2023\/11\/MazonMasia2.jpg 1181w, https:\/\/tucomarca.whitekongsoftware.com\/wp-content\/uploads\/2023\/11\/MazonMasia2-300x200.jpg 300w, https:\/\/tucomarca.whitekongsoftware.com\/wp-content\/uploads\/2023\/11\/MazonMasia2-1024x683.jpg 1024w, https:\/\/tucomarca.whitekongsoftware.com\/wp-content\/uploads\/2023\/11\/MazonMasia2-768x512.jpg 768w\" sizes=\"auto, (max-width: 1181px) 100vw, 1181px\" \/><\/figure>\n<\/figure>\n","protected":false},"excerpt":{"rendered":"<div class=\"mh-excerpt\">Carlos Maz\u00f3n rep al pilot d&#8217;Algemes\u00ed campi\u00f3 del m\u00f3n de Moto 3, Jaume Masi\u00e0. El president de la Generalitat, Carlos Maz\u00f3n, ha rebut Jaume Masi\u00e0, recentment proclamat campi\u00f3 del m\u00f3n de Moto 3, despr\u00e9s de <a class=\"mh-excerpt-more\" href=\"https:\/\/tucomarca.whitekongsoftware.com\/ca\/carlos-mazon-felicita-a-jaume-masia-per-portar-a-la-comunitat-valenciana-al-podi-mundial\/\" title=\"Carlos Maz\u00f3n felicita a Jaume Masi\u00e0 per portar a la Comunitat Valenciana al podi mundial\">[+] <\/a><\/div>\n","protected":false},"author":1,"featured_media":203414,"comment_status":"open","ping_status":"open","sticky":false,"template":"","format":"gallery","meta":{"footnotes":""},"categories":[10983,11003,10898,10894,10904,10902,11011,10947,10896],"tags":[11081,11074,11077],"class_list":["post-203417","post","type-post","status-publish","format-gallery","has-post-thumbnail","category-algemesi-ca","category-sports","category-ventana-ca","category-la-comarca-ca","category-sin-categorizar-ca","category-la-ribera-ca","category-motociclismo-ca","category-politica","category-seccion-ca","tag-algemesi-ca","tag-deportes-ca","tag-la-ribera-alta-ca","post_format-post-format-gallery"],"_links":{"self":[{"href":"https:\/\/tucomarca.whitekongsoftware.com\/ca\/wp-json\/wp\/v2\/posts\/203417","targetHints":{"allow":["GET"]}}],"collection":[{"href":"https:\/\/tucomarca.whitekongsoftware.com\/ca\/wp-json\/wp\/v2\/posts"}],"about":[{"href":"https:\/\/tucomarca.whitekongsoftware.com\/ca\/wp-json\/wp\/v2\/types\/post"}],"author":[{"embeddable":true,"href":"https:\/\/tucomarca.whitekongsoftware.com\/ca\/wp-json\/wp\/v2\/users\/1"}],"replies":[{"embeddable":true,"href":"https:\/\/tucomarca.whitekongsoftware.com\/ca\/wp-json\/wp\/v2\/comments?post=203417"}],"version-history":[{"count":0,"href":"https:\/\/tucomarca.whitekongsoftware.com\/ca\/wp-json\/wp\/v2\/posts\/203417\/revisions"}],"wp:featuredmedia":[{"embeddable":true,"href":"https:\/\/tucomarca.whitekongsoftware.com\/ca\/wp-json\/wp\/v2\/media\/203414"}],"wp:attachment":[{"href":"https:\/\/tucomarca.whitekongsoftware.com\/ca\/wp-json\/wp\/v2\/media?parent=203417"}],"wp:term":[{"taxonomy":"category","embeddable":true,"href":"https:\/\/tucomarca.whitekongsoftware.com\/ca\/wp-json\/wp\/v2\/categories?post=203417"},{"taxonomy":"post_tag","embeddable":true,"href":"https:\/\/tucomarca.whitekongsoftware.com\/ca\/wp-json\/wp\/v2\/tags?post=203417"}],"curies":[{"name":"wp","href":"https:\/\/api.w.org\/{rel}","templated":true}]}}