{"id":203319,"date":"2023-11-22T09:00:00","date_gmt":"2023-11-22T08:00:00","guid":{"rendered":"https:\/\/www.tucomarca.com\/wordpress\/segunda\/?p=203319"},"modified":"2023-11-22T18:47:02","modified_gmt":"2023-11-22T17:47:02","slug":"el-pp-de-leliana-aconsegueix-laprovacio-de-zones-verdes-en-montealegre-i-montepilar","status":"publish","type":"post","link":"https:\/\/tucomarca.whitekongsoftware.com\/ca\/el-pp-de-leliana-aconsegueix-laprovacio-de-zones-verdes-en-montealegre-i-montepilar\/","title":{"rendered":"El PP de l&#8217;Eliana aconsegueix l&#8217;aprovaci\u00f3 de zones verdes en Montealegre i Montepilar"},"content":{"rendered":"\n<h4 class=\"wp-block-heading\">Mar\u00eda Jos\u00e9 Marco (PP): &#8220;Cal acabar amb les discriminacions de les urbanitzacions&#8221;<\/h4>\n\n\n\n<p class=\"wp-block-paragraph\">El Partit Popular de l&#8217;Eliana, ha aconseguit tirar avant la seua proposta de crear parcs i zones verdes biosaludables a les Urbanitzacions de Montealegre i Montepilar,&nbsp;totes dues urbanitzacions manquen d&#8217;aquests espais per a \u00fas i gaudi dels ve\u00efns de la zona. Despr\u00e9s de diverses negociacions el Ple municipal l&#8217;ha aprovat per unanimitat a proposta del PP de l&#8217;Eliana.<\/p>\n\n\n\n<p class=\"wp-block-paragraph\">Per a Mar\u00eda Jos\u00e9 Marco, Portaveu del Grup Popular a l&#8217;Ajuntament, \u201c\u00e9s necessari i sobretot de vital import\u00e0ncia que els nostres ve\u00efns i ve\u00efnes puguen estar en contacte amb la naturalesa, la qual cosa afavoreix el nostre desenvolupament i en particular la dels nostres fills i filles. S\u00f3n molts els aspectes positius per a la inf\u00e0ncia l&#8217;estar en contacte amb la naturalesa, fomentant l&#8217;oci i l&#8217;activitat a l&#8217;aire lliure i sobretot la interacci\u00f3 social entre els usuaris. I \u00e9s per aix\u00f2 que aquests espais han de ser presents en tot el nostre municipi i a l&#8217;abast de tots, aconseguint que siguen espais verds saludables i de proximitat per al ve\u00ed.<br>Tot aix\u00f2 contribuir\u00e0 al fet que l&#8217;Eliana siga un municipi m\u00e9s sostenible i m\u00e9s amable per a tots els que el gaudim di\u00e0riament, afavorint tamb\u00e9&nbsp;la conviv\u00e8ncia dels nostres majors, que podran compaginar l&#8217;activitat f\u00edsica i l\u00fadica amb el descans a l&#8217;aire lliure.\u201d<\/p>\n\n\n\n<p class=\"wp-block-paragraph\">Per a dur a terme aquestes actuacions, el PP ha pactat l&#8217;elaboraci\u00f3 d&#8217;un pla amb el seu respectiu estudi econ\u00f2mic que esperem que possibilite m\u00e9s prompte que tard el desenvolupament d&#8217;aquests espais verds i d&#8217;esplai.<br>Segons Mar\u00eda Jos\u00e9 Marco, aquesta moci\u00f3 es presenta una vegada m\u00e9s \u201cper a atendre les demandes i reivindicacions ve\u00efnals&nbsp;rebudes tant per part de la Urbanitzaci\u00f3 Montepilar com de Montealegre, que han de despla\u00e7ar-se a altres zones del nostre poble o a municipis ve\u00efns, per a poder gaudir d&#8217;aquests espais dels quals la seua urbanitzaci\u00f3 no disposa fins a la data. Cal acabar amb les discriminacions que pateixen les urbanitzacions&nbsp;i aconseguir un tracte igual per a tots els ve\u00efns\u201d.<\/p>\n\n\n\n<p class=\"wp-block-paragraph\"><\/p>\n","protected":false},"excerpt":{"rendered":"<div class=\"mh-excerpt\">Mar\u00eda Jos\u00e9 Marco (PP): &#8220;Cal acabar amb les discriminacions de les urbanitzacions&#8221; El Partit Popular de l&#8217;Eliana, ha aconseguit tirar avant la seua proposta de crear parcs i zones verdes biosaludables a les Urbanitzacions de <a class=\"mh-excerpt-more\" href=\"https:\/\/tucomarca.whitekongsoftware.com\/ca\/el-pp-de-leliana-aconsegueix-laprovacio-de-zones-verdes-en-montealegre-i-montepilar\/\" title=\"El PP de l&#8217;Eliana aconsegueix l&#8217;aprovaci\u00f3 de zones verdes en Montealegre i Montepilar\">[+] <\/a><\/div>\n","protected":false},"author":12,"featured_media":128841,"comment_status":"open","ping_status":"open","sticky":false,"template":"","format":"standard","meta":{"footnotes":""},"categories":[10892,10948,10894,10893,10947,10896],"tags":[10395,10433,11581],"class_list":["post-203319","post","type-post","status-publish","format-standard","has-post-thumbnail","category-camp-de-turia-ca","category-infraestructuras-ca","category-la-comarca-ca","category-leliana-ca","category-politica","category-seccion-ca","tag-camp-de-turia","tag-leliana","tag-pp-de-leliana"],"_links":{"self":[{"href":"https:\/\/tucomarca.whitekongsoftware.com\/ca\/wp-json\/wp\/v2\/posts\/203319","targetHints":{"allow":["GET"]}}],"collection":[{"href":"https:\/\/tucomarca.whitekongsoftware.com\/ca\/wp-json\/wp\/v2\/posts"}],"about":[{"href":"https:\/\/tucomarca.whitekongsoftware.com\/ca\/wp-json\/wp\/v2\/types\/post"}],"author":[{"embeddable":true,"href":"https:\/\/tucomarca.whitekongsoftware.com\/ca\/wp-json\/wp\/v2\/users\/12"}],"replies":[{"embeddable":true,"href":"https:\/\/tucomarca.whitekongsoftware.com\/ca\/wp-json\/wp\/v2\/comments?post=203319"}],"version-history":[{"count":0,"href":"https:\/\/tucomarca.whitekongsoftware.com\/ca\/wp-json\/wp\/v2\/posts\/203319\/revisions"}],"wp:featuredmedia":[{"embeddable":true,"href":"https:\/\/tucomarca.whitekongsoftware.com\/ca\/wp-json\/wp\/v2\/media\/128841"}],"wp:attachment":[{"href":"https:\/\/tucomarca.whitekongsoftware.com\/ca\/wp-json\/wp\/v2\/media?parent=203319"}],"wp:term":[{"taxonomy":"category","embeddable":true,"href":"https:\/\/tucomarca.whitekongsoftware.com\/ca\/wp-json\/wp\/v2\/categories?post=203319"},{"taxonomy":"post_tag","embeddable":true,"href":"https:\/\/tucomarca.whitekongsoftware.com\/ca\/wp-json\/wp\/v2\/tags?post=203319"}],"curies":[{"name":"wp","href":"https:\/\/api.w.org\/{rel}","templated":true}]}}