{"id":203251,"date":"2023-11-21T19:00:00","date_gmt":"2023-11-21T18:00:00","guid":{"rendered":"https:\/\/www.tucomarca.com\/wordpress\/segunda\/?p=203251"},"modified":"2023-11-21T19:32:47","modified_gmt":"2023-11-21T18:32:47","slug":"salvem-farrajon-i-nadibu-es-pronuncien-en-defensa-de-lautonomia-municipal-per-a-determinar-la-ubicacio-de-les-plantes-fotovoltaiques-despres-dautoritzar-el-consell-una-a-bunyol","status":"publish","type":"post","link":"https:\/\/tucomarca.whitekongsoftware.com\/ca\/salvem-farrajon-i-nadibu-es-pronuncien-en-defensa-de-lautonomia-municipal-per-a-determinar-la-ubicacio-de-les-plantes-fotovoltaiques-despres-dautoritzar-el-consell-una-a-bunyol\/","title":{"rendered":"Salvem Farraj\u00f3n i Nadibu es pronuncien &#8220;en defensa de l&#8217;autonomia municipal&#8221; per a determinar la ubicaci\u00f3 de les plantes fotovoltaiques despr\u00e9s d&#8217;autoritzar el Consell una a Bunyol"},"content":{"rendered":"\n<p class=\"wp-block-paragraph\">&#8220;Ha sigut publicada la primera autoritzaci\u00f3 per a instal\u00b7lar la primera planta fotovoltaica en terme de Bunyol, m\u00e9s concretament en Farraj\u00f3n. Com sempre hem fet, seguirem defense el nostre territori i l&#8217;autonomia municipal per a determinar l&#8217;ordenaci\u00f3 del nostre territori&#8221;, tal com s&#8217;han pronunciat des de la plataforma eco-ve\u00efnal Salvem Farraj\u00f3n i Nadibu.<\/p>\n\n\n\n<p class=\"wp-block-paragraph\">&#8220;El passat 6 de novembre l&#8217;Ajuntament de Bunyol va rebre la notificaci\u00f3 de conselleria comunicant el vistiplau a la planta, considerant que Farraj\u00f3n no \u00e9s una zona especialment protegida. Eixa decisi\u00f3 va ser presa des dels despatxos sense tindre en compte les peculiaritats i caracter\u00edstiques del nostre entorn&#8221;, com han afegit des de les entitats ve\u00efnals.<\/p>\n\n\n\n<p class=\"wp-block-paragraph\">&#8220;Potser per als t\u00e8cnics de conselleria 6 hect\u00e0rees d&#8217;un municipi d&#8217;interior no s\u00f3n importants, per\u00f2 cal tindre en compte que Bunyol \u00e9s una foia i que el nostre terme municipal \u00e9s b\u00e0sicament muntanyenc i que eixes 6 hect\u00e0rees estan situades en una de les poques zones que es poden i que es dediquen a l&#8217;agricultura. Perqu\u00e8 el que assassinaran s\u00f3n ametlers, garroferas, oliveres, tarongers, etc\u00e8tera&#8221;.<\/p>\n\n\n\n<p class=\"wp-block-paragraph\">&#8220;Per\u00f2 a m\u00e9s de la riquesa paisatg\u00edstica de Farrajon, no han tingut en compte la riquesa d&#8217;aigua subterr\u00e0nies que no sols alimenten a Bunyol, sin\u00f3 que proveeix a altres pobles de la comarca. Podent arribar a ser perjudicial per a la salut de la comarca, ja que \u00e9s una aigua que s&#8217;utilitza per al consum hum\u00e0&#8221;, afigen.<\/p>\n\n\n\n<p class=\"wp-block-paragraph\">&#8220;Si alguna cosa t\u00e9 Bunyol \u00e9s s\u00f2l industrial devastat ecol\u00f2gicament i que malgrat els anys que est\u00e0 sense \u00fas segueix sense haver sigut restaurat. La nostra pregunta \u00e9s, les generacions futures veuran Farrajon restaurat? Com es pot restaurar arbres centenaris que han vist cr\u00e9ixer generaci\u00f3 rere generaci\u00f3 de bunyoleros?&#8221;.<\/p>\n\n\n\n<p class=\"wp-block-paragraph\">&#8220;Ho tornarem a repetir i a cridar una i mil vegades Farraj\u00f3n \u00e9s molt m\u00e9s que un territori en un mapa. Farrajon \u00e9s part de la vida de Bunyol i de molts Bu\u00f1oleros, Farrajon ha sigut font d&#8217;aliment quan aquest escassejava. Farraj\u00f3n \u00e9s punt de trobada de fam\u00edlies i d&#8217;amics, Farrajon \u00e9s un dels pulmons del nostre poble en el qual es practica diversos esports i activitats com la ca\u00e7a. Farraj\u00f3n no \u00e9s nom\u00e9s segona resid\u00e8ncia de moltes persones, \u00e9s l&#8217;h\u00e0bitat d&#8217;esp\u00e8cies protegides, com el mussol Real, que tots els matins ix a reivindicar el seu entorn i dret a viure en Farraj\u00f3n!&#8221;.<\/p>\n\n\n\n<p class=\"wp-block-paragraph\">&#8220;El que tenim clar \u00e9s que Farraj\u00f3n no \u00e9s un negoci ni moneda de canvi. Hi ha llocs m\u00e9s adequats per a instal\u00b7lar aquest tipus de negocis, sense necessitat de destrossar l&#8217;ecosistema. I que des de la Plataforma Salvem Farrajon, sempre defensarem les energies renovables que s&#8217;instal\u00b7len d&#8217;una forma racional i que siguen projectes que promoguen la just\u00edcia energ\u00e8tica i afavorisquen al nostre poble&#8221;.<\/p>\n\n\n\n<p class=\"wp-block-paragraph\">&#8220;Existeixen espais com les teulades i edificis p\u00fablics on es poden instal\u00b7lar. Les pedreres segueixen sense ser restaurades i es poden aprofitar per a la instal\u00b7laci\u00f3 de plaques, sense haver de talar ni un sol arbre. Els quals s\u00f3n font d&#8217;oxigen i netegen el nostre aire&#8221;.<\/p>\n\n\n\n<p class=\"wp-block-paragraph\">&#8220;A m\u00e9s, el nostre poble es troba en el proc\u00e9s de modificaci\u00f3 de les normes subsidi\u00e0ries. Considerem que fins que aquestes no estiguen aprovades, qualsevol decisi\u00f3 que s&#8217;adopte sobre aquest tema viola el dret que t\u00e9 qualsevol municipi a determinar el seu territori i el seu futur. Imposant-nos, encara que siga des d&#8217;una conselleria o el Govern central, aquest tipus d&#8217;aberracions que trenquen el nostre paisatge, la nostra forma de vida i que ens deixen sense poder de decisi\u00f3 com a poble, volem decidir quin Bunyol volem. Per aix\u00f2, sol\u00b7licitem el suport de tota la poblaci\u00f3 m\u00e9s que mai, segueix la batalla per la defensa del nostre territori i esgotarem totes les vies que estiguen al nostre abast&#8221;, han finalitzat des de Salvemos Farraj\u00f3n i Nadibu.<\/p>\n","protected":false},"excerpt":{"rendered":"<div class=\"mh-excerpt\">&#8220;Ha sigut publicada la primera autoritzaci\u00f3 per a instal\u00b7lar la primera planta fotovoltaica en terme de Bunyol, m\u00e9s concretament en Farraj\u00f3n. Com sempre hem fet, seguirem defense el nostre territori i l&#8217;autonomia municipal per a <a class=\"mh-excerpt-more\" href=\"https:\/\/tucomarca.whitekongsoftware.com\/ca\/salvem-farrajon-i-nadibu-es-pronuncien-en-defensa-de-lautonomia-municipal-per-a-determinar-la-ubicacio-de-les-plantes-fotovoltaiques-despres-dautoritzar-el-consell-una-a-bunyol\/\" title=\"Salvem Farraj\u00f3n i Nadibu es pronuncien &#8220;en defensa de l&#8217;autonomia municipal&#8221; per a determinar la ubicaci\u00f3 de les plantes fotovoltaiques despr\u00e9s d&#8217;autoritzar el Consell una a Bunyol\">[+] <\/a><\/div>\n","protected":false},"author":1,"featured_media":169985,"comment_status":"open","ping_status":"open","sticky":false,"template":"","format":"standard","meta":{"footnotes":""},"categories":[10911,10898,10948,10894,10904,10912,10903,10947,10896],"tags":[10913,10914],"class_list":["post-203251","post","type-post","status-publish","format-standard","has-post-thumbnail","category-bunol-ca","category-ventana-ca","category-infraestructuras-ca","category-la-comarca-ca","category-sin-categorizar-ca","category-la-hoya-ca","category-medio-ambiente-la-comarca-ca","category-politica","category-seccion-ca","tag-bunol-ca","tag-la-hoya-de-bunol-chiva-ca"],"_links":{"self":[{"href":"https:\/\/tucomarca.whitekongsoftware.com\/ca\/wp-json\/wp\/v2\/posts\/203251","targetHints":{"allow":["GET"]}}],"collection":[{"href":"https:\/\/tucomarca.whitekongsoftware.com\/ca\/wp-json\/wp\/v2\/posts"}],"about":[{"href":"https:\/\/tucomarca.whitekongsoftware.com\/ca\/wp-json\/wp\/v2\/types\/post"}],"author":[{"embeddable":true,"href":"https:\/\/tucomarca.whitekongsoftware.com\/ca\/wp-json\/wp\/v2\/users\/1"}],"replies":[{"embeddable":true,"href":"https:\/\/tucomarca.whitekongsoftware.com\/ca\/wp-json\/wp\/v2\/comments?post=203251"}],"version-history":[{"count":0,"href":"https:\/\/tucomarca.whitekongsoftware.com\/ca\/wp-json\/wp\/v2\/posts\/203251\/revisions"}],"wp:featuredmedia":[{"embeddable":true,"href":"https:\/\/tucomarca.whitekongsoftware.com\/ca\/wp-json\/wp\/v2\/media\/169985"}],"wp:attachment":[{"href":"https:\/\/tucomarca.whitekongsoftware.com\/ca\/wp-json\/wp\/v2\/media?parent=203251"}],"wp:term":[{"taxonomy":"category","embeddable":true,"href":"https:\/\/tucomarca.whitekongsoftware.com\/ca\/wp-json\/wp\/v2\/categories?post=203251"},{"taxonomy":"post_tag","embeddable":true,"href":"https:\/\/tucomarca.whitekongsoftware.com\/ca\/wp-json\/wp\/v2\/tags?post=203251"}],"curies":[{"name":"wp","href":"https:\/\/api.w.org\/{rel}","templated":true}]}}