{"id":203131,"date":"2023-11-20T09:45:00","date_gmt":"2023-11-20T08:45:00","guid":{"rendered":"https:\/\/www.tucomarca.com\/wordpress\/segunda\/?p=203131"},"modified":"2023-11-20T20:07:47","modified_gmt":"2023-11-20T19:07:47","slug":"fotogaleria-xest-presenta-la-temporada-2023-2024-de-les-seues-escoles-esportives","status":"publish","type":"post","link":"https:\/\/tucomarca.whitekongsoftware.com\/ca\/fotogaleria-xest-presenta-la-temporada-2023-2024-de-les-seues-escoles-esportives\/","title":{"rendered":"Fotogaler\u00eda: Xest presenta la temporada 2023-2024 de les seues escoles esportives"},"content":{"rendered":"\n<p class=\"wp-block-paragraph\">El teatre Liceu va acollir la presentaci\u00f3 de la temporada 2023-2024 de les Escoles esportives municipals de Xest, el divendres passat, 17 de novembre. Aquest acte reuneix cada any a tot l&#8217;alumnat de cadascuna de les disciplines oferides.<br>La gala, condu\u00efda per les alumnes de l&#8217;escola municipal de teatre Lara S\u00e1nchez Merino i Nadia Garc\u00eda Mirasol, va comen\u00e7ar amb un joc de llums i so i, despr\u00e9s d&#8217;ell, les presentadores van oferir unes paraules de benvinguda al p\u00fablic i van donar pas a un v\u00eddeo resumeixen de les activitats esportives realitzades en la passada temporada.<br>Discursos<br>Despr\u00e9s de la projecci\u00f3, el regidor d&#8217;Esports, Adri\u00e1n Tar\u00edn es va dirigir a l&#8217;alumnat per a posar en valor la labor de les monitores i els monitors de les escoles. \u201cA vosaltres, els formadors, us agra\u00efsc el vostre esfor\u00e7, perqu\u00e8 sou els responsables directes del dia a dia de les nostres escoles. Considere que hui dia soc el que soc majorit\u00e0riament gr\u00e0cies a l&#8217;esport; formadors com Paco Fortea o Carlos Cober\u00e1n van ser part\u00edcips directes de la meua devoci\u00f3; gr\u00e0cies a ells la meua formaci\u00f3 va continuar i hui puc ser ac\u00ed com a m\u00e0xim representant de l&#8217;esport al meu poble. Per aix\u00f2, hui sent la necessitat de retornar a l&#8217;esport, en concret a l&#8217;esport de Xest, tot el que ell a mi m&#8217;ha donat, i tracte d&#8217;animar a tot el personal de les escoles en el seu treball, perqu\u00e8 algun dia eixe esfor\u00e7 es veur\u00e0 recompensat, com m&#8217;est\u00e0 passant a mi, ja que no hi ha major satisfacci\u00f3 personal que veure que molts de vosaltres vau anar en el seu moment els meus alumnes, veure que el meu treball en el seu moment va valdre la pena. Segur que junts aconseguirem engrandir m\u00e9s si cap les nostres escoles\u201d, apuntava Tar\u00edn.<br>L&#8217;alcalde, Jos\u00e9 Morell, tamb\u00e9 es va dirigir la p\u00fablic, destacant la inversi\u00f3 municipal a les escoles esportives. \u201cUn any m\u00e9s vinc a aquest acte amb tot l&#8217;orgull com a alcalde que em produeix obrir la temporada d&#8217;unes escoles esportives que continuen sent un \u00e8xit un any m\u00e9s, i el certificau vosaltres, xiquets i xiquetes, que sumeu m\u00e9s de 600 inscrits. He de destacar que des de l&#8217;Ajuntament s&#8217;inverteixen cada any al voltant de 300.000 euros a les escoles esportives, una de les partides pressupost\u00e0ries m\u00e9s elevades. El comprom\u00eds de l&#8217;Ajuntament per les escoles \u00e9s cada dia major, un comprom\u00eds que es veu reflectit en les inversions que s&#8217;han anat anunciant en gales com aquesta i que s&#8217;han anat produint; la m\u00e9s recent ve de fa 48 hores, amb l&#8217;inici de les pistes de tenis\u201d, anunciava Morell.<br>Presentaci\u00f3 de les escoles<br>Despr\u00e9s dels parlaments va pujar a l&#8217;escenari l&#8217;alumnat de cadascuna de les disciplines per a fer-se la tradicional foto de grup. Els banderers, alumnes i alumnes de l&#8217;equip Querub\u00ed de futbol, van ser els primers a desfilar pel corredor central del Liceu, acompanyats pels seus monitors, Nacho Xirivella i Jorge Xirivella, i col\u00b7locant en l&#8217;escenari la bandera de les escoles. Despr\u00e9s d&#8217;ells van posar la resta de disciplines, fins a completar les modalitats esportives que s&#8217;ofereixen a Xest: futbol, danse party, escacs, gimn\u00e0stica r\u00edtmica, batuka, atletisme, ciclisme, b\u00e0squet, tenis, karate, escalada, orientaci\u00f3, p\u00e0del, patinatge, voleibol i salt de corda.<br>Finalment va ser cridat a l&#8217;escenari l&#8217;entrenador de porters i coordinador d&#8217;esdeveniments esportius, Francisco Fortea; la psic\u00f2loga dels equips de futbol, Eva Tello; la responsable de les xarxes socials dels equips de futbol, Lorena; els fisioterapeutes de l&#8217;escola de futbol, Noem\u00ed i Jovi; els coordinadors de l&#8217;escola de futbol, Ricardo Tamarit i Vicente Garc\u00eda; el coordinador de l&#8217;escola de b\u00e0squet, Eduardo Sanz; el coordinador de l&#8217;escola de tenis, Ador Parets; els conserges del pavell\u00f3, Jos\u00e9 Garc\u00eda i Sergio Exp\u00f3sito, i la coordinadora de les EDM, M\u00f3nica Verduch.<br>Com cada temporada, tamb\u00e9 es va dedicar un espai per a agrair p\u00fablicament el suport de les associacions i clubs de la localitat que participen de manera volunt\u00e0ria en diferents esdeveniments esportius: la Junta Local de l&#8217;Associaci\u00f3 Espanyola Contra el C\u00e0ncer, el Club de Frontenis, la Penya Xest Che, el Club d&#8217;Escacs, la Penya Taurina, el Club de B\u00e0squet de Xest, el Club Yoshitaka, el CD Xest, la Falla L&#8217;Alegria, la Falla Ind\u00fastria i Comer\u00e7, l&#8217;associaci\u00f3 ChesteFit, el Club d&#8217;Atletisme, el Club d&#8217;Escalada, el Moto club i el Club de Salt de Cordes. Aix\u00ed mateix, es va aplaudir el treball realitzat per Protecci\u00f3 Civil, la Brigada Municipal i la Policia Local en tots els actes realitzats.<\/p>\n\n\n\n<figure class=\"wp-block-gallery has-nested-images columns-1 is-cropped wp-block-gallery-1 is-layout-flex wp-block-gallery-is-layout-flex\">\n<figure class=\"wp-block-image size-large\"><img loading=\"lazy\" decoding=\"async\" width=\"886\" height=\"591\" data-id=\"203112\" src=\"http:\/\/www.tucomarca.com\/wordpress\/segunda\/wp-content\/uploads\/2023\/11\/ChesteEDM23-24_1.jpg\" alt=\"\" class=\"wp-image-203112\" srcset=\"https:\/\/tucomarca.whitekongsoftware.com\/wp-content\/uploads\/2023\/11\/ChesteEDM23-24_1.jpg 886w, https:\/\/tucomarca.whitekongsoftware.com\/wp-content\/uploads\/2023\/11\/ChesteEDM23-24_1-300x200.jpg 300w, https:\/\/tucomarca.whitekongsoftware.com\/wp-content\/uploads\/2023\/11\/ChesteEDM23-24_1-768x512.jpg 768w\" sizes=\"auto, (max-width: 886px) 100vw, 886px\" \/><\/figure>\n\n\n\n<figure class=\"wp-block-image size-large\"><img loading=\"lazy\" decoding=\"async\" width=\"1181\" height=\"787\" data-id=\"203116\" src=\"http:\/\/www.tucomarca.com\/wordpress\/segunda\/wp-content\/uploads\/2023\/11\/ChesteEDM23-24_3.jpg\" alt=\"\" class=\"wp-image-203116\" srcset=\"https:\/\/tucomarca.whitekongsoftware.com\/wp-content\/uploads\/2023\/11\/ChesteEDM23-24_3.jpg 1181w, https:\/\/tucomarca.whitekongsoftware.com\/wp-content\/uploads\/2023\/11\/ChesteEDM23-24_3-300x200.jpg 300w, https:\/\/tucomarca.whitekongsoftware.com\/wp-content\/uploads\/2023\/11\/ChesteEDM23-24_3-1024x682.jpg 1024w, https:\/\/tucomarca.whitekongsoftware.com\/wp-content\/uploads\/2023\/11\/ChesteEDM23-24_3-768x512.jpg 768w\" sizes=\"auto, (max-width: 1181px) 100vw, 1181px\" \/><\/figure>\n\n\n\n<figure class=\"wp-block-image size-large\"><img loading=\"lazy\" decoding=\"async\" width=\"1181\" height=\"787\" data-id=\"203118\" src=\"http:\/\/www.tucomarca.com\/wordpress\/segunda\/wp-content\/uploads\/2023\/11\/ChesteEDM23-24_4.jpg\" alt=\"\" class=\"wp-image-203118\" srcset=\"https:\/\/tucomarca.whitekongsoftware.com\/wp-content\/uploads\/2023\/11\/ChesteEDM23-24_4.jpg 1181w, https:\/\/tucomarca.whitekongsoftware.com\/wp-content\/uploads\/2023\/11\/ChesteEDM23-24_4-300x200.jpg 300w, https:\/\/tucomarca.whitekongsoftware.com\/wp-content\/uploads\/2023\/11\/ChesteEDM23-24_4-1024x682.jpg 1024w, https:\/\/tucomarca.whitekongsoftware.com\/wp-content\/uploads\/2023\/11\/ChesteEDM23-24_4-768x512.jpg 768w\" sizes=\"auto, (max-width: 1181px) 100vw, 1181px\" \/><\/figure>\n\n\n\n<figure class=\"wp-block-image size-large\"><img loading=\"lazy\" decoding=\"async\" width=\"1181\" height=\"787\" data-id=\"203120\" src=\"http:\/\/www.tucomarca.com\/wordpress\/segunda\/wp-content\/uploads\/2023\/11\/ChesteEDM23-24_5.jpg\" alt=\"\" class=\"wp-image-203120\" srcset=\"https:\/\/tucomarca.whitekongsoftware.com\/wp-content\/uploads\/2023\/11\/ChesteEDM23-24_5.jpg 1181w, https:\/\/tucomarca.whitekongsoftware.com\/wp-content\/uploads\/2023\/11\/ChesteEDM23-24_5-300x200.jpg 300w, https:\/\/tucomarca.whitekongsoftware.com\/wp-content\/uploads\/2023\/11\/ChesteEDM23-24_5-1024x682.jpg 1024w, https:\/\/tucomarca.whitekongsoftware.com\/wp-content\/uploads\/2023\/11\/ChesteEDM23-24_5-768x512.jpg 768w\" sizes=\"auto, (max-width: 1181px) 100vw, 1181px\" \/><\/figure>\n\n\n\n<figure class=\"wp-block-image size-large\"><img loading=\"lazy\" decoding=\"async\" width=\"886\" height=\"591\" data-id=\"203122\" src=\"http:\/\/www.tucomarca.com\/wordpress\/segunda\/wp-content\/uploads\/2023\/11\/ChesteEDM23-24_6.jpg\" alt=\"\" class=\"wp-image-203122\" srcset=\"https:\/\/tucomarca.whitekongsoftware.com\/wp-content\/uploads\/2023\/11\/ChesteEDM23-24_6.jpg 886w, https:\/\/tucomarca.whitekongsoftware.com\/wp-content\/uploads\/2023\/11\/ChesteEDM23-24_6-300x200.jpg 300w, https:\/\/tucomarca.whitekongsoftware.com\/wp-content\/uploads\/2023\/11\/ChesteEDM23-24_6-768x512.jpg 768w\" sizes=\"auto, (max-width: 886px) 100vw, 886px\" \/><\/figure>\n\n\n\n<figure class=\"wp-block-image size-large\"><img loading=\"lazy\" decoding=\"async\" width=\"886\" height=\"591\" data-id=\"203124\" src=\"http:\/\/www.tucomarca.com\/wordpress\/segunda\/wp-content\/uploads\/2023\/11\/ChesteEDM23-24_7.jpg\" alt=\"\" class=\"wp-image-203124\" srcset=\"https:\/\/tucomarca.whitekongsoftware.com\/wp-content\/uploads\/2023\/11\/ChesteEDM23-24_7.jpg 886w, https:\/\/tucomarca.whitekongsoftware.com\/wp-content\/uploads\/2023\/11\/ChesteEDM23-24_7-300x200.jpg 300w, https:\/\/tucomarca.whitekongsoftware.com\/wp-content\/uploads\/2023\/11\/ChesteEDM23-24_7-768x512.jpg 768w\" sizes=\"auto, (max-width: 886px) 100vw, 886px\" \/><\/figure>\n\n\n\n<figure class=\"wp-block-image size-large\"><img loading=\"lazy\" decoding=\"async\" width=\"886\" height=\"591\" data-id=\"203126\" src=\"http:\/\/www.tucomarca.com\/wordpress\/segunda\/wp-content\/uploads\/2023\/11\/ChesteEDM23-24_8.jpg\" alt=\"\" class=\"wp-image-203126\" srcset=\"https:\/\/tucomarca.whitekongsoftware.com\/wp-content\/uploads\/2023\/11\/ChesteEDM23-24_8.jpg 886w, https:\/\/tucomarca.whitekongsoftware.com\/wp-content\/uploads\/2023\/11\/ChesteEDM23-24_8-300x200.jpg 300w, https:\/\/tucomarca.whitekongsoftware.com\/wp-content\/uploads\/2023\/11\/ChesteEDM23-24_8-768x512.jpg 768w\" sizes=\"auto, (max-width: 886px) 100vw, 886px\" \/><\/figure>\n\n\n\n<figure class=\"wp-block-image size-large\"><img loading=\"lazy\" decoding=\"async\" width=\"886\" height=\"591\" data-id=\"203128\" src=\"http:\/\/www.tucomarca.com\/wordpress\/segunda\/wp-content\/uploads\/2023\/11\/ChesteEDM23-24_9.jpg\" alt=\"\" class=\"wp-image-203128\" srcset=\"https:\/\/tucomarca.whitekongsoftware.com\/wp-content\/uploads\/2023\/11\/ChesteEDM23-24_9.jpg 886w, https:\/\/tucomarca.whitekongsoftware.com\/wp-content\/uploads\/2023\/11\/ChesteEDM23-24_9-300x200.jpg 300w, https:\/\/tucomarca.whitekongsoftware.com\/wp-content\/uploads\/2023\/11\/ChesteEDM23-24_9-768x512.jpg 768w\" sizes=\"auto, (max-width: 886px) 100vw, 886px\" \/><\/figure>\n<\/figure>\n","protected":false},"excerpt":{"rendered":"<div class=\"mh-excerpt\">El teatre Liceu va acollir la presentaci\u00f3 de la temporada 2023-2024 de les Escoles esportives municipals de Xest, el divendres passat, 17 de novembre. Aquest acte reuneix cada any a tot l&#8217;alumnat de cadascuna de <a class=\"mh-excerpt-more\" href=\"https:\/\/tucomarca.whitekongsoftware.com\/ca\/fotogaleria-xest-presenta-la-temporada-2023-2024-de-les-seues-escoles-esportives\/\" title=\"Fotogaler\u00eda: Xest presenta la temporada 2023-2024 de les seues escoles esportives\">[+] <\/a><\/div>\n","protected":false},"author":12,"featured_media":203115,"comment_status":"open","ping_status":"open","sticky":false,"template":"","format":"gallery","meta":{"footnotes":""},"categories":[11003,10898,10894,10912,11009,10896,10974],"tags":[11071,11981,12719,10914],"class_list":["post-203131","post","type-post","status-publish","format-gallery","has-post-thumbnail","category-sports","category-ventana-ca","category-la-comarca-ca","category-la-hoya-ca","category-polideportivo-ca","category-seccion-ca","category-cheste-ca","tag-cheste","tag-edm-de-cheste-ca","tag-escuelas-deportivas-municipales-cheste-ca","tag-la-hoya-de-bunol-chiva-ca","post_format-post-format-gallery"],"_links":{"self":[{"href":"https:\/\/tucomarca.whitekongsoftware.com\/ca\/wp-json\/wp\/v2\/posts\/203131","targetHints":{"allow":["GET"]}}],"collection":[{"href":"https:\/\/tucomarca.whitekongsoftware.com\/ca\/wp-json\/wp\/v2\/posts"}],"about":[{"href":"https:\/\/tucomarca.whitekongsoftware.com\/ca\/wp-json\/wp\/v2\/types\/post"}],"author":[{"embeddable":true,"href":"https:\/\/tucomarca.whitekongsoftware.com\/ca\/wp-json\/wp\/v2\/users\/12"}],"replies":[{"embeddable":true,"href":"https:\/\/tucomarca.whitekongsoftware.com\/ca\/wp-json\/wp\/v2\/comments?post=203131"}],"version-history":[{"count":0,"href":"https:\/\/tucomarca.whitekongsoftware.com\/ca\/wp-json\/wp\/v2\/posts\/203131\/revisions"}],"wp:featuredmedia":[{"embeddable":true,"href":"https:\/\/tucomarca.whitekongsoftware.com\/ca\/wp-json\/wp\/v2\/media\/203115"}],"wp:attachment":[{"href":"https:\/\/tucomarca.whitekongsoftware.com\/ca\/wp-json\/wp\/v2\/media?parent=203131"}],"wp:term":[{"taxonomy":"category","embeddable":true,"href":"https:\/\/tucomarca.whitekongsoftware.com\/ca\/wp-json\/wp\/v2\/categories?post=203131"},{"taxonomy":"post_tag","embeddable":true,"href":"https:\/\/tucomarca.whitekongsoftware.com\/ca\/wp-json\/wp\/v2\/tags?post=203131"}],"curies":[{"name":"wp","href":"https:\/\/api.w.org\/{rel}","templated":true}]}}