{"id":203075,"date":"2023-11-19T12:00:00","date_gmt":"2023-11-19T11:00:00","guid":{"rendered":"https:\/\/www.tucomarca.com\/wordpress\/segunda\/?p=203075"},"modified":"2023-11-20T19:44:29","modified_gmt":"2023-11-20T18:44:29","slug":"la-diputacio-de-valencia-atorga-el-reconeixement-de-la-cultura-2023-al-municipi-dalpuente-i-al-seu-museu-etnologic","status":"publish","type":"post","link":"https:\/\/tucomarca.whitekongsoftware.com\/ca\/la-diputacio-de-valencia-atorga-el-reconeixement-de-la-cultura-2023-al-municipi-dalpuente-i-al-seu-museu-etnologic\/","title":{"rendered":"La Diputaci\u00f3 de Val\u00e8ncia atorga el \u2018Reconeixement de la cultura 2023\u2019 al municipi d\u2019Alpuente i al seu Museu Etnol\u00f2gic"},"content":{"rendered":"\n<h4 class=\"wp-block-heading\">L&#8217;\u00e0rea de Cultura de la corporaci\u00f3 provincial reconeix la implicaci\u00f3 del municipi en la investigaci\u00f3 i recuperaci\u00f3 del patrimoni etnol\u00f2gic de la comarca aix\u00ed com el seu treball de divulgaci\u00f3 del seu patrimoni a trav\u00e9s del seu museu etnol\u00f2gic<\/h4>\n\n\n\n<p class=\"wp-block-paragraph\">L&#8217;\u00c0rea de Cultura de la Diputaci\u00f3 de Val\u00e8ncia, a trav\u00e9s de L\u2019ETNO, Museu Valenci\u00e0 d&#8217;Etnologia, ha atorgat el premi \u2018Reconeixement de la cultura 2023\u2019 al municipi i museu municipal d&#8217;Alpuente pel seu treball en la divulgaci\u00f3 del patrimoni etnol\u00f2gic.<\/p>\n\n\n\n<p class=\"wp-block-paragraph\">El diputat de Cultura, Paco Teruel, que ha sigut l&#8217;encarregat d&#8217;entregar el premi en un acte celebrat a l&#8217;ajuntament, ha assenyalat que \u201cAlpuente ha mostrat el seu comprom\u00eds amb el patrimoni hist\u00f2ric, i esta especial preocupaci\u00f3 pel patrimoni cultural tamb\u00e9 s&#8217;observa en el patrimoni etnol\u00f2gic, convertint-lo en mereixedor d&#8217;esta distinci\u00f3\u201d.<\/p>\n\n\n\n<p class=\"wp-block-paragraph\">Per part seua, l&#8217;alcaldessa d&#8217;Alpuente, Itziar M\u00e9ndez, ha assenyalat que este reconeixement \u00e9s \u201cper a tots els ve\u00efns que han sabut conservar i divulgar tot all\u00f2 que els identifica\u201d. En este sentit, ha apuntat que \u201cno es tracta de preservar i congelar peces en un espai, sin\u00f3 el que ens pot ensenyar i inspirar per al nostre present i futur\u201d.<\/p>\n\n\n\n<p class=\"wp-block-paragraph\">Amb este reconeixement, L\u2019ETNO&nbsp;destaca la longeva i s\u00f2lida implicaci\u00f3 del municipi en la investigaci\u00f3 i recuperaci\u00f3 del patrimoni etnol\u00f2gic de la comarca, i \u00e9s que una part important de la col\u00b7lecci\u00f3 atresorada va ser documentada i recuperada des d&#8217;este municipi. Este treball continua realitzant-se en l&#8217;actualitat a trav\u00e9s d&#8217;un projecte d&#8217;investigaci\u00f3 en La Torre, aldea d\u2019Alpuente.<\/p>\n\n\n\n<p class=\"wp-block-paragraph\">Aix\u00ed mateix, Alpuente ha divulgat en els \u00faltims anys el seu patrimoni a trav\u00e9s de la renovaci\u00f3 del seu museu etnol\u00f2gic, situat en un antic forn medieval del segle XIV, en col\u00b7laboraci\u00f3 amb L\u2019ETNO, i ha fet part\u00edcips als ve\u00efns i ve\u00efnes del municipi d\u2019este proc\u00e9s de renovaci\u00f3 a trav\u00e9s d&#8217;aportacions de materials aix\u00ed com en l&#8217;elaboraci\u00f3 de continguts. Este treball culminar\u00e0 amb l&#8217;edici\u00f3 del cat\u00e0leg de patrimoni etnol\u00f2gic del museu.<\/p>\n\n\n\n<p class=\"wp-block-paragraph\">Esta labor no se cenyeix \u00fanicament al museu. El municipi fa un gran treball cultural de conservaci\u00f3 del patrimoni documental i gr\u00e0fic que s&#8217;acompanya amb l&#8217;organitzaci\u00f3, amb car\u00e0cter anual, de les Jornades Etnol\u00f2giques, en les quals participa ve\u00efnat del municipi, i que tenen per objectiu mostrar, de manera l\u00fadica, les formes de vida tradicionals d&#8217;esta vila.<\/p>\n\n\n\n<p class=\"wp-block-paragraph\">D&#8217;altra banda, Alpuente ha sigut pioner en la difusi\u00f3 del patrimoni paleontol\u00f2gic valenci\u00e0. L&#8217;ajuntament va crear un museu paleontol\u00f2gic i incentiva els projectes d&#8217;investigaci\u00f3 i restauraci\u00f3 en este camp.<\/p>\n\n\n\n<p class=\"wp-block-paragraph\"><\/p>\n","protected":false},"excerpt":{"rendered":"<div class=\"mh-excerpt\">L&#8217;\u00e0rea de Cultura de la corporaci\u00f3 provincial reconeix la implicaci\u00f3 del municipi en la investigaci\u00f3 i recuperaci\u00f3 del patrimoni etnol\u00f2gic de la comarca aix\u00ed com el seu treball de divulgaci\u00f3 del seu patrimoni a trav\u00e9s <a class=\"mh-excerpt-more\" href=\"https:\/\/tucomarca.whitekongsoftware.com\/ca\/la-diputacio-de-valencia-atorga-el-reconeixement-de-la-cultura-2023-al-municipi-dalpuente-i-al-seu-museu-etnologic\/\" title=\"La Diputaci\u00f3 de Val\u00e8ncia atorga el \u2018Reconeixement de la cultura 2023\u2019 al municipi d\u2019Alpuente i al seu Museu Etnol\u00f2gic\">[+] <\/a><\/div>\n","protected":false},"author":12,"featured_media":203074,"comment_status":"open","ping_status":"open","sticky":false,"template":"","format":"standard","meta":{"footnotes":""},"categories":[11044,11046,10898,10894,11007,10947,10896],"tags":[11246,11928,11080],"class_list":["post-203075","post","type-post","status-publish","format-standard","has-post-thumbnail","category-alpuente-ca","category-los-serranos-ca","category-ventana-ca","category-la-comarca-ca","category-ocio-y-cultura-ca","category-politica","category-seccion-ca","tag-diputacio-de-valencia-ca","tag-la-serrania-ca","tag-los-serranos-ca"],"_links":{"self":[{"href":"https:\/\/tucomarca.whitekongsoftware.com\/ca\/wp-json\/wp\/v2\/posts\/203075","targetHints":{"allow":["GET"]}}],"collection":[{"href":"https:\/\/tucomarca.whitekongsoftware.com\/ca\/wp-json\/wp\/v2\/posts"}],"about":[{"href":"https:\/\/tucomarca.whitekongsoftware.com\/ca\/wp-json\/wp\/v2\/types\/post"}],"author":[{"embeddable":true,"href":"https:\/\/tucomarca.whitekongsoftware.com\/ca\/wp-json\/wp\/v2\/users\/12"}],"replies":[{"embeddable":true,"href":"https:\/\/tucomarca.whitekongsoftware.com\/ca\/wp-json\/wp\/v2\/comments?post=203075"}],"version-history":[{"count":0,"href":"https:\/\/tucomarca.whitekongsoftware.com\/ca\/wp-json\/wp\/v2\/posts\/203075\/revisions"}],"wp:featuredmedia":[{"embeddable":true,"href":"https:\/\/tucomarca.whitekongsoftware.com\/ca\/wp-json\/wp\/v2\/media\/203074"}],"wp:attachment":[{"href":"https:\/\/tucomarca.whitekongsoftware.com\/ca\/wp-json\/wp\/v2\/media?parent=203075"}],"wp:term":[{"taxonomy":"category","embeddable":true,"href":"https:\/\/tucomarca.whitekongsoftware.com\/ca\/wp-json\/wp\/v2\/categories?post=203075"},{"taxonomy":"post_tag","embeddable":true,"href":"https:\/\/tucomarca.whitekongsoftware.com\/ca\/wp-json\/wp\/v2\/tags?post=203075"}],"curies":[{"name":"wp","href":"https:\/\/api.w.org\/{rel}","templated":true}]}}