{"id":203069,"date":"2023-11-20T09:30:00","date_gmt":"2023-11-20T08:30:00","guid":{"rendered":"https:\/\/www.tucomarca.com\/wordpress\/segunda\/?p=203069"},"modified":"2023-11-20T20:15:21","modified_gmt":"2023-11-20T19:15:21","slug":"la-banda-juvenil-de-la-societat-musical-lartistica-de-xiva-celebra-santa-cecilia","status":"publish","type":"post","link":"https:\/\/tucomarca.whitekongsoftware.com\/ca\/la-banda-juvenil-de-la-societat-musical-lartistica-de-xiva-celebra-santa-cecilia\/","title":{"rendered":"La Banda Juvenil de la Societat Musical \u201cL&#8217;Art\u00edstica&#8221; de Xiva celebra Santa Cecilia"},"content":{"rendered":"\n<p class=\"wp-block-paragraph\">La Banda Juvenil de la Societat Musical \u201cL&#8217;Art\u00edstica de Xiva\u201d, va celebrar aquest passat diumenge, dia 19 d&#8217;aquest mes de novembre, la seua particular celebraci\u00f3 de la festivitat de Santa Cecilia amb un extraordinari concert. Dirigits pel seu director Vicente Reche Ruiz van interpretar obres de J. Aparicio Peir\u00f3. P. Sparke. John Edmondson. R. W. Smith. Klaus Badelt i Oscar Navarro. Per\u00f2 el m\u00e9s important va ser la incorporaci\u00f3 a la Banda Juvenil de quatre joves m\u00fasics, (4 xiques i 1 xic) que van passar de la banda escolar a aquesta juvenil.<\/p>\n\n\n\n<p class=\"wp-block-paragraph\">Per a ells ha sigut un dia molt especial perqu\u00e8 suposa l&#8217;haver aconseguit una de les seues metes. Suposa que l&#8217;esfor\u00e7 en l&#8217;estudi de solfeig i instrument va sent recompensat, i encara que formar part de la Banda Juvenil \u00e9s m\u00e9s responsabilitat, m\u00e9s assajos, etc., s\u00f3n conscients de l&#8217;important canvi que aix\u00f2 significa.<\/p>\n\n\n\n<p class=\"wp-block-paragraph\">Al mat\u00ed estan nerviosos esperant que la Banda Juvenil amb el seu Director al capdavant, President de la Societat, membres de la Directiva i amics passen a recollir-los. Posar-se davant de tots ells i en cercavila per la poblaci\u00f3 anar fins a la Casa de la M\u00fasica, on s\u00f3n rebuts amb l&#8217;aplaudiment de tots els congregats per a assistir al concert. Ja amb tots els que seran els seus nous companys en l&#8217;escenari, esperen a ser anomenats per a rec\u00f3rrer el corredor de la sala d&#8217;audicions, amb una mica de vergonya en ser observats i novament aplaudits, pujar a l&#8217;escenari on li espera el President de la Societat i el seu professor d&#8217;instrument que li far\u00e0 lliurament oficial d&#8217;aquest, i despr\u00e9s de les fotos de rigor passar a ocupar el seu lloc en la Banda juvenil.<\/p>\n\n\n\n<p class=\"wp-block-paragraph\">Per a Beatriz, Carmen, Daniel i Mayra aquest ha sigut un dia especial que possiblement recordaran amb molt d&#8217;afecte i se sentiran molt orgullosos d&#8217;ell, perqu\u00e8 tot els ha fet sentir-se la persona m\u00e9s important de la m\u00fasica a Xiva.<\/p>\n\n\n\n<p class=\"wp-block-paragraph\"><\/p>\n","protected":false},"excerpt":{"rendered":"<div class=\"mh-excerpt\">La Banda Juvenil de la Societat Musical \u201cL&#8217;Art\u00edstica de Xiva\u201d, va celebrar aquest passat diumenge, dia 19 d&#8217;aquest mes de novembre, la seua particular celebraci\u00f3 de la festivitat de Santa Cecilia amb un extraordinari concert. <a class=\"mh-excerpt-more\" href=\"https:\/\/tucomarca.whitekongsoftware.com\/ca\/la-banda-juvenil-de-la-societat-musical-lartistica-de-xiva-celebra-santa-cecilia\/\" title=\"La Banda Juvenil de la Societat Musical \u201cL&#8217;Art\u00edstica&#8221; de Xiva celebra Santa Cecilia\">[+] <\/a><\/div>\n","protected":false},"author":12,"featured_media":203068,"comment_status":"open","ping_status":"open","sticky":false,"template":"","format":"standard","meta":{"footnotes":""},"categories":[11005,10894,10912,11007,10896,10975],"tags":[17002,10914,13054,14188],"class_list":["post-203069","post","type-post","status-publish","format-standard","has-post-thumbnail","category-canal-musica","category-la-comarca-ca","category-la-hoya-ca","category-ocio-y-cultura-ca","category-seccion-ca","category-chiva-ca","tag-banda-juvenil-ca","tag-la-hoya-de-bunol-chiva-ca","tag-santa-cecilia-ca","tag-sm-la-artistica-de-chiva-2-ca"],"_links":{"self":[{"href":"https:\/\/tucomarca.whitekongsoftware.com\/ca\/wp-json\/wp\/v2\/posts\/203069","targetHints":{"allow":["GET"]}}],"collection":[{"href":"https:\/\/tucomarca.whitekongsoftware.com\/ca\/wp-json\/wp\/v2\/posts"}],"about":[{"href":"https:\/\/tucomarca.whitekongsoftware.com\/ca\/wp-json\/wp\/v2\/types\/post"}],"author":[{"embeddable":true,"href":"https:\/\/tucomarca.whitekongsoftware.com\/ca\/wp-json\/wp\/v2\/users\/12"}],"replies":[{"embeddable":true,"href":"https:\/\/tucomarca.whitekongsoftware.com\/ca\/wp-json\/wp\/v2\/comments?post=203069"}],"version-history":[{"count":0,"href":"https:\/\/tucomarca.whitekongsoftware.com\/ca\/wp-json\/wp\/v2\/posts\/203069\/revisions"}],"wp:featuredmedia":[{"embeddable":true,"href":"https:\/\/tucomarca.whitekongsoftware.com\/ca\/wp-json\/wp\/v2\/media\/203068"}],"wp:attachment":[{"href":"https:\/\/tucomarca.whitekongsoftware.com\/ca\/wp-json\/wp\/v2\/media?parent=203069"}],"wp:term":[{"taxonomy":"category","embeddable":true,"href":"https:\/\/tucomarca.whitekongsoftware.com\/ca\/wp-json\/wp\/v2\/categories?post=203069"},{"taxonomy":"post_tag","embeddable":true,"href":"https:\/\/tucomarca.whitekongsoftware.com\/ca\/wp-json\/wp\/v2\/tags?post=203069"}],"curies":[{"name":"wp","href":"https:\/\/api.w.org\/{rel}","templated":true}]}}