{"id":203021,"date":"2023-11-17T09:30:00","date_gmt":"2023-11-17T08:30:00","guid":{"rendered":"https:\/\/www.tucomarca.com\/wordpress\/segunda\/?p=203021"},"modified":"2023-11-17T18:30:38","modified_gmt":"2023-11-17T17:30:38","slug":"requena-proclamara-aquest-dissabte-a-les-seues-padrines-de-la-musica","status":"publish","type":"post","link":"https:\/\/tucomarca.whitekongsoftware.com\/ca\/requena-proclamara-aquest-dissabte-a-les-seues-padrines-de-la-musica\/","title":{"rendered":"Requena proclamar\u00e0 aquest dissabte a les seues Padrines de la M\u00fasica"},"content":{"rendered":"\n<p class=\"wp-block-paragraph\">El Teatre Principal de Requena acollir\u00e0 dem\u00e0 dissabte, 18 de novembre, a les 19,00 hores, l&#8217;acte de proclamaci\u00f3 de les Padrines de la M\u00fasica 2023-2024 de la Societat Musical Santa Cecilia, que enguany est\u00e0 representada per: Sofia Argil\u00e9s, Irene Pardo i \u00c9rika Sandemetrio.&nbsp;<\/p>\n\n\n\n<p class=\"wp-block-paragraph\">Per a finalitzar l&#8217;acte hi haur\u00e0 tamb\u00e9 un concert de la Big bang Jazz Ensemble. Informa,&nbsp;<strong>Luis Ib\u00e1\u00f1ez.<\/strong><\/p>\n\n\n\n<figure class=\"wp-block-image size-large\"><img loading=\"lazy\" decoding=\"async\" width=\"724\" height=\"1024\" src=\"http:\/\/www.tucomarca.com\/wordpress\/segunda\/wp-content\/uploads\/2023\/11\/MadrinaMusicaRequena-724x1024.jpg\" alt=\"\" class=\"wp-image-203013\" srcset=\"https:\/\/tucomarca.whitekongsoftware.com\/wp-content\/uploads\/2023\/11\/MadrinaMusicaRequena-724x1024.jpg 724w, https:\/\/tucomarca.whitekongsoftware.com\/wp-content\/uploads\/2023\/11\/MadrinaMusicaRequena-212x300.jpg 212w, https:\/\/tucomarca.whitekongsoftware.com\/wp-content\/uploads\/2023\/11\/MadrinaMusicaRequena-768x1086.jpg 768w, https:\/\/tucomarca.whitekongsoftware.com\/wp-content\/uploads\/2023\/11\/MadrinaMusicaRequena.jpg 886w\" sizes=\"auto, (max-width: 724px) 100vw, 724px\" \/><\/figure>\n","protected":false},"excerpt":{"rendered":"<div class=\"mh-excerpt\">El Teatre Principal de Requena acollir\u00e0 dem\u00e0 dissabte, 18 de novembre, a les 19,00 hores, l&#8217;acte de proclamaci\u00f3 de les Padrines de la M\u00fasica 2023-2024 de la Societat Musical Santa Cecilia, que enguany est\u00e0 representada <a class=\"mh-excerpt-more\" href=\"https:\/\/tucomarca.whitekongsoftware.com\/ca\/requena-proclamara-aquest-dissabte-a-les-seues-padrines-de-la-musica\/\" title=\"Requena proclamar\u00e0 aquest dissabte a les seues Padrines de la M\u00fasica\">[+] <\/a><\/div>\n","protected":false},"author":12,"featured_media":203014,"comment_status":"open","ping_status":"open","sticky":false,"template":"","format":"standard","meta":{"footnotes":""},"categories":[11019,10894,11007,10908,10909,10896],"tags":[11099,10910],"class_list":["post-203021","post","type-post","status-publish","format-standard","has-post-thumbnail","category-agenda-ca","category-la-comarca-ca","category-ocio-y-cultura-ca","category-requena-ca","category-requena-utiel-ca","category-seccion-ca","tag-requena-ca","tag-requena-utiel-ca"],"_links":{"self":[{"href":"https:\/\/tucomarca.whitekongsoftware.com\/ca\/wp-json\/wp\/v2\/posts\/203021","targetHints":{"allow":["GET"]}}],"collection":[{"href":"https:\/\/tucomarca.whitekongsoftware.com\/ca\/wp-json\/wp\/v2\/posts"}],"about":[{"href":"https:\/\/tucomarca.whitekongsoftware.com\/ca\/wp-json\/wp\/v2\/types\/post"}],"author":[{"embeddable":true,"href":"https:\/\/tucomarca.whitekongsoftware.com\/ca\/wp-json\/wp\/v2\/users\/12"}],"replies":[{"embeddable":true,"href":"https:\/\/tucomarca.whitekongsoftware.com\/ca\/wp-json\/wp\/v2\/comments?post=203021"}],"version-history":[{"count":0,"href":"https:\/\/tucomarca.whitekongsoftware.com\/ca\/wp-json\/wp\/v2\/posts\/203021\/revisions"}],"wp:featuredmedia":[{"embeddable":true,"href":"https:\/\/tucomarca.whitekongsoftware.com\/ca\/wp-json\/wp\/v2\/media\/203014"}],"wp:attachment":[{"href":"https:\/\/tucomarca.whitekongsoftware.com\/ca\/wp-json\/wp\/v2\/media?parent=203021"}],"wp:term":[{"taxonomy":"category","embeddable":true,"href":"https:\/\/tucomarca.whitekongsoftware.com\/ca\/wp-json\/wp\/v2\/categories?post=203021"},{"taxonomy":"post_tag","embeddable":true,"href":"https:\/\/tucomarca.whitekongsoftware.com\/ca\/wp-json\/wp\/v2\/tags?post=203021"}],"curies":[{"name":"wp","href":"https:\/\/api.w.org\/{rel}","templated":true}]}}