{"id":203004,"date":"2023-11-17T08:08:00","date_gmt":"2023-11-17T07:08:00","guid":{"rendered":"https:\/\/www.tucomarca.com\/wordpress\/segunda\/?p=203004"},"modified":"2023-11-17T19:04:43","modified_gmt":"2023-11-17T18:04:43","slug":"la-mancomunitat-de-la-canal-de-navarres-impulsa-amb-la-diputacio-i-turisme-cv-el-desenvolupament-del-pla-de-dinamitzacio-i-governanca-turistica","status":"publish","type":"post","link":"https:\/\/tucomarca.whitekongsoftware.com\/ca\/la-mancomunitat-de-la-canal-de-navarres-impulsa-amb-la-diputacio-i-turisme-cv-el-desenvolupament-del-pla-de-dinamitzacio-i-governanca-turistica\/","title":{"rendered":"La Mancomunitat de La Canal de Navarr\u00e9s impulsa amb la Diputaci\u00f3 i Turisme CV el desenvolupament del Pla de Dinamitzaci\u00f3 i Governan\u00e7a Tur\u00edstica"},"content":{"rendered":"\n<h4 class=\"wp-block-heading\">La signatura d&#8217;aquest Conveni t\u00e9 per objecte la innovaci\u00f3, el foment i la consolidaci\u00f3 dels productes tur\u00edstics de La Canal de Navarr\u00e9s.<\/h4>\n\n\n\n<p class=\"wp-block-paragraph\">EL Resultat de la signatura d&#8217;aquest Conveni per aquest triangle d&#8217;administracions, \u00e9s l&#8217;aportaci\u00f3 de 50.000 euros per cadascuna de les parts, invertits a La Canal de Navarr\u00e9s amb la finalitat de mantindre, adaptar i millorar la destinaci\u00f3 tur\u00edstica, perqu\u00e8 continue creixent i desenvolupant-se, amb l&#8217;objectiu de mantindre la competitivitat de l&#8217;oferta tur\u00edstica.<\/p>\n\n\n\n<p class=\"wp-block-paragraph\">Algunes de les actuacions m\u00e9s assenyalades dutes a terme en aquesta anualitat han anat destinades a augmentar l&#8217;accessibilitat. Aix\u00ed ha sigut el cas de la instal\u00b7laci\u00f3 de passarel\u00b7les en alguns paratges, com en el dels Chorradores, o l&#8217;habilitar per a persones invidents la ruta del Barranc Bru de Bicorb, la dels Chorradores de Navarr\u00e9s, i una que transita d&#8217;Anna a Xella, gr\u00e0cies a una tecnologia capdavantera que despr\u00e9s d&#8217;haver-hi mapatge i senyalitzat les rutes, guiar\u00e0 amb sons 3D als usuaris invidents.<\/p>\n\n\n\n<p class=\"wp-block-paragraph\">A m\u00e9s, s&#8217;ha est\u00e9s el carril bici que va des d&#8217;Anna fins a Bolbait, aconseguint gr\u00e0cies a l&#8217;execuci\u00f3 d&#8217;aquest Pla, que s&#8217;amplie de Bolbait a Playamonte, la qual cosa ser\u00e0 una activitat m\u00e9s per a oferir als turistes i locals. A m\u00e9s, donat l&#8217;augment de visitants que est\u00e0 tenint La Canal, s&#8217;han instal\u00b7lat dos aparadors interactius a Millars i Bicorb com a punt d&#8217;informaci\u00f3 tur\u00edstica.<\/p>\n","protected":false},"excerpt":{"rendered":"<div class=\"mh-excerpt\">La signatura d&#8217;aquest Conveni t\u00e9 per objecte la innovaci\u00f3, el foment i la consolidaci\u00f3 dels productes tur\u00edstics de La Canal de Navarr\u00e9s. EL Resultat de la signatura d&#8217;aquest Conveni per aquest triangle d&#8217;administracions, \u00e9s l&#8217;aportaci\u00f3 <a class=\"mh-excerpt-more\" href=\"https:\/\/tucomarca.whitekongsoftware.com\/ca\/la-mancomunitat-de-la-canal-de-navarres-impulsa-amb-la-diputacio-i-turisme-cv-el-desenvolupament-del-pla-de-dinamitzacio-i-governanca-turistica\/\" title=\"La Mancomunitat de La Canal de Navarr\u00e9s impulsa amb la Diputaci\u00f3 i Turisme CV el desenvolupament del Pla de Dinamitzaci\u00f3 i Governan\u00e7a Tur\u00edstica\">[+] <\/a><\/div>\n","protected":false},"author":12,"featured_media":203003,"comment_status":"open","ping_status":"open","sticky":false,"template":"","format":"standard","meta":{"footnotes":""},"categories":[10964,10965,10966,10968,10898,10948,10963,10894,10903,10970,10971,10947,10896],"tags":[11246,11094,13116,15157],"class_list":["post-203004","post","type-post","status-publish","format-standard","has-post-thumbnail","category-anna-ca","category-bicorp-ca","category-bolbaite-ca","category-chella-ca","category-ventana-ca","category-infraestructuras-ca","category-la-canal-de-navarres-ca","category-la-comarca-ca","category-medio-ambiente-la-comarca-ca","category-millares-ca","category-navarres-ca","category-politica","category-seccion-ca","tag-diputacio-de-valencia-ca","tag-la-canal-de-navarres","tag-mancomunidad-de-la-canal-de-navarres-ca","tag-turisme-cv-ca"],"_links":{"self":[{"href":"https:\/\/tucomarca.whitekongsoftware.com\/ca\/wp-json\/wp\/v2\/posts\/203004","targetHints":{"allow":["GET"]}}],"collection":[{"href":"https:\/\/tucomarca.whitekongsoftware.com\/ca\/wp-json\/wp\/v2\/posts"}],"about":[{"href":"https:\/\/tucomarca.whitekongsoftware.com\/ca\/wp-json\/wp\/v2\/types\/post"}],"author":[{"embeddable":true,"href":"https:\/\/tucomarca.whitekongsoftware.com\/ca\/wp-json\/wp\/v2\/users\/12"}],"replies":[{"embeddable":true,"href":"https:\/\/tucomarca.whitekongsoftware.com\/ca\/wp-json\/wp\/v2\/comments?post=203004"}],"version-history":[{"count":0,"href":"https:\/\/tucomarca.whitekongsoftware.com\/ca\/wp-json\/wp\/v2\/posts\/203004\/revisions"}],"wp:featuredmedia":[{"embeddable":true,"href":"https:\/\/tucomarca.whitekongsoftware.com\/ca\/wp-json\/wp\/v2\/media\/203003"}],"wp:attachment":[{"href":"https:\/\/tucomarca.whitekongsoftware.com\/ca\/wp-json\/wp\/v2\/media?parent=203004"}],"wp:term":[{"taxonomy":"category","embeddable":true,"href":"https:\/\/tucomarca.whitekongsoftware.com\/ca\/wp-json\/wp\/v2\/categories?post=203004"},{"taxonomy":"post_tag","embeddable":true,"href":"https:\/\/tucomarca.whitekongsoftware.com\/ca\/wp-json\/wp\/v2\/tags?post=203004"}],"curies":[{"name":"wp","href":"https:\/\/api.w.org\/{rel}","templated":true}]}}