{"id":202949,"date":"2023-11-16T12:00:00","date_gmt":"2023-11-16T11:00:00","guid":{"rendered":"https:\/\/www.tucomarca.com\/wordpress\/segunda\/?p=202949"},"modified":"2023-11-16T20:12:15","modified_gmt":"2023-11-16T19:12:15","slug":"la-poda-de-respecte-el-potencial-de-la-boval-i-la-projeccio-dels-vins-blancs-temes-claus-en-les-jornades-tecniques-de-la-do-utiel-requena","status":"publish","type":"post","link":"https:\/\/tucomarca.whitekongsoftware.com\/ca\/la-poda-de-respecte-el-potencial-de-la-boval-i-la-projeccio-dels-vins-blancs-temes-claus-en-les-jornades-tecniques-de-la-do-utiel-requena\/","title":{"rendered":"La poda de respecte, el potencial de la boval i la projecci\u00f3 dels vins blancs, temes claus en les Jornades T\u00e8cniques de la DO Utiel-Requena&nbsp;"},"content":{"rendered":"\n<p class=\"wp-block-paragraph\">La DO Utiel-Requena va organitzar conjuntament les seues dues jornades t\u00e8cniques anuals, la Jornada vitivin\u00edcola i el F\u00f2rum DO Utiel-Requena. Van acompanyar l&#8217;acte el Director General de Desenvolupament Rural, Francisco Javier Benito, i representants de l&#8217;Ajuntament de Requena.<\/p>\n\n\n\n<p class=\"wp-block-paragraph\"><strong>Jornada vitivin\u00edcola<br><\/strong>Claus: Utiel-Requena compromesa amb la sostenibilitat<br>La jornada va arrancar de la m\u00e0 del president del Comit\u00e9 d&#8217;Agricultura Ecol\u00f2gica de la Comunitat Valenciana (CAECV), Vicente Faro, del responsable en vinya del Servei de Sanitat Vegetal de la Conselleria d&#8217;Agricultura, Vicente Bad\u00eda, i de la directora t\u00e8cnica de Horta, empresa de sistemes d&#8217;ajuda per a la gesti\u00f3 racional i sostenible dels cultius, Elisa Gonz\u00e1lez. Aquesta xarrada va ser moderada per la secret\u00e0ria del Consell Regulador, Carmina Pres\u00f3.<br>Les novetats en la viticultura de la DO Utiel-Requena recollides en les pon\u00e8ncies van ser les seg\u00fcents:<br>El 78% de la vinya ecol\u00f2gica de la Comunitat Valenciana est\u00e0 en la demarcaci\u00f3 geogr\u00e0fica de la DO Utiel-Requena amb 13.527 has de vinya i 52 cellers certificats pel CAECV.<br>Un control efica\u00e7 de l&#8217;arna del ram a trav\u00e9s de la t\u00e8cnica ecol\u00f2gica de la confusi\u00f3 sexual amb feromones amb 15.200 has de vinya.<\/p>\n\n\n\n<p class=\"wp-block-paragraph\">La xarxa d&#8217;estacions meteorol\u00f2giques instal\u00b7lades en la DO i el bolcat de les seues dades<br>Avan\u00e7os en l&#8217;assaig de termoter\u00e0pia a l&#8217;Escola de Viticultura i Enologia per a fer front als fongs de fusta.&nbsp;<br>Despr\u00e9s d&#8217;aix\u00f2, va posar el fermall d&#8217;or a aquestes Jornades Vitivin\u00edcoles Julio Prieto, assessor vin\u00edcola en origen, que va parlar detalladament de la poda de respecte, principals errors i com esmenar-los.<\/p>\n\n\n\n<p class=\"wp-block-paragraph\"><strong>VI F\u00f2rum DO Utiel-Requena<br><\/strong>Clau: Utiel-Requena compromesa amb el seu terroir i les varietats locals<br>El programa recollia una pon\u00e8ncia magistral titulada \u201cel potencial de la boval del doctor, enginyer agr\u00f2nom i en\u00f2leg Jos\u00e9 Hidalgo Togores, assessor de m\u00e9s de 35 cellers a nivell nacional i amb 12 anys d&#8217;experi\u00e8ncia en vins de Boval en la DO Utiel-Requena. Hidalgo va destacar que \u201cqui t\u00e9 una varietat aut\u00f2ctona t\u00e9 un tresor\u201d i va analitzar les debilitats i fortaleses de la boval en la DO Utiel-Requena.<br>A continuaci\u00f3, va haver-hi un col\u00b7loqui sobre la projecci\u00f3 de vins blancs en la DO Utiel-Requena amb la participaci\u00f3 d&#8217;Hidalgo i sis en\u00f2legs\/as moderats per Chema Ferrer, periodista de Las Provincias. En aquest col\u00b7loqui van participar Javier Pardo (Sierra Nord), Toni Fern\u00e1ndez (Covilor), Sonia Briones (Pagament de Tharsys), Luis Miguel Latorre (Latorre Agrovin\u00edcola) i Jos\u00e9 Hidalgo Camacho (Vicente Gandia).<br>Davant el canvi de tend\u00e8ncia en el consum de vins blancs, es va posar de manifest:<br>La import\u00e0ncia de con\u00e9ixer i aprofitar les condicions agroclim\u00e0tiques id\u00f2nies de la DO per a elaborar blancs d&#8217;alta qualitat.<br>Les oportunitats a partir de les varietats locals, com la tardana i la merseguera, i d&#8217;altres varietats que s&#8217;adapten molt b\u00e9 al terroir de la DO Utiel-Requena.<br>L&#8217;acte va finalitzar amb un tast de 22 vins blancs de la DO Utiel-Requena, alguns en prim\u00edcia ja de l&#8217;anyada 2023.<\/p>\n","protected":false},"excerpt":{"rendered":"<div class=\"mh-excerpt\">La DO Utiel-Requena va organitzar conjuntament les seues dues jornades t\u00e8cniques anuals, la Jornada vitivin\u00edcola i el F\u00f2rum DO Utiel-Requena. Van acompanyar l&#8217;acte el Director General de Desenvolupament Rural, Francisco Javier Benito, i representants de <a class=\"mh-excerpt-more\" href=\"https:\/\/tucomarca.whitekongsoftware.com\/ca\/la-poda-de-respecte-el-potencial-de-la-boval-i-la-projeccio-dels-vins-blancs-temes-claus-en-les-jornades-tecniques-de-la-do-utiel-requena\/\" title=\"La poda de respecte, el potencial de la boval i la projecci\u00f3 dels vins blancs, temes claus en les Jornades T\u00e8cniques de la DO Utiel-Requena&nbsp;\">[+] <\/a><\/div>\n","protected":false},"author":12,"featured_media":202947,"comment_status":"open","ping_status":"open","sticky":false,"template":"","format":"standard","meta":{"footnotes":""},"categories":[10905,11006,10948,10894,10908,10909,10896,11059],"tags":[12747,10910],"class_list":["post-202949","post","type-post","status-publish","format-standard","has-post-thumbnail","category-agricultura-la-comarca-ca","category-canal-vinos","category-infraestructuras-ca","category-la-comarca-ca","category-requena-ca","category-requena-utiel-ca","category-seccion-ca","category-utiel-ca","tag-do-utiel-requena-ca","tag-requena-utiel-ca"],"_links":{"self":[{"href":"https:\/\/tucomarca.whitekongsoftware.com\/ca\/wp-json\/wp\/v2\/posts\/202949","targetHints":{"allow":["GET"]}}],"collection":[{"href":"https:\/\/tucomarca.whitekongsoftware.com\/ca\/wp-json\/wp\/v2\/posts"}],"about":[{"href":"https:\/\/tucomarca.whitekongsoftware.com\/ca\/wp-json\/wp\/v2\/types\/post"}],"author":[{"embeddable":true,"href":"https:\/\/tucomarca.whitekongsoftware.com\/ca\/wp-json\/wp\/v2\/users\/12"}],"replies":[{"embeddable":true,"href":"https:\/\/tucomarca.whitekongsoftware.com\/ca\/wp-json\/wp\/v2\/comments?post=202949"}],"version-history":[{"count":0,"href":"https:\/\/tucomarca.whitekongsoftware.com\/ca\/wp-json\/wp\/v2\/posts\/202949\/revisions"}],"wp:featuredmedia":[{"embeddable":true,"href":"https:\/\/tucomarca.whitekongsoftware.com\/ca\/wp-json\/wp\/v2\/media\/202947"}],"wp:attachment":[{"href":"https:\/\/tucomarca.whitekongsoftware.com\/ca\/wp-json\/wp\/v2\/media?parent=202949"}],"wp:term":[{"taxonomy":"category","embeddable":true,"href":"https:\/\/tucomarca.whitekongsoftware.com\/ca\/wp-json\/wp\/v2\/categories?post=202949"},{"taxonomy":"post_tag","embeddable":true,"href":"https:\/\/tucomarca.whitekongsoftware.com\/ca\/wp-json\/wp\/v2\/tags?post=202949"}],"curies":[{"name":"wp","href":"https:\/\/api.w.org\/{rel}","templated":true}]}}