{"id":202932,"date":"2023-11-16T08:00:00","date_gmt":"2023-11-16T07:00:00","guid":{"rendered":"https:\/\/www.tucomarca.com\/wordpress\/segunda\/?p=202932"},"modified":"2023-11-16T20:05:12","modified_gmt":"2023-11-16T19:05:12","slug":"el-moviment-democratic-de-dones-del-pais-valencia-de-bunyol-posa-laccent-un-any-mes-en-la-conscienciacio-contra-la-violencia-de-genere-amb-motiu-del-25n","status":"publish","type":"post","link":"https:\/\/tucomarca.whitekongsoftware.com\/ca\/el-moviment-democratic-de-dones-del-pais-valencia-de-bunyol-posa-laccent-un-any-mes-en-la-conscienciacio-contra-la-violencia-de-genere-amb-motiu-del-25n\/","title":{"rendered":"El Moviment Democr\u00e0tic de Dones del Pa\u00eds Valenci\u00e0 de Bunyol posa l&#8217;accent, un any m\u00e9s, en la conscienciaci\u00f3 contra la Viol\u00e8ncia de G\u00e8nere amb motiu del 25N"},"content":{"rendered":"\n<p class=\"wp-block-paragraph\">A trav\u00e9s d&#8217;aquest document el Moviment Democr\u00e0tic de Dones del Pa\u00eds Valenci\u00e0 (MDD) de Bunyol posa l&#8217;accent, un any m\u00e9s, en la conscienciaci\u00f3 contra la Viol\u00e8ncia de G\u00e8nere<span style=\"font-size: revert; font-weight: revert;\"> amb motiu del 25N <\/span>M.D.M. de Bunyol\u00a0vol donar a con\u00e9ixer al poble de Bunyol &#8220;com s&#8217;ha fet en anys anteriors la import\u00e0ncia de conscienciar i eliminar la xacra social que en ple segle XXI continuen patint les dones, les seues filles i fills, i les xiquetes, pel mer fet de ser dona&#8221;.\u00a0<\/p>\n\n\n\n<p class=\"wp-block-paragraph\">&#8220;En el que va d&#8217;any 2023 portem 92 assassinades i en el moment d&#8217;escriure aquest document s&#8217;ha com\u00e9s un assassinat vicari que no ser\u00e0 comptabilitzat&#8221;.\u00a0<\/p>\n\n\n\n<p class=\"wp-block-paragraph\">&#8220;Per a conscienciar hem programat juntament amb els Col\u00b7legis P\u00fablics de Bunyol i l&#8217;I.E.S. La Foia de Bunyol una s\u00e8rie d&#8217;activitats.\u00a0El sector educatiu el treballar\u00e0 de manera interna, ha programat una s\u00e8rie d&#8217;activitats com s\u00f3n: Relats curts, gravaci\u00f3 i visionat de v\u00eddeos reivindicatius, documentals, pintura i decoraci\u00f3 de lla\u00e7os, lectura i treball de contes, acte al pati amb les mans pintades de morat amb el fons de la can\u00e7\u00f3 \u201cNi una m\u00e9s\u201d, elaboraci\u00f3 de pins per part de l&#8217;alumnat per a les jaquetes, el paper de la dona i l&#8217;esport al llarg de la hist\u00f2ria la seua lluita per la igualtat&#8221;.\u00a0<\/p>\n\n\n\n<p class=\"wp-block-paragraph\">Exposici\u00f3 itinerant pels col\u00b7legis i l&#8217;IES La Foia de Bunyol realitzada pel MDM de Bunyol: CONSCIENCIACI\u00d3 CONTRA LA VIOL\u00c8NCIA DE&nbsp;G\u00c8NERE, que estar\u00e0 exposada en les seg\u00fcents dates:&nbsp;<\/p>\n\n\n\n<ul class=\"wp-block-list\"><li>Del 6 al 10 de novembre en el C.E.I.P DE CERVANTES.&nbsp;<\/li><li>Del 13 al 17 en l&#8217;IES LA FOIA DE BUNYOL.<\/li><li>EL 18 de novembre en la PLA\u00c7A LAS VENTAS.<\/li><li>Del 20 al 24 de novembre en el C.E.I.P. SANT LLU\u00cdS.&nbsp;<\/li><li>El 25 DE NOVEMBRE l&#8217;exposici\u00f3 estar\u00e0 en la Pla\u00e7a del Poble en horari d&#8217;11 a 13.00 h.<\/li><\/ul>\n\n\n\n<p class=\"wp-block-paragraph\">Amb motiu del Dia Internacional de l&#8217;Eliminaci\u00f3 de la Viol\u00e8ncia contra la Dona sobre les 12.00 h. es far\u00e0 el lliurament al primer i segon premi dels RELATS CURTS, consistent en un bo de 100\u20ac i 50\u20ac respetivamente, que es podr\u00e0 gastar en el comer\u00e7 local, (s&#8217;exceptuen els bars, estanc, i locals de jocs). Tamb\u00e9 es far\u00e0 lectura dels Relats Curts premiats.&nbsp;<\/p>\n\n\n\n<p class=\"wp-block-paragraph\">EL 25 DE NOVEMBRE A LES 18.00 H. A Val\u00e8ncia Manifestaci\u00f3 eixida des de la Porta de la Mar. Es realitzar\u00e0 el recorregut tradicional i finalitzar\u00e0 en la Pla\u00e7a de l \u0301Ajuntament.&nbsp;<\/p>\n\n\n\n<p class=\"wp-block-paragraph\">Pr\u00f2ximament eixir\u00e0 publicat un fullet informatiu m\u00e9s detallat amb articles realitzats per companyes i les activitats detallades dels Col\u00b7les P\u00fablics i de l&#8217;IES La Foia de Bunyol.<\/p>\n","protected":false},"excerpt":{"rendered":"<div class=\"mh-excerpt\">A trav\u00e9s d&#8217;aquest document el Moviment Democr\u00e0tic de Dones del Pa\u00eds Valenci\u00e0 (MDD) de Bunyol posa l&#8217;accent, un any m\u00e9s, en la conscienciaci\u00f3 contra la Viol\u00e8ncia de G\u00e8nere amb motiu del 25N M.D.M. de Bunyol\u00a0vol <a class=\"mh-excerpt-more\" href=\"https:\/\/tucomarca.whitekongsoftware.com\/ca\/el-moviment-democratic-de-dones-del-pais-valencia-de-bunyol-posa-laccent-un-any-mes-en-la-conscienciacio-contra-la-violencia-de-genere-amb-motiu-del-25n\/\" title=\"El Moviment Democr\u00e0tic de Dones del Pa\u00eds Valenci\u00e0 de Bunyol posa l&#8217;accent, un any m\u00e9s, en la conscienciaci\u00f3 contra la Viol\u00e8ncia de G\u00e8nere amb motiu del 25N\">[+] <\/a><\/div>\n","protected":false},"author":12,"featured_media":202931,"comment_status":"open","ping_status":"open","sticky":false,"template":"","format":"standard","meta":{"footnotes":""},"categories":[11019,10911,10894,10912,10947,10896],"tags":[13087,10913,10914,19885],"class_list":["post-202932","post","type-post","status-publish","format-standard","has-post-thumbnail","category-agenda-ca","category-bunol-ca","category-la-comarca-ca","category-la-hoya-ca","category-politica","category-seccion-ca","tag-25n-ca","tag-bunol-ca","tag-la-hoya-de-bunol-chiva-ca","tag-mujeres-democraticas-bunol-ca"],"_links":{"self":[{"href":"https:\/\/tucomarca.whitekongsoftware.com\/ca\/wp-json\/wp\/v2\/posts\/202932","targetHints":{"allow":["GET"]}}],"collection":[{"href":"https:\/\/tucomarca.whitekongsoftware.com\/ca\/wp-json\/wp\/v2\/posts"}],"about":[{"href":"https:\/\/tucomarca.whitekongsoftware.com\/ca\/wp-json\/wp\/v2\/types\/post"}],"author":[{"embeddable":true,"href":"https:\/\/tucomarca.whitekongsoftware.com\/ca\/wp-json\/wp\/v2\/users\/12"}],"replies":[{"embeddable":true,"href":"https:\/\/tucomarca.whitekongsoftware.com\/ca\/wp-json\/wp\/v2\/comments?post=202932"}],"version-history":[{"count":0,"href":"https:\/\/tucomarca.whitekongsoftware.com\/ca\/wp-json\/wp\/v2\/posts\/202932\/revisions"}],"wp:featuredmedia":[{"embeddable":true,"href":"https:\/\/tucomarca.whitekongsoftware.com\/ca\/wp-json\/wp\/v2\/media\/202931"}],"wp:attachment":[{"href":"https:\/\/tucomarca.whitekongsoftware.com\/ca\/wp-json\/wp\/v2\/media?parent=202932"}],"wp:term":[{"taxonomy":"category","embeddable":true,"href":"https:\/\/tucomarca.whitekongsoftware.com\/ca\/wp-json\/wp\/v2\/categories?post=202932"},{"taxonomy":"post_tag","embeddable":true,"href":"https:\/\/tucomarca.whitekongsoftware.com\/ca\/wp-json\/wp\/v2\/tags?post=202932"}],"curies":[{"name":"wp","href":"https:\/\/api.w.org\/{rel}","templated":true}]}}