{"id":202886,"date":"2023-11-15T20:00:00","date_gmt":"2023-11-15T19:00:00","guid":{"rendered":"https:\/\/www.tucomarca.com\/wordpress\/segunda\/?p=202886"},"modified":"2023-11-16T09:38:18","modified_gmt":"2023-11-16T08:38:18","slug":"el-7e-congres-recuwaste-selecciona-el-programa-de-compostatge-del-cvi-com-a-finalista-del-premi-alfonso-maillo","status":"publish","type":"post","link":"https:\/\/tucomarca.whitekongsoftware.com\/ca\/el-7e-congres-recuwaste-selecciona-el-programa-de-compostatge-del-cvi-com-a-finalista-del-premi-alfonso-maillo\/","title":{"rendered":"El 7\u00e9 Congr\u00e9s Recuwaste selecciona el programa de compostatge del CVI com a finalista del premi Alfonso Ma\u00edllo"},"content":{"rendered":"\n<h4 class=\"wp-block-heading\">Es tracta del congr\u00e9s de refer\u00e8ncia en gesti\u00f3 de recursos i residus a Espanya<\/h4>\n\n\n\n<h4 class=\"wp-block-heading\">La t\u00e8cnica i mestra compostadora de l&#8217;ens presenta com reduir la generaci\u00f3 de residus practicant el compostatge comunicario, dom\u00e8stic i en centres escolars<\/h4>\n\n\n\n<p class=\"wp-block-paragraph\">L&#8217;equip t\u00e8cnic i d&#8217;educaci\u00f3 ambiental del Consorci Val\u00e8ncia participa en el 7\u00e9 Congr\u00e9s Recuwaste a Matar\u00f3, lloc on s&#8217;estan desenvolupant les propostes i programes m\u00e9s innovadors d&#8217;economia circular de tota Espanya. Tant \u00e9s aix\u00ed que el programa de compostatge del CVI ha sigut un dels deu seleccionats per als premis Alfonso Ma\u00edllo que contribueixen a donar a con\u00e9ixer iniciatives innovadores destacables en l&#8217;\u00e0mbit de la prevenci\u00f3 i gesti\u00f3 dels residus.<br>Aix\u00ed, la t\u00e8cnica ambiental i Mestra Compostadora del CVI, Mar\u00eda Jes\u00fas Cabo, ha sigut l&#8217;encarregada de presentar a l&#8217;auditori aquest programa que t\u00e9 com a objectiu estrat\u00e8gic reduir la pres\u00e8ncia dels bioresidus de la fracci\u00f3 reste en \u00e0rees rurals de poblaci\u00f3 dispersa, baixa densitat i molt allunyades de les plantes de tractament de residus de Ll\u00edria i Caudete de las Fuentes.<br>A m\u00e9s, aquest ambici\u00f3s programa aposta perqu\u00e8 els bioresidus es queden i gestionen en el propi municipi, apostant per l&#8217;economia circular de proximitat convertint un residu en un recurs. I \u00e9s que aquest concepte \u00e9s tractat en tots els vessants possibles dins del programa, ja que fins i tot el propi compostador cedit a les fam\u00edlies, ajuntaments i centres escolars est\u00e0 fabricat a prop\u00f2sit a partir de material pl\u00e0stic recuperat de la fracci\u00f3 reste en les pr\u00f2pies plantes de tractament del consorci.<br>El Programa de Compostatge est\u00e0 assistit per una APP m\u00f2bil de control i tra\u00e7abilitat de l&#8217;activitat de compostatge (EcoCompostaje-CVI-Val\u00e8ncia) que permet registrar les aportacions que realitzen a qualsevol compostador situat en l&#8217;\u00e0mbit del CVI.<\/p>\n\n\n\n<p class=\"wp-block-paragraph\"><strong>En xifres<br><\/strong>El compostatge dom\u00e8stic en l&#8217;\u00e0mbit del consorci ha arribat ja a 1.209 habitatges i a 55 centres educatius que formen part d&#8217;Aula Composta. Dels 61 municipis del consorci, hi ha habitatges que utilitzen aquests compostadors en el 89% dels municipis, xifra que va creixent gr\u00e0cies a l&#8217;acompanyament i assessorament del departament d&#8217;educaci\u00f3 ambiental de l&#8217;ens supramunicipal.<br>Qu\u00e8 \u00e9s el Consorci Val\u00e8ncia Interior<br>El Consorci Val\u00e8ncia Interior \u00e9s l&#8217;ens supramunicipal que duu a terme el tractament dels residus de 61 municipis de les cinc comarques de l&#8217;interior de la prov\u00edncia de Val\u00e8ncia: Camp de T\u00faria, la Regi\u00f3 muntanyenca, la Foia de Bunyol-Xiva, la Plana Utiel-Requena i el Rac\u00f3 d&#8217;Adem\u00fas. Per a aix\u00f2 compta amb dues plantes de tractament de residus, situades a Ll\u00edria i Caudete de las Fuentes, aix\u00ed com una planta de transfer\u00e8ncia a Xiva. \u00c9s a Caudete de las Fuentes on es troba tamb\u00e9 situat l&#8217;abocador, lloc on s&#8217;eliminen de manera segura les fraccions que no han pogut ser recuperades en les plantes de tractament.<\/p>\n\n\n\n<p class=\"wp-block-paragraph\"><\/p>\n","protected":false},"excerpt":{"rendered":"<div class=\"mh-excerpt\">Es tracta del congr\u00e9s de refer\u00e8ncia en gesti\u00f3 de recursos i residus a Espanya La t\u00e8cnica i mestra compostadora de l&#8217;ens presenta com reduir la generaci\u00f3 de residus practicant el compostatge comunicario, dom\u00e8stic i en <a class=\"mh-excerpt-more\" href=\"https:\/\/tucomarca.whitekongsoftware.com\/ca\/el-7e-congres-recuwaste-selecciona-el-programa-de-compostatge-del-cvi-com-a-finalista-del-premi-alfonso-maillo\/\" title=\"El 7\u00e9 Congr\u00e9s Recuwaste selecciona el programa de compostatge del CVI com a finalista del premi Alfonso Ma\u00edllo\">[+] <\/a><\/div>\n","protected":false},"author":12,"featured_media":202885,"comment_status":"open","ping_status":"open","sticky":false,"template":"","format":"standard","meta":{"footnotes":""},"categories":[10890,10892,11046,10898,10948,10894,10904,10912,10903,10909,10896],"tags":[10899,11117,11305,10914,10910],"class_list":["post-202886","post","type-post","status-publish","format-standard","has-post-thumbnail","category-ademus","category-camp-de-turia-ca","category-los-serranos-ca","category-ventana-ca","category-infraestructuras-ca","category-la-comarca-ca","category-sin-categorizar-ca","category-la-hoya-ca","category-medio-ambiente-la-comarca-ca","category-requena-utiel-ca","category-seccion-ca","tag-camp-de-turia-ca","tag-consorcio-valencia-interior-ca","tag-cvi-ca","tag-la-hoya-de-bunol-chiva-ca","tag-requena-utiel-ca"],"_links":{"self":[{"href":"https:\/\/tucomarca.whitekongsoftware.com\/ca\/wp-json\/wp\/v2\/posts\/202886","targetHints":{"allow":["GET"]}}],"collection":[{"href":"https:\/\/tucomarca.whitekongsoftware.com\/ca\/wp-json\/wp\/v2\/posts"}],"about":[{"href":"https:\/\/tucomarca.whitekongsoftware.com\/ca\/wp-json\/wp\/v2\/types\/post"}],"author":[{"embeddable":true,"href":"https:\/\/tucomarca.whitekongsoftware.com\/ca\/wp-json\/wp\/v2\/users\/12"}],"replies":[{"embeddable":true,"href":"https:\/\/tucomarca.whitekongsoftware.com\/ca\/wp-json\/wp\/v2\/comments?post=202886"}],"version-history":[{"count":0,"href":"https:\/\/tucomarca.whitekongsoftware.com\/ca\/wp-json\/wp\/v2\/posts\/202886\/revisions"}],"wp:featuredmedia":[{"embeddable":true,"href":"https:\/\/tucomarca.whitekongsoftware.com\/ca\/wp-json\/wp\/v2\/media\/202885"}],"wp:attachment":[{"href":"https:\/\/tucomarca.whitekongsoftware.com\/ca\/wp-json\/wp\/v2\/media?parent=202886"}],"wp:term":[{"taxonomy":"category","embeddable":true,"href":"https:\/\/tucomarca.whitekongsoftware.com\/ca\/wp-json\/wp\/v2\/categories?post=202886"},{"taxonomy":"post_tag","embeddable":true,"href":"https:\/\/tucomarca.whitekongsoftware.com\/ca\/wp-json\/wp\/v2\/tags?post=202886"}],"curies":[{"name":"wp","href":"https:\/\/api.w.org\/{rel}","templated":true}]}}