{"id":202785,"date":"2023-11-11T20:00:00","date_gmt":"2023-11-11T19:00:00","guid":{"rendered":"https:\/\/www.tucomarca.com\/wordpress\/segunda\/?p=202785"},"modified":"2023-11-14T21:01:55","modified_gmt":"2023-11-14T20:01:55","slug":"la-diputacio-de-valencia-presenta-la-riquesa-culinaria-de-la-provincia-en-gastronoma-2023","status":"publish","type":"post","link":"https:\/\/tucomarca.whitekongsoftware.com\/ca\/la-diputacio-de-valencia-presenta-la-riquesa-culinaria-de-la-provincia-en-gastronoma-2023\/","title":{"rendered":"La Diputaci\u00f3 de Val\u00e8ncia presenta la riquesa culin\u00e0ria de la prov\u00edncia en Gastr\u00f2noma 2023"},"content":{"rendered":"\n<h4 class=\"wp-block-heading\">M\u00e9s de 30 activitats entre demostracions gastron\u00f2miques en viu, degustacions i pon\u00e8ncies donaran a con\u00e9ixer l&#8217;oferta de la prov\u00edncia&nbsp;<\/h4>\n\n\n\n<h4 class=\"wp-block-heading\">A m\u00e9s de Val\u00e8ncia Turisme, a la fira acudixen altres destins de la prov\u00edncia com B\u00e9tera, Riba-roja de T\u00faria, Alboraia, Gandia, Cullera, la Mancomunitat de l&#8217;Alt T\u00faria i Visit Val\u00e8ncia<\/h4>\n\n\n\n<p class=\"wp-block-paragraph\">La Diputaci\u00f3 de Val\u00e8ncia acudix a Gastr\u00f2noma 2023, que se celebra entre el 12 i el 14 de novembre en Fira Val\u00e8ncia, per a donar a con\u00e9ixer i promocionar l&#8217;oferta provincial de turisme gastron\u00f2mic a trav\u00e9s de la seua marca Val\u00e8ncia Turisme i la pres\u00e8ncia de set destins de la prov\u00edncia: B\u00e9tera, Riba-roja de T\u00faria, Alboraia, Gandia, Cullera, la Mancomunitat de l&#8217;Alt T\u00faria i Visit Val\u00e8ncia.<\/p>\n\n\n\n<p class=\"wp-block-paragraph\">La corporaci\u00f3 provincial ha dissenyat un espai obert al p\u00fablic de cent metres quadrats, on conviuran dos zones perfectament harmonitzades i coordinades perqu\u00e8 el visitant conega de primera m\u00e0 la riquesa culin\u00e0ria de la prov\u00edncia de Val\u00e8ncia i, alhora, la disfrute. Per a aix\u00f2 ha disposat una zona d&#8217;atenci\u00f3 directa i presencial al p\u00fablic, i una altra on se celebraran demostracions gastron\u00f2miques en viu, degustacions i pon\u00e8ncies.<\/p>\n\n\n\n<p class=\"wp-block-paragraph\">\u201cL&#8217;oferta gastron\u00f2mica de la prov\u00edncia de Val\u00e8ncia \u00e9s molt rica i variada i, en uns certs casos, est\u00e0 composta per productes i elaboracions encara molt desconeguts per al p\u00fablic gurmet i professional, per la qual cosa la Diputaci\u00f3 ha de promocionar-la en un gran certamen gastron\u00f2mic com \u00e9s Gastr\u00f2noma, en la qual hem participat activament i patrocinat des dels seus inicis\u201d, ha destacat el diputat de Turisme, Pedro Cuesta.<\/p>\n\n\n\n<p class=\"wp-block-paragraph\">Croquetes de pernil i formatge trufadas d&#8217;Andilla, productes artesans de l&#8217;horta i \u201cpaella de fetge de bou\u201d de Meliana, Coca de Carabassa i vins d&#8217;Ontinyent, la tradicional fideu\u00e0 de Gandia, el rin ran i l&#8217;olla xurra de La Serran\u00eda, els vins de Bu\u00f1ol, tapes m\u00edtiques valencianes, el gaspatxo pastor de la Canal de Navarr\u00e9s i les molles del pastor de Tierra del Vino s\u00f3n algunes de les m\u00e9s de 30 elaboracions en viu i activitats programades per Val\u00e8ncia Turisme per als dies del certamen, sense oblidar la paella valenciana de Sueca i l&#8217;orxata artesana d&#8217;Alboraia.<\/p>\n\n\n\n<p class=\"wp-block-paragraph\"><\/p>\n","protected":false},"excerpt":{"rendered":"<div class=\"mh-excerpt\">M\u00e9s de 30 activitats entre demostracions gastron\u00f2miques en viu, degustacions i pon\u00e8ncies donaran a con\u00e9ixer l&#8217;oferta de la prov\u00edncia&nbsp; A m\u00e9s de Val\u00e8ncia Turisme, a la fira acudixen altres destins de la prov\u00edncia com B\u00e9tera, <a class=\"mh-excerpt-more\" href=\"https:\/\/tucomarca.whitekongsoftware.com\/ca\/la-diputacio-de-valencia-presenta-la-riquesa-culinaria-de-la-provincia-en-gastronoma-2023\/\" title=\"La Diputaci\u00f3 de Val\u00e8ncia presenta la riquesa culin\u00e0ria de la prov\u00edncia en Gastr\u00f2noma 2023\">[+] <\/a><\/div>\n","protected":false},"author":12,"featured_media":202783,"comment_status":"open","ping_status":"open","sticky":false,"template":"","format":"standard","meta":{"footnotes":""},"categories":[11019,10892,11046,10898,10894,10904,11007,10906,10896],"tags":[11246,19873],"class_list":["post-202785","post","type-post","status-publish","format-standard","has-post-thumbnail","category-agenda-ca","category-camp-de-turia-ca","category-los-serranos-ca","category-ventana-ca","category-la-comarca-ca","category-sin-categorizar-ca","category-ocio-y-cultura-ca","category-riba-roja-ca","category-seccion-ca","tag-diputacio-de-valencia-ca","tag-gastronoma-2023-ca"],"_links":{"self":[{"href":"https:\/\/tucomarca.whitekongsoftware.com\/ca\/wp-json\/wp\/v2\/posts\/202785","targetHints":{"allow":["GET"]}}],"collection":[{"href":"https:\/\/tucomarca.whitekongsoftware.com\/ca\/wp-json\/wp\/v2\/posts"}],"about":[{"href":"https:\/\/tucomarca.whitekongsoftware.com\/ca\/wp-json\/wp\/v2\/types\/post"}],"author":[{"embeddable":true,"href":"https:\/\/tucomarca.whitekongsoftware.com\/ca\/wp-json\/wp\/v2\/users\/12"}],"replies":[{"embeddable":true,"href":"https:\/\/tucomarca.whitekongsoftware.com\/ca\/wp-json\/wp\/v2\/comments?post=202785"}],"version-history":[{"count":0,"href":"https:\/\/tucomarca.whitekongsoftware.com\/ca\/wp-json\/wp\/v2\/posts\/202785\/revisions"}],"wp:featuredmedia":[{"embeddable":true,"href":"https:\/\/tucomarca.whitekongsoftware.com\/ca\/wp-json\/wp\/v2\/media\/202783"}],"wp:attachment":[{"href":"https:\/\/tucomarca.whitekongsoftware.com\/ca\/wp-json\/wp\/v2\/media?parent=202785"}],"wp:term":[{"taxonomy":"category","embeddable":true,"href":"https:\/\/tucomarca.whitekongsoftware.com\/ca\/wp-json\/wp\/v2\/categories?post=202785"},{"taxonomy":"post_tag","embeddable":true,"href":"https:\/\/tucomarca.whitekongsoftware.com\/ca\/wp-json\/wp\/v2\/tags?post=202785"}],"curies":[{"name":"wp","href":"https:\/\/api.w.org\/{rel}","templated":true}]}}