{"id":202728,"date":"2023-11-13T14:00:00","date_gmt":"2023-11-13T13:00:00","guid":{"rendered":"https:\/\/www.tucomarca.com\/wordpress\/segunda\/?p=202728"},"modified":"2023-11-14T13:44:48","modified_gmt":"2023-11-14T12:44:48","slug":"la-diputacio-de-valencia-premia-a-fermin-pardo-per-una-vida-dedicada-a-la-promocio-de-la-cultura","status":"publish","type":"post","link":"https:\/\/tucomarca.whitekongsoftware.com\/ca\/la-diputacio-de-valencia-premia-a-fermin-pardo-per-una-vida-dedicada-a-la-promocio-de-la-cultura\/","title":{"rendered":"La Diputaci\u00f3 de Val\u00e8ncia premia a Ferm\u00edn Pardo per una vida dedicada a la promoci\u00f3 de la cultura"},"content":{"rendered":"\n<h4 class=\"wp-block-heading\">Requena s&#8217;ha engalanat per a l\u2019acte d\u2019entrega dels \u2018Reconeixements de la Cultura 2023\u2019, que en esta ocasi\u00f3 distingix la prolongada carrera investigadora del veter\u00e0 professor Ferm\u00edn Pardo<\/h4>\n\n\n\n<h4 class=\"wp-block-heading\">L&#8217;expert en m\u00fasica tradicional valenciana ha col\u00b7laborat durant d\u00e8cades a recopilar tradicions i expressions orals, m\u00fasica tradicional, usos socials aix\u00ed com rituals i actes festius<\/h4>\n\n\n\n<figure class=\"wp-block-image size-full is-resized\"><img loading=\"lazy\" decoding=\"async\" src=\"http:\/\/www.tucomarca.com\/wordpress\/segunda\/wp-content\/uploads\/2023\/11\/CulturaRequena.jpg\" alt=\"\" class=\"wp-image-202725\" width=\"735\" height=\"489\" srcset=\"https:\/\/tucomarca.whitekongsoftware.com\/wp-content\/uploads\/2023\/11\/CulturaRequena.jpg 1024w, https:\/\/tucomarca.whitekongsoftware.com\/wp-content\/uploads\/2023\/11\/CulturaRequena-300x200.jpg 300w, https:\/\/tucomarca.whitekongsoftware.com\/wp-content\/uploads\/2023\/11\/CulturaRequena-768x512.jpg 768w\" sizes=\"auto, (max-width: 735px) 100vw, 735px\" \/><\/figure>\n\n\n\n<p class=\"wp-block-paragraph\">La Diputaci\u00f3 de Val\u00e8ncia premia una vida de cultura. Requena va acollir este cap de setmana els \u2018Reconeixements de la Cultura 2023\u2019, amb els quals l&#8217;\u00e0rea dirigida pel diputat Paco Teruel distingix a aquelles entitats o personalitats que, de manera significativa, fan un esfor\u00e7 considerable per a programar i dur a terme activitats culturals i per a fer-se part\u00edcips d&#8217;iniciatives creatives en el camp de la cultura.<\/p>\n\n\n\n<p class=\"wp-block-paragraph\">En esta ocasi\u00f3, la Diputaci\u00f3 ha reconegut la traject\u00f2ria de Ferm\u00edn Pardo, nascut en Hortunas (Requena) i un dels principals experts en m\u00fasica tradicional valenciana. Al llarg de la seua traject\u00f2ria ha estudiat molts vessants de la cultura tradicional, com la indument\u00e0ria, les festes, l&#8217;arquitectura o la religiositat popular, desenvolupant un treball sistem\u00e0tic d&#8217;investigaci\u00f3, gravaci\u00f3 i catalogaci\u00f3 d&#8217;un material etnogr\u00e0fic de gran valor i amb una gran extensi\u00f3 territorial, recopilant tradicions i expressions orals, m\u00fasica tradicional, usos socials, rituals i actes festius, aix\u00ed com coneixements relacionats amb la natura i t\u00e8cniques artesanals tradicionals.<\/p>\n\n\n\n<p class=\"wp-block-paragraph\">L&#8217;acte, celebrat en el Teatro Principal de Requena, va estar condu\u00eft per No\u00e8lia P\u00e9rez, i va comptar amb la pres\u00e8ncia del diputat de Cultura de la Diputaci\u00f3 de Val\u00e8ncia, Paco Teruel, el diputat provincial Ricardo Gabald\u00f3n, l&#8217;alcaldessa de Requena, Roc\u00edo Cort\u00e9s, i el regidor de Cultura de l&#8217;ajuntament, Alberto Garc\u00eda.<\/p>\n\n\n\n<p class=\"wp-block-paragraph\">El diputat provincial va destacar la labor i traject\u00f2ria de Ferm\u00edn Pardo i la seua \u201cimmensa tasca d&#8217;investigaci\u00f3 del patrimoni cultural i musical valenci\u00e0\u201d. En este sentit, va apuntar que \u201cFerm\u00edn ha investigat sobre una infinitat d&#8217;aspectes de les nostres vides i amb els seus estudis ha deixat una important petjadada, es un tot terreny de la investigaci\u00f3n i un intel\u00b7lectual complet i vers\u00e1til, i sense ell no ser\u00edem el que som\u201d.<\/p>\n\n\n\n<p class=\"wp-block-paragraph\">Teruel va apuntar tamb\u00e9 que \u201ctots tenim un impacte en la societat que ens envolta, per\u00f2 determinades persones, per la seua tenacitat i el seu treball incansable, transformen el seu poble, lligen el passat, el traslladen al present i modifiquen el futur, que queda lligat a la seua signatura\u201d.<\/p>\n\n\n\n<p class=\"wp-block-paragraph\">Per part seua, l&#8217;alcaldessa Roc\u00edo Cort\u00e9s va agrair a Ferm\u00edn Pardo el seu \u201cextens treball de recopilaci\u00f3 del folklore valenci\u00e0 i en general de la nostra cultura tradicional, mitjan\u00e7ant el qual tenim hui exemples de com hem evolucionat i de l&#8217;important que \u00e9s esta cultura en el patrimoni hist\u00f2ric de la humanitat\u201d.<\/p>\n\n\n\n<p class=\"wp-block-paragraph\">En este sentit, va voler destacar el comprom\u00eds de l&#8217;expert en m\u00fasica tradicional valenciana amb el can\u00e7oner musical de la nostra prov\u00edncia, \u201cque ha aconseguit que es preserven can\u00e7ons i melodies que s\u00f3n el batec de la nostra identitat\u201d, va apuntar l&#8217;alcaldessa.<\/p>\n\n\n\n<p class=\"wp-block-paragraph\">El cap de servei de l&#8217;\u00e0rea de Cultura de la corporaci\u00f3 provincial, Josep Vidal, va llegir l&#8217;acta en la qual tamb\u00e9 es definix a Pardo com una persona que, a trav\u00e9s de les seues publicacions, ha demostrat un amor immens a la seua comarca per\u00f2 tamb\u00e9 a altres comarques de la prov\u00edncia: \u201cAutor d&#8217;innombrables i molt diverses publicacions que exemplifiquen una vida d&#8217;investigaci\u00f3, estudi, dedicaci\u00f3 i amor desmesurada per la seua terra, per les seues tradicions i cultura\u201d, va exposar Vidal.<\/p>\n\n\n\n<p class=\"wp-block-paragraph\">Ferm\u00edn Pardo va posar tamb\u00e9 en peu al p\u00fablic que es va congregar en el Teatro Principal de Requena i que li va dedicar un aplaudiment de diversos minuts quan se li va fer entrega del reconeixement en una vetlada que va estar amenitzada amb m\u00fasica i balls tradicionals que van servir tamb\u00e9 per a posar en valor l&#8217;aportaci\u00f3 del veter\u00e0 professor a la cultura valenciana. Aix\u00ed, va actuar la Sociedad Musical Santa Cecilia de Requena, la Colla de Dol\u00e7aines i el Grup de Danses de la FFCV, a m\u00e9s del Grupo Cantares Viejos, creat pel mateix Pardo.<\/p>\n\n\n\n<p class=\"wp-block-paragraph\">L&#8217;\u00e0rea de Cultura de la Diputaci\u00f3 de Val\u00e8ncia t\u00e9 el comprom\u00eds de treballar i recolzar als pobles i a les comarques, aix\u00ed com a les seues entitats culturals i societats musicals, i ho fa, per exemple, promocionant la m\u00fasica dels nostres pobles amb el programa \u2018Val\u00e8ncia \u00e9s m\u00fasica\u2019; donant suport a la m\u00fasica i balls tradicionals tan ben mostrats en les trobades \u2018D\u2019Arrel\u2019, i portant l&#8217;\u00f2pera als pobles amb \u2018Les Arts volant\u2019, i amb una multitud d&#8217;activitats m\u00e9s que aconseguixen que la cultura arribe a tots i cadascun dels pobles de la prov\u00edncia.<\/p>\n","protected":false},"excerpt":{"rendered":"<div class=\"mh-excerpt\">Requena s&#8217;ha engalanat per a l\u2019acte d\u2019entrega dels \u2018Reconeixements de la Cultura 2023\u2019, que en esta ocasi\u00f3 distingix la prolongada carrera investigadora del veter\u00e0 professor Ferm\u00edn Pardo L&#8217;expert en m\u00fasica tradicional valenciana ha col\u00b7laborat durant <a class=\"mh-excerpt-more\" href=\"https:\/\/tucomarca.whitekongsoftware.com\/ca\/la-diputacio-de-valencia-premia-a-fermin-pardo-per-una-vida-dedicada-a-la-promocio-de-la-cultura\/\" title=\"La Diputaci\u00f3 de Val\u00e8ncia premia a Ferm\u00edn Pardo per una vida dedicada a la promoci\u00f3 de la cultura\">[+] <\/a><\/div>\n","protected":false},"author":12,"featured_media":202724,"comment_status":"open","ping_status":"open","sticky":false,"template":"","format":"standard","meta":{"footnotes":""},"categories":[10898,10894,11007,10947,10908,10909,10896],"tags":[11246,11099,10910],"class_list":["post-202728","post","type-post","status-publish","format-standard","has-post-thumbnail","category-ventana-ca","category-la-comarca-ca","category-ocio-y-cultura-ca","category-politica","category-requena-ca","category-requena-utiel-ca","category-seccion-ca","tag-diputacio-de-valencia-ca","tag-requena-ca","tag-requena-utiel-ca"],"_links":{"self":[{"href":"https:\/\/tucomarca.whitekongsoftware.com\/ca\/wp-json\/wp\/v2\/posts\/202728","targetHints":{"allow":["GET"]}}],"collection":[{"href":"https:\/\/tucomarca.whitekongsoftware.com\/ca\/wp-json\/wp\/v2\/posts"}],"about":[{"href":"https:\/\/tucomarca.whitekongsoftware.com\/ca\/wp-json\/wp\/v2\/types\/post"}],"author":[{"embeddable":true,"href":"https:\/\/tucomarca.whitekongsoftware.com\/ca\/wp-json\/wp\/v2\/users\/12"}],"replies":[{"embeddable":true,"href":"https:\/\/tucomarca.whitekongsoftware.com\/ca\/wp-json\/wp\/v2\/comments?post=202728"}],"version-history":[{"count":0,"href":"https:\/\/tucomarca.whitekongsoftware.com\/ca\/wp-json\/wp\/v2\/posts\/202728\/revisions"}],"wp:featuredmedia":[{"embeddable":true,"href":"https:\/\/tucomarca.whitekongsoftware.com\/ca\/wp-json\/wp\/v2\/media\/202724"}],"wp:attachment":[{"href":"https:\/\/tucomarca.whitekongsoftware.com\/ca\/wp-json\/wp\/v2\/media?parent=202728"}],"wp:term":[{"taxonomy":"category","embeddable":true,"href":"https:\/\/tucomarca.whitekongsoftware.com\/ca\/wp-json\/wp\/v2\/categories?post=202728"},{"taxonomy":"post_tag","embeddable":true,"href":"https:\/\/tucomarca.whitekongsoftware.com\/ca\/wp-json\/wp\/v2\/tags?post=202728"}],"curies":[{"name":"wp","href":"https:\/\/api.w.org\/{rel}","templated":true}]}}