{"id":202651,"date":"2023-11-13T10:00:00","date_gmt":"2023-11-13T09:00:00","guid":{"rendered":"https:\/\/www.tucomarca.com\/wordpress\/segunda\/?p=202651"},"modified":"2023-11-13T21:00:05","modified_gmt":"2023-11-13T20:00:05","slug":"el-grupo-social-once-ofereix-lisistrata-en-el-teatre-ideal-de-turis","status":"publish","type":"post","link":"https:\/\/tucomarca.whitekongsoftware.com\/ca\/el-grupo-social-once-ofereix-lisistrata-en-el-teatre-ideal-de-turis\/","title":{"rendered":"El Grupo Social ONCE ofereix \u201cLis\u00edstrata\u201d en el Teatre Ideal de Tur\u00eds"},"content":{"rendered":"\n<h4 class=\"wp-block-heading\">El quadre d\u2019actors est\u00e1 integrat per persones amb visibilitat redu\u00efda<\/h4>\n\n\n\n<p class=\"wp-block-paragraph\">El Teatre Ideal acollir\u00e0 el pr\u00f2xim divendres, 17 de novembre, a les 18.00 h, la representaci\u00f3 de \u201cLis\u00edstrata\u201d, d&#8217;Arist\u00f2fanes.<\/p>\n\n\n\n<p class=\"wp-block-paragraph\">Esta actuaci\u00f3 ser\u00e0 molt especial perqu\u00e8 est\u00e0 inclosa dins les activitats que est\u00e0 oferint l&#8217;ONCE en la seua Setmana del Grup Social ONCE i estar\u00e0 interpretada per persones amb visibilitat redu\u00efda.<\/p>\n\n\n\n<p class=\"wp-block-paragraph\">Esta potent proposta cultural ofereix una bona oportunitat per contemplar exemples de superaci\u00f3 gaudint d\u2019un cl\u00e0ssic grec amb el qual Arist\u00f2fanes def\u00e9n solucions pac\u00edfiques contra aquells que impulsen al poble a la guerra.<\/p>\n\n\n\n<p class=\"wp-block-paragraph\">A m\u00e9s \u00e9s accessible a tots els p\u00fablics, ja que l\u2019entrada \u00e9s gratu\u00efta.<\/p>\n\n\n\n<p class=\"wp-block-paragraph\">L&#8217;Alcalde, Ismael Corell, i Marta M\u00ednguez Real, directora de l&#8217;ONCE en Ll\u00edria, presentaren p\u00fablicament l\u2019esdeveniment.<\/p>\n\n\n\n<figure class=\"wp-block-image size-large\"><img loading=\"lazy\" decoding=\"async\" width=\"724\" height=\"1024\" src=\"http:\/\/www.tucomarca.com\/wordpress\/segunda\/wp-content\/uploads\/2023\/11\/TurisTeatroONCE2-724x1024.jpg\" alt=\"\" class=\"wp-image-202648\" srcset=\"https:\/\/tucomarca.whitekongsoftware.com\/wp-content\/uploads\/2023\/11\/TurisTeatroONCE2-724x1024.jpg 724w, https:\/\/tucomarca.whitekongsoftware.com\/wp-content\/uploads\/2023\/11\/TurisTeatroONCE2-212x300.jpg 212w, https:\/\/tucomarca.whitekongsoftware.com\/wp-content\/uploads\/2023\/11\/TurisTeatroONCE2-768x1086.jpg 768w, https:\/\/tucomarca.whitekongsoftware.com\/wp-content\/uploads\/2023\/11\/TurisTeatroONCE2.jpg 886w\" sizes=\"auto, (max-width: 724px) 100vw, 724px\" \/><\/figure>\n","protected":false},"excerpt":{"rendered":"<div class=\"mh-excerpt\">El quadre d\u2019actors est\u00e1 integrat per persones amb visibilitat redu\u00efda El Teatre Ideal acollir\u00e0 el pr\u00f2xim divendres, 17 de novembre, a les 18.00 h, la representaci\u00f3 de \u201cLis\u00edstrata\u201d, d&#8217;Arist\u00f2fanes. Esta actuaci\u00f3 ser\u00e0 molt especial perqu\u00e8 <a class=\"mh-excerpt-more\" href=\"https:\/\/tucomarca.whitekongsoftware.com\/ca\/el-grupo-social-once-ofereix-lisistrata-en-el-teatre-ideal-de-turis\/\" title=\"El Grupo Social ONCE ofereix \u201cLis\u00edstrata\u201d en el Teatre Ideal de Tur\u00eds\">[+] <\/a><\/div>\n","protected":false},"author":12,"featured_media":202647,"comment_status":"open","ping_status":"open","sticky":false,"template":"","format":"standard","meta":{"footnotes":""},"categories":[11019,10894,10902,11007,10896,11047],"tags":[19863,11356,11093],"class_list":["post-202651","post","type-post","status-publish","format-standard","has-post-thumbnail","category-agenda-ca","category-la-comarca-ca","category-la-ribera-ca","category-ocio-y-cultura-ca","category-seccion-ca","category-turis-ca","tag-grupo-social-once-ca","tag-ribera-alta-ca","tag-turis-ca"],"_links":{"self":[{"href":"https:\/\/tucomarca.whitekongsoftware.com\/ca\/wp-json\/wp\/v2\/posts\/202651","targetHints":{"allow":["GET"]}}],"collection":[{"href":"https:\/\/tucomarca.whitekongsoftware.com\/ca\/wp-json\/wp\/v2\/posts"}],"about":[{"href":"https:\/\/tucomarca.whitekongsoftware.com\/ca\/wp-json\/wp\/v2\/types\/post"}],"author":[{"embeddable":true,"href":"https:\/\/tucomarca.whitekongsoftware.com\/ca\/wp-json\/wp\/v2\/users\/12"}],"replies":[{"embeddable":true,"href":"https:\/\/tucomarca.whitekongsoftware.com\/ca\/wp-json\/wp\/v2\/comments?post=202651"}],"version-history":[{"count":0,"href":"https:\/\/tucomarca.whitekongsoftware.com\/ca\/wp-json\/wp\/v2\/posts\/202651\/revisions"}],"wp:featuredmedia":[{"embeddable":true,"href":"https:\/\/tucomarca.whitekongsoftware.com\/ca\/wp-json\/wp\/v2\/media\/202647"}],"wp:attachment":[{"href":"https:\/\/tucomarca.whitekongsoftware.com\/ca\/wp-json\/wp\/v2\/media?parent=202651"}],"wp:term":[{"taxonomy":"category","embeddable":true,"href":"https:\/\/tucomarca.whitekongsoftware.com\/ca\/wp-json\/wp\/v2\/categories?post=202651"},{"taxonomy":"post_tag","embeddable":true,"href":"https:\/\/tucomarca.whitekongsoftware.com\/ca\/wp-json\/wp\/v2\/tags?post=202651"}],"curies":[{"name":"wp","href":"https:\/\/api.w.org\/{rel}","templated":true}]}}