{"id":202625,"date":"2023-11-13T12:12:00","date_gmt":"2023-11-13T11:12:00","guid":{"rendered":"https:\/\/www.tucomarca.com\/wordpress\/segunda\/?p=202625"},"modified":"2023-11-13T21:12:45","modified_gmt":"2023-11-13T20:12:45","slug":"lajuntament-de-xiva-es-reuneix-amb-representants-dels-disseminats","status":"publish","type":"post","link":"https:\/\/tucomarca.whitekongsoftware.com\/ca\/lajuntament-de-xiva-es-reuneix-amb-representants-dels-disseminats\/","title":{"rendered":"L&#8217;Ajuntament de Xiva es reuneix amb representants dels disseminats"},"content":{"rendered":"\n<p class=\"wp-block-paragraph\">L&#8217;Ajuntament de Xiva ha mantingut una nova reuni\u00f3 amb els representants dels disseminats del terme municipal.<br>En aquesta reuni\u00f3 s&#8217;ha informat els assistents sobre les actuacions realitzades fins al moment en aquests nuclis, especialment les relacionades amb la recollida de fem, desbrossament, manteniment i seguretat.<br>De la mateixa manera, s&#8217;ha informat sobre les propostes sobre les quals s&#8217;est\u00e0 treballant i la voluntat de mantindre reunions peri\u00f2diques des de les quals anar abordant les solucions als nombrosos problemes que presenten els disseminats de Xiva.<br>A la reuni\u00f3 han assistit els representants de La Incolla, La Mitgera, Entrepinos, la Canyada del Toll, Corral de Carmelo, Miralcampo, Els Felipes, Queixal els Mangues, Pol\u00edgon 16, 27, Tel\u00e8grafs, Zona Zapata, Casa Parra i Rinc\u00f3n de Checa.<\/p>\n\n\n\n<p class=\"wp-block-paragraph\"><\/p>\n","protected":false},"excerpt":{"rendered":"<div class=\"mh-excerpt\">L&#8217;Ajuntament de Xiva ha mantingut una nova reuni\u00f3 amb els representants dels disseminats del terme municipal.En aquesta reuni\u00f3 s&#8217;ha informat els assistents sobre les actuacions realitzades fins al moment en aquests nuclis, especialment les relacionades <a class=\"mh-excerpt-more\" href=\"https:\/\/tucomarca.whitekongsoftware.com\/ca\/lajuntament-de-xiva-es-reuneix-amb-representants-dels-disseminats\/\" title=\"L&#8217;Ajuntament de Xiva es reuneix amb representants dels disseminats\">[+] <\/a><\/div>\n","protected":false},"author":12,"featured_media":202622,"comment_status":"open","ping_status":"open","sticky":false,"template":"","format":"standard","meta":{"footnotes":""},"categories":[10948,10894,10912,10947,10975],"tags":[11195,19861,10914],"class_list":["post-202625","post","type-post","status-publish","format-standard","has-post-thumbnail","category-infraestructuras-ca","category-la-comarca-ca","category-la-hoya-ca","category-politica","category-chiva-ca","tag-chiva-ca","tag-diseminados-ca","tag-la-hoya-de-bunol-chiva-ca"],"_links":{"self":[{"href":"https:\/\/tucomarca.whitekongsoftware.com\/ca\/wp-json\/wp\/v2\/posts\/202625","targetHints":{"allow":["GET"]}}],"collection":[{"href":"https:\/\/tucomarca.whitekongsoftware.com\/ca\/wp-json\/wp\/v2\/posts"}],"about":[{"href":"https:\/\/tucomarca.whitekongsoftware.com\/ca\/wp-json\/wp\/v2\/types\/post"}],"author":[{"embeddable":true,"href":"https:\/\/tucomarca.whitekongsoftware.com\/ca\/wp-json\/wp\/v2\/users\/12"}],"replies":[{"embeddable":true,"href":"https:\/\/tucomarca.whitekongsoftware.com\/ca\/wp-json\/wp\/v2\/comments?post=202625"}],"version-history":[{"count":0,"href":"https:\/\/tucomarca.whitekongsoftware.com\/ca\/wp-json\/wp\/v2\/posts\/202625\/revisions"}],"wp:featuredmedia":[{"embeddable":true,"href":"https:\/\/tucomarca.whitekongsoftware.com\/ca\/wp-json\/wp\/v2\/media\/202622"}],"wp:attachment":[{"href":"https:\/\/tucomarca.whitekongsoftware.com\/ca\/wp-json\/wp\/v2\/media?parent=202625"}],"wp:term":[{"taxonomy":"category","embeddable":true,"href":"https:\/\/tucomarca.whitekongsoftware.com\/ca\/wp-json\/wp\/v2\/categories?post=202625"},{"taxonomy":"post_tag","embeddable":true,"href":"https:\/\/tucomarca.whitekongsoftware.com\/ca\/wp-json\/wp\/v2\/tags?post=202625"}],"curies":[{"name":"wp","href":"https:\/\/api.w.org\/{rel}","templated":true}]}}