{"id":202536,"date":"2023-11-09T11:00:00","date_gmt":"2023-11-09T10:00:00","guid":{"rendered":"https:\/\/www.tucomarca.com\/wordpress\/segunda\/?p=202536"},"modified":"2023-11-09T18:25:04","modified_gmt":"2023-11-09T17:25:04","slug":"lajuntament-de-benaguasil-acosta-europa-als-alcaldes-i-regidors-del-camp-de-turia","status":"publish","type":"post","link":"https:\/\/tucomarca.whitekongsoftware.com\/ca\/lajuntament-de-benaguasil-acosta-europa-als-alcaldes-i-regidors-del-camp-de-turia\/","title":{"rendered":"L&#8217;Ajuntament de Benaguasil acosta Europa als alcaldes i regidors del Camp de T\u00faria"},"content":{"rendered":"\n<h4 class=\"wp-block-heading\">La visita institucional ha sigut gestionada per l&#8217;Ajuntament de Benaguasil despr\u00e9s de sol\u00b7licitar-la a l&#8217;eurodiputat Margallo.<\/h4>\n\n\n\n<h4 class=\"wp-block-heading\">El programa inclou visites a les institucions europees i xarrades sobre fons europeus.<\/h4>\n\n\n\n<p class=\"wp-block-paragraph\">Una comitiva d&#8217;alcaldes i regidors de la comarca del Camp de T\u00faria ha viatjat a Brussel\u00b7les per a con\u00e9ixer de primera m\u00e0 les institucions europees, els seus fins i funcionament, aix\u00ed com els diferents fons europeus.<br>Es tracta d&#8217;un viatge que es produeix despr\u00e9s de la proposta de l&#8217;Ajuntament de Benaguasil a l&#8217;eurodiputat Jose Manuel Garc\u00eda Margallo plantejant-li la visita.<br>El grup estar\u00e0 a Brussel\u00b7les des de hui fins al pr\u00f2xim 11 de novembre, tenint prevista una agenda de visites i reunions que tenen com a denominador com\u00fa afermar el coneixement dels municipis sobre fons europeus, fomentar possibles col\u00b7laboracions p\u00fablic-privades que es transformen en nous projectes i revertir en oportunitats de desenvolupament per als 17 municipis de la comarca i la seua ciutadania.&nbsp;<br>A m\u00e9s de visitar el Parlament Europeu, on la delegaci\u00f3 tindr\u00e0 l&#8217;oportunitat de parlar i debatre amb l&#8217;eurodiputat Margallo, els representants institucionals visitaran tamb\u00e9 la Casa de la Hist\u00f2ria Europea i la Fundaci\u00f3 Comunitat Valenciana Regi\u00f3 Europea. Ser\u00e0 all\u00ed on est\u00e0 previst un taller sobre fons europeus.<br>Des de l&#8217;Ajuntament de Benaguasil han assenyalat que \u201cel viatge \u00e9s finan\u00e7at en la seua major part per la Uni\u00f3 Europea i suposa una gran oportunitat per a traslladar les necessitats a les autoritats europees i buscar possibles l\u00ednies de col\u00b7laboraci\u00f3 o finan\u00e7ament que puga concedir la Uni\u00f3 Europea\u201d.<\/p>\n\n\n\n<p class=\"wp-block-paragraph\">Cal assenyalar que Benaguasil, a trav\u00e9s de l&#8217;Oficina de Projectes Europeus, ha participat aquest \u00faltim any en nombrosos projectes europeus, liderant dos d&#8217;ells, conscient de la import\u00e0ncia d&#8217;acollir-se a les oportunitats i processos que atorga la Uni\u00f3 Europea. Aix\u00f2 ha propiciat que Benaguasil siga municipi referent en la gesti\u00f3 de projectes europeus.<\/p>\n\n\n\n<figure class=\"wp-block-image size-full\"><img loading=\"lazy\" decoding=\"async\" width=\"1024\" height=\"768\" src=\"http:\/\/www.tucomarca.com\/wordpress\/segunda\/wp-content\/uploads\/2023\/11\/BenaguasilEuropa2.jpg\" alt=\"\" class=\"wp-image-202531\" srcset=\"https:\/\/tucomarca.whitekongsoftware.com\/wp-content\/uploads\/2023\/11\/BenaguasilEuropa2.jpg 1024w, https:\/\/tucomarca.whitekongsoftware.com\/wp-content\/uploads\/2023\/11\/BenaguasilEuropa2-300x225.jpg 300w, https:\/\/tucomarca.whitekongsoftware.com\/wp-content\/uploads\/2023\/11\/BenaguasilEuropa2-768x576.jpg 768w, https:\/\/tucomarca.whitekongsoftware.com\/wp-content\/uploads\/2023\/11\/BenaguasilEuropa2-678x509.jpg 678w, https:\/\/tucomarca.whitekongsoftware.com\/wp-content\/uploads\/2023\/11\/BenaguasilEuropa2-326x245.jpg 326w, https:\/\/tucomarca.whitekongsoftware.com\/wp-content\/uploads\/2023\/11\/BenaguasilEuropa2-80x60.jpg 80w\" sizes=\"auto, (max-width: 1024px) 100vw, 1024px\" \/><\/figure>\n","protected":false},"excerpt":{"rendered":"<div class=\"mh-excerpt\">La visita institucional ha sigut gestionada per l&#8217;Ajuntament de Benaguasil despr\u00e9s de sol\u00b7licitar-la a l&#8217;eurodiputat Margallo. El programa inclou visites a les institucions europees i xarrades sobre fons europeus. Una comitiva d&#8217;alcaldes i regidors de <a class=\"mh-excerpt-more\" href=\"https:\/\/tucomarca.whitekongsoftware.com\/ca\/lajuntament-de-benaguasil-acosta-europa-als-alcaldes-i-regidors-del-camp-de-turia\/\" title=\"L&#8217;Ajuntament de Benaguasil acosta Europa als alcaldes i regidors del Camp de T\u00faria\">[+] <\/a><\/div>\n","protected":false},"author":12,"featured_media":202534,"comment_status":"open","ping_status":"open","sticky":false,"template":"","format":"image","meta":{"footnotes":""},"categories":[10952,10892,10948,10894,10947,10896],"tags":[11136,10899,18804],"class_list":["post-202536","post","type-post","status-publish","format-image","has-post-thumbnail","category-benaguasil-ca","category-camp-de-turia-ca","category-infraestructuras-ca","category-la-comarca-ca","category-politica","category-seccion-ca","tag-benaguasil-ca","tag-camp-de-turia-ca","tag-europa-ca","post_format-post-format-image"],"_links":{"self":[{"href":"https:\/\/tucomarca.whitekongsoftware.com\/ca\/wp-json\/wp\/v2\/posts\/202536","targetHints":{"allow":["GET"]}}],"collection":[{"href":"https:\/\/tucomarca.whitekongsoftware.com\/ca\/wp-json\/wp\/v2\/posts"}],"about":[{"href":"https:\/\/tucomarca.whitekongsoftware.com\/ca\/wp-json\/wp\/v2\/types\/post"}],"author":[{"embeddable":true,"href":"https:\/\/tucomarca.whitekongsoftware.com\/ca\/wp-json\/wp\/v2\/users\/12"}],"replies":[{"embeddable":true,"href":"https:\/\/tucomarca.whitekongsoftware.com\/ca\/wp-json\/wp\/v2\/comments?post=202536"}],"version-history":[{"count":0,"href":"https:\/\/tucomarca.whitekongsoftware.com\/ca\/wp-json\/wp\/v2\/posts\/202536\/revisions"}],"wp:featuredmedia":[{"embeddable":true,"href":"https:\/\/tucomarca.whitekongsoftware.com\/ca\/wp-json\/wp\/v2\/media\/202534"}],"wp:attachment":[{"href":"https:\/\/tucomarca.whitekongsoftware.com\/ca\/wp-json\/wp\/v2\/media?parent=202536"}],"wp:term":[{"taxonomy":"category","embeddable":true,"href":"https:\/\/tucomarca.whitekongsoftware.com\/ca\/wp-json\/wp\/v2\/categories?post=202536"},{"taxonomy":"post_tag","embeddable":true,"href":"https:\/\/tucomarca.whitekongsoftware.com\/ca\/wp-json\/wp\/v2\/tags?post=202536"}],"curies":[{"name":"wp","href":"https:\/\/api.w.org\/{rel}","templated":true}]}}