{"id":202526,"date":"2023-11-09T09:00:00","date_gmt":"2023-11-09T08:00:00","guid":{"rendered":"https:\/\/www.tucomarca.com\/wordpress\/segunda\/?p=202526"},"modified":"2023-11-09T18:17:06","modified_gmt":"2023-11-09T17:17:06","slug":"justicia-finalitza-la-installacio-de-61-panells-fotovoltaics-per-a-autoconsum-a-la-seu-judicial-de-carlet","status":"publish","type":"post","link":"https:\/\/tucomarca.whitekongsoftware.com\/ca\/justicia-finalitza-la-installacio-de-61-panells-fotovoltaics-per-a-autoconsum-a-la-seu-judicial-de-carlet\/","title":{"rendered":"Just\u00edcia finalitza la instal\u00b7laci\u00f3 de 61 panells fotovoltaics per a autoconsum a la seu judicial de Carlet"},"content":{"rendered":"\n<h4 class=\"wp-block-heading\">Els panells, amb una pot\u00e8ncia total de 27,45 kWp, estalviaran aproximadament el 25 % d&#8217;energia el\u00e8ctrica a l&#8217;edifici<\/h4>\n\n\n\n<p class=\"wp-block-paragraph\">La Conselleria de Just\u00edcia i Interior ha finalitzat la instal\u00b7laci\u00f3 de 61 panells fotovoltaics per a autoconsum de la seu judicial de Carlet. La instal\u00b7laci\u00f3 ha suposat una inversi\u00f3 de 40.884,69 euros.<\/p>\n\n\n\n<p class=\"wp-block-paragraph\">Els panells, amb una pot\u00e8ncia total de 27,45 kWp estalviaran aproximadament el 25 % d\u2019energia el\u00e8ctrica a l\u2019edifici. En les hores del dia de producci\u00f3 solar, l\u2019energia el\u00e8ctrica generada pels panells fotovoltaics suplir\u00e0 part de l\u2019energia del subministrament el\u00e8ctric convencional, i com s\u2019aprofita la major part de l\u2019energia generada per a autoconsum a penes hi ha excedents.<\/p>\n\n\n\n<p class=\"wp-block-paragraph\">Les obres inclouen el monitoratge de les plantes per a visualitzar en temps real, des d\u2019una p\u00e0gina web, la producci\u00f3 d\u2019energia, els consums totals de l\u2019edifici i l\u2019estat de les instal\u00b7lacions, i tamb\u00e9 la instal\u00b7laci\u00f3 d\u2019una pantalla de televisi\u00f3 en l\u2019acc\u00e9s dels edificis on es podr\u00e0 visualitzar la generaci\u00f3 d\u2019energia en temps real i l\u2019estalvi d\u2019emissions de CO\u2082.<\/p>\n\n\n\n<p class=\"wp-block-paragraph\">Estes instal\u00b7lacions s\u2019han dissenyat aprofitant tota la superf\u00edcie disponible en la coberta, no afectada per ombres d\u2019altres instal\u00b7lacions o edificis i amb panells fotovoltaics d\u2019\u00faltima generaci\u00f3.<\/p>\n\n\n\n<p class=\"wp-block-paragraph\">Esta actuaci\u00f3 est\u00e0 subvencionada per fons europeus Next Generation, tramitats a trav\u00e9s de l\u2019Ivace.<\/p>\n","protected":false},"excerpt":{"rendered":"<div class=\"mh-excerpt\">Els panells, amb una pot\u00e8ncia total de 27,45 kWp, estalviaran aproximadament el 25 % d&#8217;energia el\u00e8ctrica a l&#8217;edifici La Conselleria de Just\u00edcia i Interior ha finalitzat la instal\u00b7laci\u00f3 de 61 panells fotovoltaics per a autoconsum <a class=\"mh-excerpt-more\" href=\"https:\/\/tucomarca.whitekongsoftware.com\/ca\/justicia-finalitza-la-installacio-de-61-panells-fotovoltaics-per-a-autoconsum-a-la-seu-judicial-de-carlet\/\" title=\"Just\u00edcia finalitza la instal\u00b7laci\u00f3 de 61 panells fotovoltaics per a autoconsum a la seu judicial de Carlet\">[+] <\/a><\/div>\n","protected":false},"author":12,"featured_media":202525,"comment_status":"open","ping_status":"open","sticky":false,"template":"","format":"standard","meta":{"footnotes":""},"categories":[10990,10898,10948,10894,10902,10903,10947,10896],"tags":[11082,15050,17451,11356],"class_list":["post-202526","post","type-post","status-publish","format-standard","has-post-thumbnail","category-carlet-ca","category-ventana-ca","category-infraestructuras-ca","category-la-comarca-ca","category-la-ribera-ca","category-medio-ambiente-la-comarca-ca","category-politica","category-seccion-ca","tag-carlet-ca","tag-conselleria-de-justicia-ca","tag-juzgados-3-y-4-de-carlet-ca","tag-ribera-alta-ca"],"_links":{"self":[{"href":"https:\/\/tucomarca.whitekongsoftware.com\/ca\/wp-json\/wp\/v2\/posts\/202526","targetHints":{"allow":["GET"]}}],"collection":[{"href":"https:\/\/tucomarca.whitekongsoftware.com\/ca\/wp-json\/wp\/v2\/posts"}],"about":[{"href":"https:\/\/tucomarca.whitekongsoftware.com\/ca\/wp-json\/wp\/v2\/types\/post"}],"author":[{"embeddable":true,"href":"https:\/\/tucomarca.whitekongsoftware.com\/ca\/wp-json\/wp\/v2\/users\/12"}],"replies":[{"embeddable":true,"href":"https:\/\/tucomarca.whitekongsoftware.com\/ca\/wp-json\/wp\/v2\/comments?post=202526"}],"version-history":[{"count":0,"href":"https:\/\/tucomarca.whitekongsoftware.com\/ca\/wp-json\/wp\/v2\/posts\/202526\/revisions"}],"wp:featuredmedia":[{"embeddable":true,"href":"https:\/\/tucomarca.whitekongsoftware.com\/ca\/wp-json\/wp\/v2\/media\/202525"}],"wp:attachment":[{"href":"https:\/\/tucomarca.whitekongsoftware.com\/ca\/wp-json\/wp\/v2\/media?parent=202526"}],"wp:term":[{"taxonomy":"category","embeddable":true,"href":"https:\/\/tucomarca.whitekongsoftware.com\/ca\/wp-json\/wp\/v2\/categories?post=202526"},{"taxonomy":"post_tag","embeddable":true,"href":"https:\/\/tucomarca.whitekongsoftware.com\/ca\/wp-json\/wp\/v2\/tags?post=202526"}],"curies":[{"name":"wp","href":"https:\/\/api.w.org\/{rel}","templated":true}]}}