{"id":202504,"date":"2023-11-09T12:00:00","date_gmt":"2023-11-09T11:00:00","guid":{"rendered":"https:\/\/www.tucomarca.com\/wordpress\/segunda\/?p=202504"},"modified":"2023-11-09T18:21:36","modified_gmt":"2023-11-09T17:21:36","slug":"lassociacio-colectiva27-realitza-un-mural-en-el-safareig-de-venda-gaeta","status":"publish","type":"post","link":"https:\/\/tucomarca.whitekongsoftware.com\/ca\/lassociacio-colectiva27-realitza-un-mural-en-el-safareig-de-venda-gaeta\/","title":{"rendered":"Fotogaler\u00eda: L&#8217;associaci\u00f3 Colectiva27 realitza un mural en el safareig de Venda Gaeta\u00a0"},"content":{"rendered":"\n<p class=\"wp-block-paragraph\">Colectiva27 \u00e9s una associaci\u00f3 art\u00edstica i cultural amb seu en Venda de Gaeta, en la seua adn est\u00e0 la promoci\u00f3 de l&#8217;art i la cura de l&#8217;entorn.<\/p>\n\n\n\n<p class=\"wp-block-paragraph\">A aquest efecte l&#8217;any passat l&#8217;associaci\u00f3 va organitzar una recollida de residus en la Rambla dels Gallecs, situada en Venda de Gaeta, convidant a 20&nbsp; artistes que van deixar les seues creacions en la pr\u00f2pia Rambla amb els residus pesats que no van poder traure&#8217;s, un total de deu escultures compostes de bidons, carretons, somiers etc., que formen ja part d&#8217;una ruta cultural que es promocionar\u00e0 en l&#8217;oficina de turisme de Cortes de Pallars.<\/p>\n\n\n\n<p class=\"wp-block-paragraph\">Per a commemorar aquest fet Colectiva27 est\u00e0 realitzant un mural enfront del safareig del citat llogaret per a assenyalar el comen\u00e7ament de la ruta i deixar aix\u00ed const\u00e0ncia de l&#8217;esdeveniment regenerador de la Rambla dels Gallecs.&nbsp;<\/p>\n\n\n\n<p class=\"wp-block-paragraph\">En tot aquest proc\u00e9s l&#8217;associaci\u00f3 ha comptat amb el suport de l&#8217;Ajuntament de Cortes de Pallars.<\/p>\n\n\n\n<figure class=\"wp-block-gallery has-nested-images columns-2 is-cropped wp-block-gallery-1 is-layout-flex wp-block-gallery-is-layout-flex\">\n<figure class=\"wp-block-image size-large\"><img loading=\"lazy\" decoding=\"async\" width=\"1181\" height=\"1201\" data-id=\"202491\" src=\"http:\/\/www.tucomarca.com\/wordpress\/segunda\/wp-content\/uploads\/2023\/11\/CAMI_N_ARTE_1.jpg\" alt=\"\" class=\"wp-image-202491\" srcset=\"https:\/\/tucomarca.whitekongsoftware.com\/wp-content\/uploads\/2023\/11\/CAMI_N_ARTE_1.jpg 1181w, https:\/\/tucomarca.whitekongsoftware.com\/wp-content\/uploads\/2023\/11\/CAMI_N_ARTE_1-295x300.jpg 295w, https:\/\/tucomarca.whitekongsoftware.com\/wp-content\/uploads\/2023\/11\/CAMI_N_ARTE_1-1007x1024.jpg 1007w, https:\/\/tucomarca.whitekongsoftware.com\/wp-content\/uploads\/2023\/11\/CAMI_N_ARTE_1-768x781.jpg 768w\" sizes=\"auto, (max-width: 1181px) 100vw, 1181px\" \/><\/figure>\n\n\n\n<figure class=\"wp-block-image size-large\"><img loading=\"lazy\" decoding=\"async\" width=\"1181\" height=\"573\" data-id=\"202493\" src=\"http:\/\/www.tucomarca.com\/wordpress\/segunda\/wp-content\/uploads\/2023\/11\/CAMI_N_ARTE_2.jpg\" alt=\"\" class=\"wp-image-202493\" srcset=\"https:\/\/tucomarca.whitekongsoftware.com\/wp-content\/uploads\/2023\/11\/CAMI_N_ARTE_2.jpg 1181w, https:\/\/tucomarca.whitekongsoftware.com\/wp-content\/uploads\/2023\/11\/CAMI_N_ARTE_2-300x146.jpg 300w, https:\/\/tucomarca.whitekongsoftware.com\/wp-content\/uploads\/2023\/11\/CAMI_N_ARTE_2-1024x497.jpg 1024w, https:\/\/tucomarca.whitekongsoftware.com\/wp-content\/uploads\/2023\/11\/CAMI_N_ARTE_2-768x373.jpg 768w\" sizes=\"auto, (max-width: 1181px) 100vw, 1181px\" \/><\/figure>\n\n\n\n<figure class=\"wp-block-image size-large\"><img loading=\"lazy\" decoding=\"async\" width=\"886\" height=\"761\" data-id=\"202497\" src=\"http:\/\/www.tucomarca.com\/wordpress\/segunda\/wp-content\/uploads\/2023\/11\/CAMI_N_ARTE_4.jpg\" alt=\"\" class=\"wp-image-202497\" srcset=\"https:\/\/tucomarca.whitekongsoftware.com\/wp-content\/uploads\/2023\/11\/CAMI_N_ARTE_4.jpg 886w, https:\/\/tucomarca.whitekongsoftware.com\/wp-content\/uploads\/2023\/11\/CAMI_N_ARTE_4-300x258.jpg 300w, https:\/\/tucomarca.whitekongsoftware.com\/wp-content\/uploads\/2023\/11\/CAMI_N_ARTE_4-768x660.jpg 768w\" sizes=\"auto, (max-width: 886px) 100vw, 886px\" \/><\/figure>\n\n\n\n<figure class=\"wp-block-image size-large\"><img loading=\"lazy\" decoding=\"async\" width=\"1181\" height=\"665\" data-id=\"202495\" src=\"http:\/\/www.tucomarca.com\/wordpress\/segunda\/wp-content\/uploads\/2023\/11\/CAMI_N_ARTE_3.jpg\" alt=\"\" class=\"wp-image-202495\" srcset=\"https:\/\/tucomarca.whitekongsoftware.com\/wp-content\/uploads\/2023\/11\/CAMI_N_ARTE_3.jpg 1181w, https:\/\/tucomarca.whitekongsoftware.com\/wp-content\/uploads\/2023\/11\/CAMI_N_ARTE_3-300x169.jpg 300w, https:\/\/tucomarca.whitekongsoftware.com\/wp-content\/uploads\/2023\/11\/CAMI_N_ARTE_3-1024x577.jpg 1024w, https:\/\/tucomarca.whitekongsoftware.com\/wp-content\/uploads\/2023\/11\/CAMI_N_ARTE_3-768x432.jpg 768w, https:\/\/tucomarca.whitekongsoftware.com\/wp-content\/uploads\/2023\/11\/CAMI_N_ARTE_3-678x381.jpg 678w\" sizes=\"auto, (max-width: 1181px) 100vw, 1181px\" \/><\/figure>\n<\/figure>\n\n\n\n<p class=\"wp-block-paragraph\"><strong>CAMI_N_ART&nbsp;Projecte Transformador Art\u00edstic en el Medi rural&nbsp;<\/strong><\/p>\n\n\n\n<p class=\"wp-block-paragraph\">Creaci\u00f3 davant la degradaci\u00f3. Colectiva27 pret\u00e9n portar una acci\u00f3 art\u00edstica per a conscienciar a trav\u00e9s de l&#8217;art de la necessitat de cuidar el nostre entorn.&nbsp;<\/p>\n\n\n\n<p class=\"wp-block-paragraph\">L&#8217;acci\u00f3 de caminar, netejar, recollir, reutilitzar, denunciar, crear, porta implicita, dins d&#8217;aquest context, la seua filosofia creativa art\u00edstica: la sostenibilitat, el paisatge, la cura, la sensibilitat, l&#8217;acci\u00f3, la instal\u00b7laci\u00f3, la transformaci\u00f3.&nbsp;<\/p>\n\n\n\n<p class=\"wp-block-paragraph\">En definitiva, la cultura de la naturalesa i la intervenci\u00f3 de l&#8217;espai com a discurs vivencial i art\u00edstic&nbsp; i la documentaci\u00f3 de tot el proc\u00e9s i l&#8217;acci\u00f3 art\u00edstica, denunciant l&#8217;acci\u00f3 degradant de l&#8217;entorn.<\/p>\n\n\n\n<p class=\"wp-block-paragraph\"><strong>Participants<\/strong><\/p>\n\n\n\n<p class=\"wp-block-paragraph\">7 artistes de Colectiva27, 20 artistes per ordre d&#8217;inscripci\u00f3, membres de la corporaci\u00f3 municipal, premsa, acci\u00f3 pel medi ambient i la naturalesa.<\/p>\n","protected":false},"excerpt":{"rendered":"<div class=\"mh-excerpt\">Colectiva27 \u00e9s una associaci\u00f3 art\u00edstica i cultural amb seu en Venda de Gaeta, en la seua adn est\u00e0 la promoci\u00f3 de l&#8217;art i la cura de l&#8217;entorn. A aquest efecte l&#8217;any passat l&#8217;associaci\u00f3 va organitzar <a class=\"mh-excerpt-more\" href=\"https:\/\/tucomarca.whitekongsoftware.com\/ca\/lassociacio-colectiva27-realitza-un-mural-en-el-safareig-de-venda-gaeta\/\" title=\"Fotogaler\u00eda: L&#8217;associaci\u00f3 Colectiva27 realitza un mural en el safareig de Venda Gaeta\u00a0\">[+] <\/a><\/div>\n","protected":false},"author":12,"featured_media":202500,"comment_status":"open","ping_status":"open","sticky":false,"template":"","format":"gallery","meta":{"footnotes":""},"categories":[11019,10951,10953,10894,11007,10896],"tags":[18362,11521,18336],"class_list":["post-202504","post","type-post","status-publish","format-gallery","has-post-thumbnail","category-agenda-ca","category-ayora-cofrentes-ca","category-cortes-de-pallas-ca","category-la-comarca-ca","category-ocio-y-cultura-ca","category-seccion-ca","tag-ayora-cofrentes-2-ca","tag-ayuntamiento-de-cortes-de-pallas-ca","tag-venta-gaeta-ca","post_format-post-format-gallery"],"_links":{"self":[{"href":"https:\/\/tucomarca.whitekongsoftware.com\/ca\/wp-json\/wp\/v2\/posts\/202504","targetHints":{"allow":["GET"]}}],"collection":[{"href":"https:\/\/tucomarca.whitekongsoftware.com\/ca\/wp-json\/wp\/v2\/posts"}],"about":[{"href":"https:\/\/tucomarca.whitekongsoftware.com\/ca\/wp-json\/wp\/v2\/types\/post"}],"author":[{"embeddable":true,"href":"https:\/\/tucomarca.whitekongsoftware.com\/ca\/wp-json\/wp\/v2\/users\/12"}],"replies":[{"embeddable":true,"href":"https:\/\/tucomarca.whitekongsoftware.com\/ca\/wp-json\/wp\/v2\/comments?post=202504"}],"version-history":[{"count":0,"href":"https:\/\/tucomarca.whitekongsoftware.com\/ca\/wp-json\/wp\/v2\/posts\/202504\/revisions"}],"wp:featuredmedia":[{"embeddable":true,"href":"https:\/\/tucomarca.whitekongsoftware.com\/ca\/wp-json\/wp\/v2\/media\/202500"}],"wp:attachment":[{"href":"https:\/\/tucomarca.whitekongsoftware.com\/ca\/wp-json\/wp\/v2\/media?parent=202504"}],"wp:term":[{"taxonomy":"category","embeddable":true,"href":"https:\/\/tucomarca.whitekongsoftware.com\/ca\/wp-json\/wp\/v2\/categories?post=202504"},{"taxonomy":"post_tag","embeddable":true,"href":"https:\/\/tucomarca.whitekongsoftware.com\/ca\/wp-json\/wp\/v2\/tags?post=202504"}],"curies":[{"name":"wp","href":"https:\/\/api.w.org\/{rel}","templated":true}]}}