{"id":202402,"date":"2023-11-07T10:25:00","date_gmt":"2023-11-07T09:25:00","guid":{"rendered":"https:\/\/www.tucomarca.com\/wordpress\/segunda\/?p=202402"},"modified":"2023-11-07T21:59:58","modified_gmt":"2023-11-07T20:59:58","slug":"lajuntament-de-bunyol-realitza-un-taller-dautoproteccio-i-defensa-personal-per-a-dones-amb-motiu-del-25n","status":"publish","type":"post","link":"https:\/\/tucomarca.whitekongsoftware.com\/ca\/lajuntament-de-bunyol-realitza-un-taller-dautoproteccio-i-defensa-personal-per-a-dones-amb-motiu-del-25n\/","title":{"rendered":"L&#8217;Ajuntament de Bunyol realitza un taller d&#8217;Autoprotecci\u00f3 i Defensa personal per a dones amb motiu del 25N"},"content":{"rendered":"\n<p class=\"wp-block-paragraph\">Amb motiu del 25 de Novembre, Dia Internacional de l&#8217;Eliminaci\u00f3 de la Viol\u00e8ncia contra les Dones, dins de s&#8217;ha impartit un taller d&#8217;Autoprotecci\u00f3 i Defensa personal per a dones en el Pavell\u00f3 Municipal Pablo Cus\u00ed Sierra del Planell.<\/p>\n\n\n\n<p class=\"wp-block-paragraph\">El taller ha comptat amb una sessi\u00f3 te\u00f2rica i una pr\u00e0ctica en la qual s&#8217;ha promogut l&#8217;apoderament i la seguretat personal.<\/p>\n\n\n\n<p class=\"wp-block-paragraph\">Aquest taller ha estat coordinat per Antonio Mu\u00f1oz, Director de Defensa Personal de la Federaci\u00f3 de Karate de la Comunitat Valenciana i Cap de la Policia Local de Bunyol, que va comptar amb part de l&#8217;equip de la Policia Local per a brindar-li suport.<\/p>\n\n\n\n<p class=\"wp-block-paragraph\">Amb iniciatives com aquesta es pret\u00e9n fomentar el respecte que \u00e9s el primer pas cap a una societat m\u00e9s igualit\u00e0ria i justa per a totes les persones, afigen des del consistori.&nbsp;<\/p>\n\n\n\n<figure class=\"wp-block-gallery has-nested-images columns-default is-cropped wp-block-gallery-1 is-layout-flex wp-block-gallery-is-layout-flex\">\n<figure class=\"wp-block-image size-large\"><img loading=\"lazy\" decoding=\"async\" width=\"1153\" height=\"1153\" data-id=\"202397\" src=\"http:\/\/www.tucomarca.com\/wordpress\/segunda\/wp-content\/uploads\/2023\/11\/02defensapersonal.jpg\" alt=\"\" class=\"wp-image-202397\" srcset=\"https:\/\/tucomarca.whitekongsoftware.com\/wp-content\/uploads\/2023\/11\/02defensapersonal.jpg 1153w, https:\/\/tucomarca.whitekongsoftware.com\/wp-content\/uploads\/2023\/11\/02defensapersonal-300x300.jpg 300w, https:\/\/tucomarca.whitekongsoftware.com\/wp-content\/uploads\/2023\/11\/02defensapersonal-1024x1024.jpg 1024w, https:\/\/tucomarca.whitekongsoftware.com\/wp-content\/uploads\/2023\/11\/02defensapersonal-290x290.jpg 290w, https:\/\/tucomarca.whitekongsoftware.com\/wp-content\/uploads\/2023\/11\/02defensapersonal-768x768.jpg 768w\" sizes=\"auto, (max-width: 1153px) 100vw, 1153px\" \/><\/figure>\n\n\n\n<figure class=\"wp-block-image size-large\"><img loading=\"lazy\" decoding=\"async\" width=\"1152\" height=\"1152\" data-id=\"202399\" src=\"http:\/\/www.tucomarca.com\/wordpress\/segunda\/wp-content\/uploads\/2023\/11\/03defensapersonal.jpg\" alt=\"\" class=\"wp-image-202399\" srcset=\"https:\/\/tucomarca.whitekongsoftware.com\/wp-content\/uploads\/2023\/11\/03defensapersonal.jpg 1152w, https:\/\/tucomarca.whitekongsoftware.com\/wp-content\/uploads\/2023\/11\/03defensapersonal-300x300.jpg 300w, https:\/\/tucomarca.whitekongsoftware.com\/wp-content\/uploads\/2023\/11\/03defensapersonal-1024x1024.jpg 1024w, https:\/\/tucomarca.whitekongsoftware.com\/wp-content\/uploads\/2023\/11\/03defensapersonal-290x290.jpg 290w, https:\/\/tucomarca.whitekongsoftware.com\/wp-content\/uploads\/2023\/11\/03defensapersonal-768x768.jpg 768w\" sizes=\"auto, (max-width: 1152px) 100vw, 1152px\" \/><\/figure>\n<\/figure>\n","protected":false},"excerpt":{"rendered":"<div class=\"mh-excerpt\">Amb motiu del 25 de Novembre, Dia Internacional de l&#8217;Eliminaci\u00f3 de la Viol\u00e8ncia contra les Dones, dins de s&#8217;ha impartit un taller d&#8217;Autoprotecci\u00f3 i Defensa personal per a dones en el Pavell\u00f3 Municipal Pablo Cus\u00ed <a class=\"mh-excerpt-more\" href=\"https:\/\/tucomarca.whitekongsoftware.com\/ca\/lajuntament-de-bunyol-realitza-un-taller-dautoproteccio-i-defensa-personal-per-a-dones-amb-motiu-del-25n\/\" title=\"L&#8217;Ajuntament de Bunyol realitza un taller d&#8217;Autoprotecci\u00f3 i Defensa personal per a dones amb motiu del 25N\">[+] <\/a><\/div>\n","protected":false},"author":12,"featured_media":202396,"comment_status":"open","ping_status":"open","sticky":false,"template":"","format":"gallery","meta":{"footnotes":""},"categories":[10911,10894,10912,10896],"tags":[10913,10914],"class_list":["post-202402","post","type-post","status-publish","format-gallery","has-post-thumbnail","category-bunol-ca","category-la-comarca-ca","category-la-hoya-ca","category-seccion-ca","tag-bunol-ca","tag-la-hoya-de-bunol-chiva-ca","post_format-post-format-gallery"],"_links":{"self":[{"href":"https:\/\/tucomarca.whitekongsoftware.com\/ca\/wp-json\/wp\/v2\/posts\/202402","targetHints":{"allow":["GET"]}}],"collection":[{"href":"https:\/\/tucomarca.whitekongsoftware.com\/ca\/wp-json\/wp\/v2\/posts"}],"about":[{"href":"https:\/\/tucomarca.whitekongsoftware.com\/ca\/wp-json\/wp\/v2\/types\/post"}],"author":[{"embeddable":true,"href":"https:\/\/tucomarca.whitekongsoftware.com\/ca\/wp-json\/wp\/v2\/users\/12"}],"replies":[{"embeddable":true,"href":"https:\/\/tucomarca.whitekongsoftware.com\/ca\/wp-json\/wp\/v2\/comments?post=202402"}],"version-history":[{"count":0,"href":"https:\/\/tucomarca.whitekongsoftware.com\/ca\/wp-json\/wp\/v2\/posts\/202402\/revisions"}],"wp:featuredmedia":[{"embeddable":true,"href":"https:\/\/tucomarca.whitekongsoftware.com\/ca\/wp-json\/wp\/v2\/media\/202396"}],"wp:attachment":[{"href":"https:\/\/tucomarca.whitekongsoftware.com\/ca\/wp-json\/wp\/v2\/media?parent=202402"}],"wp:term":[{"taxonomy":"category","embeddable":true,"href":"https:\/\/tucomarca.whitekongsoftware.com\/ca\/wp-json\/wp\/v2\/categories?post=202402"},{"taxonomy":"post_tag","embeddable":true,"href":"https:\/\/tucomarca.whitekongsoftware.com\/ca\/wp-json\/wp\/v2\/tags?post=202402"}],"curies":[{"name":"wp","href":"https:\/\/api.w.org\/{rel}","templated":true}]}}