{"id":202382,"date":"2023-11-07T10:00:00","date_gmt":"2023-11-07T09:00:00","guid":{"rendered":"https:\/\/www.tucomarca.com\/wordpress\/segunda\/?p=202382"},"modified":"2023-11-07T21:50:02","modified_gmt":"2023-11-07T20:50:02","slug":"riba-roja-de-turia-inclou-altres-909-000-euros-en-diversos-projectes-publics-que-es-duran-a-terme-en-el-pla-de-contractacio-de-lany-2023","status":"publish","type":"post","link":"https:\/\/tucomarca.whitekongsoftware.com\/ca\/riba-roja-de-turia-inclou-altres-909-000-euros-en-diversos-projectes-publics-que-es-duran-a-terme-en-el-pla-de-contractacio-de-lany-2023\/","title":{"rendered":"Riba-roja de T\u00faria inclou altres 909.000 euros en diversos projectes p\u00fablics que es duran a terme en el pla de contractaci\u00f3 de l&#8217;any 2023"},"content":{"rendered":"\n<h4 class=\"wp-block-heading\">Es realitzaran inversions en Policia Local, Obres P\u00fabliques o Medi Ambient<\/h4>\n\n\n\n<p class=\"wp-block-paragraph\">L&#8217;equip de govern del PSPV de Riba-roja de T\u00faria ha donat compte al ple municipal els contractes que es duran a terme al llarg del present any 2023 a trav\u00e9s del Pla de Contractaci\u00f3 per un muntant global de 909.000 euros en total. Aquesta quantitat s&#8217;afig a unes altres ja publicades com els 4\u20198 milions d&#8217;euros que es van afegir al maig d&#8217;enguany o els 4\u20193 milions d&#8217;euros del mes d&#8217;abril.&nbsp;<\/p>\n\n\n\n<p class=\"wp-block-paragraph\">L&#8217;equip de govern ha donat compte al ple de les diverses modificacions realitzades al pla de contractaci\u00f3 de 2023 aprovat per l&#8217;ajuntament en el qual es reflecteixen les diverses inversions que es duran a terme al llarg d&#8217;enguany. En total, s&#8217;han aprovat quatre modificacions per un valor global de 909.000 euros que s&#8217;executaran en les \u00e0rees de Policia Local, Obres P\u00fabliques i Urbanisme i Mobilitat Sostenible i Medi Ambient.&nbsp;<\/p>\n\n\n\n<p class=\"wp-block-paragraph\">En el departament de la Policia Local s&#8217;invertiran 19.834 euros en el subministrament de quatre aeronaus no tripulades \u2013drons- amb les caracter\u00edstiques t\u00e8cniques necess\u00e0ries per a dur a terme la seua funci\u00f3, aix\u00ed com tot l&#8217;equipament estipulat per al pilotatge d&#8217;aquesta. D&#8217;aquesta manera, els agents de la policia local disposaran dels materials adequats per a exercir la seua funci\u00f3 de vigil\u00e0ncia.&nbsp;<\/p>\n\n\n\n<p class=\"wp-block-paragraph\">El ple de Riba-roja de T\u00faria ha donat compte, a m\u00e9s, de les inversions que es duran a terme en l&#8217;\u00e0rea d&#8217;Obres P\u00fabliques i Urbanisme, com els 239.488 euros en l&#8217;asfaltat i reasfaltat de vials urbans i camins rurals del terme municipal inclosos en el denominat Pla renova, als quals s&#8217;afegiran els 38.328 euros en la millora del tram de vorera en Masia de Traver o els 12.383 euros en millores d&#8217;accessibilitat en Montealcedo.&nbsp;<\/p>\n\n\n\n<p class=\"wp-block-paragraph\">Una altra actuaci\u00f3 prevista en Obres P\u00fabliques se centrar\u00e0 en l&#8217;adequaci\u00f3 de la baixant sobreeixidor del Barranc dels Moros, amb car\u00e0cter d&#8217;urg\u00e8ncia i amb una dotaci\u00f3 econ\u00f2mica estipulada de 12.245 euros en total. En aquest departament s&#8217;executar\u00e0, a m\u00e9s, l&#8217;adequaci\u00f3 del trencament del tal\u00fas del cam\u00ed de Perpinyanet per 30.870 euros i l&#8217;aparcament provisional en la zona de Pacadar per altres 79.990 euros. L&#8217;\u00e0rea d&#8217;Obres P\u00fabliques afegir\u00e0 altres inversions com els 45.000 euros en la pavimentaci\u00f3 del passeig per als vianants en la zona de Pacadar i, finalment, els 75.000 euros per a la urbanitzaci\u00f3 de la vorera en Pacadar-Rosal\u00eda de Castro.&nbsp;<\/p>\n\n\n\n<p class=\"wp-block-paragraph\">En Mobilitat Sostenible es contractar\u00e0 el servei de r\u00e8nting de l&#8217;autob\u00fas el\u00e8ctric municipal per valor de 216.000 euros en total, a m\u00e9s d&#8217;altres 30.000 euros per al subministrament de punt de rec\u00e0rrega per a l&#8217;autob\u00fas el\u00e8ctric, els 250.000 euros per a la implantaci\u00f3 d&#8217;un sistema de lloguer de bicicletes el\u00e8ctriques o els 100.000 euros per al subministrament per a la instal\u00b7laci\u00f3 d&#8217;aparcaments segurs per a bicicletes.&nbsp;<\/p>\n\n\n\n<p class=\"wp-block-paragraph\">Les inversions donades a con\u00e9ixer en el ple de Riba-roja de T\u00faria constitueixen part de les actuacions del Pla de Contractaci\u00f3 del present exercici els objectius del qual passen per avaluar les necessitats futures de contractaci\u00f3, s&#8217;analitzen els problemes i les possibles solucions, es planifica la gesti\u00f3 dels contractes, es controla el grau de compliment de la planificaci\u00f3 i es pret\u00e9n, finalment, que tot el contingut dispose de la corresponent dotaci\u00f3 pressupost\u00e0ria.&nbsp;<\/p>\n\n\n\n<p class=\"wp-block-paragraph\">L&#8217;alcalde de Riba-roja de T\u00faria, Robert Raga, ha afirmat que aquestes actuacions previstes en el Pla de Contractaci\u00f3 de 2023 \u201cs\u00f3n molt importants per al desenvolupament de les actuacions que tenim previstes que redundaran en una millora dels serveis municipals i les dotacions p\u00fabliques, per tant, en termes de sostenibilitat mediambiental o en les pol\u00edtiques de mobilitat i comunicacions\u201d.<\/p>\n\n\n\n<p class=\"wp-block-paragraph\"><\/p>\n","protected":false},"excerpt":{"rendered":"<div class=\"mh-excerpt\">Es realitzaran inversions en Policia Local, Obres P\u00fabliques o Medi Ambient L&#8217;equip de govern del PSPV de Riba-roja de T\u00faria ha donat compte al ple municipal els contractes que es duran a terme al llarg <a class=\"mh-excerpt-more\" href=\"https:\/\/tucomarca.whitekongsoftware.com\/ca\/riba-roja-de-turia-inclou-altres-909-000-euros-en-diversos-projectes-publics-que-es-duran-a-terme-en-el-pla-de-contractacio-de-lany-2023\/\" title=\"Riba-roja de T\u00faria inclou altres 909.000 euros en diversos projectes p\u00fablics que es duran a terme en el pla de contractaci\u00f3 de l&#8217;any 2023\">[+] <\/a><\/div>\n","protected":false},"author":12,"featured_media":202379,"comment_status":"open","ping_status":"open","sticky":false,"template":"","format":"standard","meta":{"footnotes":""},"categories":[10892,10948,10894,10947,10906,10896],"tags":[10899,12143,15024],"class_list":["post-202382","post","type-post","status-publish","format-standard","has-post-thumbnail","category-camp-de-turia-ca","category-infraestructuras-ca","category-la-comarca-ca","category-politica","category-riba-roja-ca","category-seccion-ca","tag-camp-de-turia-ca","tag-obras-publicas-ca","tag-riba-roja-de-turia-ca"],"_links":{"self":[{"href":"https:\/\/tucomarca.whitekongsoftware.com\/ca\/wp-json\/wp\/v2\/posts\/202382","targetHints":{"allow":["GET"]}}],"collection":[{"href":"https:\/\/tucomarca.whitekongsoftware.com\/ca\/wp-json\/wp\/v2\/posts"}],"about":[{"href":"https:\/\/tucomarca.whitekongsoftware.com\/ca\/wp-json\/wp\/v2\/types\/post"}],"author":[{"embeddable":true,"href":"https:\/\/tucomarca.whitekongsoftware.com\/ca\/wp-json\/wp\/v2\/users\/12"}],"replies":[{"embeddable":true,"href":"https:\/\/tucomarca.whitekongsoftware.com\/ca\/wp-json\/wp\/v2\/comments?post=202382"}],"version-history":[{"count":0,"href":"https:\/\/tucomarca.whitekongsoftware.com\/ca\/wp-json\/wp\/v2\/posts\/202382\/revisions"}],"wp:featuredmedia":[{"embeddable":true,"href":"https:\/\/tucomarca.whitekongsoftware.com\/ca\/wp-json\/wp\/v2\/media\/202379"}],"wp:attachment":[{"href":"https:\/\/tucomarca.whitekongsoftware.com\/ca\/wp-json\/wp\/v2\/media?parent=202382"}],"wp:term":[{"taxonomy":"category","embeddable":true,"href":"https:\/\/tucomarca.whitekongsoftware.com\/ca\/wp-json\/wp\/v2\/categories?post=202382"},{"taxonomy":"post_tag","embeddable":true,"href":"https:\/\/tucomarca.whitekongsoftware.com\/ca\/wp-json\/wp\/v2\/tags?post=202382"}],"curies":[{"name":"wp","href":"https:\/\/api.w.org\/{rel}","templated":true}]}}