{"id":202275,"date":"2023-11-06T12:00:00","date_gmt":"2023-11-06T11:00:00","guid":{"rendered":"https:\/\/www.tucomarca.com\/wordpress\/segunda\/?p=202275"},"modified":"2023-11-06T19:46:48","modified_gmt":"2023-11-06T18:46:48","slug":"la-guardia-civil-i-zeladors-de-la-reserva-del-queixal-de-corts-alliberen-un-muflo","status":"publish","type":"post","link":"https:\/\/tucomarca.whitekongsoftware.com\/ca\/la-guardia-civil-i-zeladors-de-la-reserva-del-queixal-de-corts-alliberen-un-muflo\/","title":{"rendered":"La Gu\u00e0rdia Civil i zeladors de la Reserva del Queixal de Corts alliberen un mufl\u00f3&nbsp;"},"content":{"rendered":"\n<h4 class=\"wp-block-heading\">L&#8217;animal estava atrapat en una tanca cineg\u00e8tica<\/h4>\n\n\n\n<p class=\"wp-block-paragraph\">Agents de SEPRONA de la Gu\u00e0rdia Civil de Val\u00e8ncia es trobaven prestant servei de vigil\u00e0ncia d&#8217;activitats cineg\u00e8tiques i massa forestal en prevenci\u00f3 d&#8217;incendis per la Reserva Valenciana de ca\u00e7a del Queixal de Corts en el terme municipal de Cortes de Pallars quan van ser informats pels zeladors d&#8217;aquesta reserva que hi havia un mufl\u00f3 (Ovis \u00c0ries Musimon) atrapat en una tanca cineg\u00e8tica i es dirigien a la seua localitzaci\u00f3.<\/p>\n\n\n\n<p class=\"wp-block-paragraph\">Una vegada localitzat el mufl\u00f3 es va procedir al seu alliberament i lliurament a veterinaris de la Universitat de Val\u00e8ncia que es trobaven en la zona, ja que l&#8217;animal es trobava afeblit i ferit.<\/p>\n\n\n\n<figure class=\"wp-block-image size-full\"><img decoding=\"async\" src=\"http:\/\/www.tucomarca.com\/wordpress\/segunda\/wp-content\/uploads\/2023\/11\/GCmuflon-e1699296184301.jpg\" alt=\"\" class=\"wp-image-202272\"\/><\/figure>\n","protected":false},"excerpt":{"rendered":"<div class=\"mh-excerpt\">L&#8217;animal estava atrapat en una tanca cineg\u00e8tica Agents de SEPRONA de la Gu\u00e0rdia Civil de Val\u00e8ncia es trobaven prestant servei de vigil\u00e0ncia d&#8217;activitats cineg\u00e8tiques i massa forestal en prevenci\u00f3 d&#8217;incendis per la Reserva Valenciana de <a class=\"mh-excerpt-more\" href=\"https:\/\/tucomarca.whitekongsoftware.com\/ca\/la-guardia-civil-i-zeladors-de-la-reserva-del-queixal-de-corts-alliberen-un-muflo\/\" title=\"La Gu\u00e0rdia Civil i zeladors de la Reserva del Queixal de Corts alliberen un mufl\u00f3&nbsp;\">[+] <\/a><\/div>\n","protected":false},"author":12,"featured_media":202273,"comment_status":"open","ping_status":"open","sticky":false,"template":"","format":"standard","meta":{"footnotes":""},"categories":[10951,10953,10948,10894,10903,10896,10897],"tags":[11216,11230,11118],"class_list":["post-202275","post","type-post","status-publish","format-standard","has-post-thumbnail","category-ayora-cofrentes-ca","category-cortes-de-pallas-ca","category-infraestructuras-ca","category-la-comarca-ca","category-medio-ambiente-la-comarca-ca","category-seccion-ca","category-sucesos-la-comarca-ca","tag-ayora-cofrentes-ca","tag-cortes-de-pallas-ca","tag-guardia-civil-ca"],"_links":{"self":[{"href":"https:\/\/tucomarca.whitekongsoftware.com\/ca\/wp-json\/wp\/v2\/posts\/202275","targetHints":{"allow":["GET"]}}],"collection":[{"href":"https:\/\/tucomarca.whitekongsoftware.com\/ca\/wp-json\/wp\/v2\/posts"}],"about":[{"href":"https:\/\/tucomarca.whitekongsoftware.com\/ca\/wp-json\/wp\/v2\/types\/post"}],"author":[{"embeddable":true,"href":"https:\/\/tucomarca.whitekongsoftware.com\/ca\/wp-json\/wp\/v2\/users\/12"}],"replies":[{"embeddable":true,"href":"https:\/\/tucomarca.whitekongsoftware.com\/ca\/wp-json\/wp\/v2\/comments?post=202275"}],"version-history":[{"count":0,"href":"https:\/\/tucomarca.whitekongsoftware.com\/ca\/wp-json\/wp\/v2\/posts\/202275\/revisions"}],"wp:featuredmedia":[{"embeddable":true,"href":"https:\/\/tucomarca.whitekongsoftware.com\/ca\/wp-json\/wp\/v2\/media\/202273"}],"wp:attachment":[{"href":"https:\/\/tucomarca.whitekongsoftware.com\/ca\/wp-json\/wp\/v2\/media?parent=202275"}],"wp:term":[{"taxonomy":"category","embeddable":true,"href":"https:\/\/tucomarca.whitekongsoftware.com\/ca\/wp-json\/wp\/v2\/categories?post=202275"},{"taxonomy":"post_tag","embeddable":true,"href":"https:\/\/tucomarca.whitekongsoftware.com\/ca\/wp-json\/wp\/v2\/tags?post=202275"}],"curies":[{"name":"wp","href":"https:\/\/api.w.org\/{rel}","templated":true}]}}