{"id":202187,"date":"2023-11-03T08:00:00","date_gmt":"2023-11-03T07:00:00","guid":{"rendered":"https:\/\/www.tucomarca.com\/wordpress\/segunda\/?p=202187"},"modified":"2023-11-04T13:44:51","modified_gmt":"2023-11-04T12:44:51","slug":"el-circuit-ricardo-tormo-tanca-este-cap-de-setmana-el-finetwork-fim-juniorgp-de-motociclisme","status":"publish","type":"post","link":"https:\/\/tucomarca.whitekongsoftware.com\/ca\/el-circuit-ricardo-tormo-tanca-este-cap-de-setmana-el-finetwork-fim-juniorgp-de-motociclisme\/","title":{"rendered":"El Circuit Ricardo Tormo tanca este cap de setmana el Finetwork FIM JuniorGP de motociclisme"},"content":{"rendered":"\n<h4 class=\"wp-block-heading\"><strong>Les entrades estan a la venda en la p\u00e0gina web del&nbsp;Circuit<\/strong><\/h4>\n\n\n\n<h4 class=\"wp-block-heading\"><strong>Els dies 4 i 5 de novembre es decidix el campi\u00f3 de la European Talent Cup i els subcampions de JuniorGP i de l\u2019europeu del Moto2<\/strong><\/h4>\n\n\n\n<p class=\"wp-block-paragraph\">El Circuit Ricardo Tormo celebra este cap de setmana la s\u00e8ptima i \u00faltima carrera del Finetwork FIM JuniorGP, l\u2019avantsala del Campionat del M\u00f3n de Motociclisme.<\/p>\n\n\n\n<p class=\"wp-block-paragraph\">Amb el t\u00edtol de JuniorGP en les mans del pilot d\u2019Ayora \u00c1ngel Piqueras, de l\u2019equip Honda, queda per decidir qui l\u2019acompanyar\u00e0 en el podi del certamen de j\u00f3vens promeses.<\/p>\n\n\n\n<p class=\"wp-block-paragraph\">L\u2019itali\u00e0 Lucca Lunetta (KTM) \u00e9s el millor col\u00b7locat, per\u00f2, amb dos carreres per disputar, en la jornada del diumenge 5 de novembre, un m\u00e0xim de huit pilots poden matem\u00e0ticament fer-se amb el subcampionat. El murci\u00e0 \u00c1lvaro Carpe (Husqvarna), el donostiarra Xabi Zurutuza i el catal\u00e0 del Centre de Tecnificaci\u00f3 del Circuit Joel Esteban (GasGas) s\u00f3n els principals candidats, amb Jacob Roulstone, Adri\u00e1n Cruces, David Almansa i Nico Carraro amb possibilitats matem\u00e0tiques.<\/p>\n\n\n\n<p class=\"wp-block-paragraph\">Per la seua banda, entre els pilots del Campionat d\u2019Europa de Moto2 la situaci\u00f3 \u00e9s similar, per\u00f2 amb nom\u00e9s una carrera a Val\u00e8ncia. L\u2019australi\u00e0 Senna Agius (Kalex) ja es va emportar el t\u00edtol en la passada cita que va tindre lloc en el tra\u00e7at aragon\u00e9s de Motorland, i l\u2019andorr\u00e0 Xavier Cardel\u00fas (Kalex) i l\u2019itali\u00e0 Alberto Surra (Boscoscuro) lluitaran per la segona pla\u00e7a.<\/p>\n\n\n\n<p class=\"wp-block-paragraph\">El mateix succe\u00efx amb Daniel Mu\u00f1oz (Yamaha), que ja ha obtingut el t\u00edtol de Campi\u00f3 d\u2019Europa de Stock per davant d\u2019Eric Fern\u00e1ndez (Yamaha) i de Marco Garc\u00eda (Yamaha), que tractar\u00e0 de conservar la tercera pla\u00e7a enfront de l\u2019itali\u00e0 Dino Iozzo (Yamaha) i l\u2019australi\u00e0 Archie McDonald (Yamaha).<\/p>\n\n\n\n<p class=\"wp-block-paragraph\"><strong>European Talent Cup<\/strong><\/p>\n\n\n\n<p class=\"wp-block-paragraph\">Els m\u00e9s j\u00f3vens s\u00f3n els \u00fanics que es juguen el t\u00edtol en l\u2019\u00faltima carrera. El murci\u00e0 M\u00e1ximo Quiles i el c\u00e0ntabre Brian Uriarte es juguen el campionat amb 18 punts a favor del pilot de l\u2019Aspar Junior Team. Quiles ja va ser el guanyador de les dos carreres que es van disputar al Circuit Ricardo Tormo el mes de maig i podria aconseguir el primer t\u00edtol en la categoria per a l\u2019equip valenci\u00e0 des que David Alonso es proclamara campi\u00f3 en 2020.<\/p>\n\n\n\n<p class=\"wp-block-paragraph\">Un total de 56 pilots estan inscrits en esta categoria per al cap de setmana, cosa que els obligar\u00e0 a separar en dos els entrenaments lliures i cronometrats, i realitzar una carrera de repesca en la matinal de diumenge.<\/p>\n\n\n\n<p class=\"wp-block-paragraph\">Les cinc carreres programades es disputaran en la jornada del diumenge 5 de novembre, cada hora des de les 11.00 hores. Les entrades estan a la venda en la p\u00e0gina web del&nbsp;Circuit Ricardo Tormo.<\/p>\n\n\n\n<p class=\"wp-block-paragraph\"><\/p>\n","protected":false},"excerpt":{"rendered":"<div class=\"mh-excerpt\">Les entrades estan a la venda en la p\u00e0gina web del&nbsp;Circuit Els dies 4 i 5 de novembre es decidix el campi\u00f3 de la European Talent Cup i els subcampions de JuniorGP i de l\u2019europeu <a class=\"mh-excerpt-more\" href=\"https:\/\/tucomarca.whitekongsoftware.com\/ca\/el-circuit-ricardo-tormo-tanca-este-cap-de-setmana-el-finetwork-fim-juniorgp-de-motociclisme\/\" title=\"El Circuit Ricardo Tormo tanca este cap de setmana el Finetwork FIM JuniorGP de motociclisme\">[+] <\/a><\/div>\n","protected":false},"author":12,"featured_media":202186,"comment_status":"open","ping_status":"open","sticky":false,"template":"","format":"standard","meta":{"footnotes":""},"categories":[11019,11003,10894,10904,10912,11011,10896,10974],"tags":[11071,11412,10914,11888],"class_list":["post-202187","post","type-post","status-publish","format-standard","has-post-thumbnail","category-agenda-ca","category-sports","category-la-comarca-ca","category-sin-categorizar-ca","category-la-hoya-ca","category-motociclismo-ca","category-seccion-ca","category-cheste-ca","tag-cheste","tag-circuit-ricardo-tormo-ca","tag-la-hoya-de-bunol-chiva-ca","tag-motociclismo-ca"],"_links":{"self":[{"href":"https:\/\/tucomarca.whitekongsoftware.com\/ca\/wp-json\/wp\/v2\/posts\/202187","targetHints":{"allow":["GET"]}}],"collection":[{"href":"https:\/\/tucomarca.whitekongsoftware.com\/ca\/wp-json\/wp\/v2\/posts"}],"about":[{"href":"https:\/\/tucomarca.whitekongsoftware.com\/ca\/wp-json\/wp\/v2\/types\/post"}],"author":[{"embeddable":true,"href":"https:\/\/tucomarca.whitekongsoftware.com\/ca\/wp-json\/wp\/v2\/users\/12"}],"replies":[{"embeddable":true,"href":"https:\/\/tucomarca.whitekongsoftware.com\/ca\/wp-json\/wp\/v2\/comments?post=202187"}],"version-history":[{"count":0,"href":"https:\/\/tucomarca.whitekongsoftware.com\/ca\/wp-json\/wp\/v2\/posts\/202187\/revisions"}],"wp:featuredmedia":[{"embeddable":true,"href":"https:\/\/tucomarca.whitekongsoftware.com\/ca\/wp-json\/wp\/v2\/media\/202186"}],"wp:attachment":[{"href":"https:\/\/tucomarca.whitekongsoftware.com\/ca\/wp-json\/wp\/v2\/media?parent=202187"}],"wp:term":[{"taxonomy":"category","embeddable":true,"href":"https:\/\/tucomarca.whitekongsoftware.com\/ca\/wp-json\/wp\/v2\/categories?post=202187"},{"taxonomy":"post_tag","embeddable":true,"href":"https:\/\/tucomarca.whitekongsoftware.com\/ca\/wp-json\/wp\/v2\/tags?post=202187"}],"curies":[{"name":"wp","href":"https:\/\/api.w.org\/{rel}","templated":true}]}}