{"id":202145,"date":"2023-11-03T09:00:00","date_gmt":"2023-11-03T08:00:00","guid":{"rendered":"https:\/\/www.tucomarca.com\/wordpress\/segunda\/?p=202145"},"modified":"2023-11-03T12:58:22","modified_gmt":"2023-11-03T11:58:22","slug":"comenca-a-bunyol-lii-festival-darts-una-tardor-a-pinzellades-2023-amb-exposicions-taller-infantil-a-la-sala-raga-i-lespectacle-dels-percudones","status":"publish","type":"post","link":"https:\/\/tucomarca.whitekongsoftware.com\/ca\/comenca-a-bunyol-lii-festival-darts-una-tardor-a-pinzellades-2023-amb-exposicions-taller-infantil-a-la-sala-raga-i-lespectacle-dels-percudones\/","title":{"rendered":"Comen\u00e7a a Bunyol l&#8217;II Festival d&#8217;Arts \u201cUna tardor a pinzellades\u201d 2023, amb exposicions, taller infantil a la Sala Raga i l&#8217;espectacle dels Percudones"},"content":{"rendered":"\n<p class=\"wp-block-paragraph\">Aquest cap de setmana comen\u00e7a a Bunyol l&#8217;II Festival d&#8217;Arts: \u201cUna tardor a pinzellades\u201d 2023, amb exposicions, taller per a xiquetes i xiquets a la Sala Raga, i l&#8217;espectacle dels Percudones.<\/p>\n\n\n\n<p class=\"wp-block-paragraph\">El divendres 3 i el dissabte 4 de novembre, tindr\u00e0 lloc l&#8217;obertura i inauguraci\u00f3 de les exposicions organitzades per la regidoria de Cultura de l&#8217;Ajuntament de Bunyol i que estaran obertes durant tot el festival.<\/p>\n\n\n\n<p class=\"wp-block-paragraph\"><strong>Sala Rafael Raga del Molino de Gal\u00e1n<\/strong><\/p>\n\n\n\n<p class=\"wp-block-paragraph\">Inauguraci\u00f3 3 de novembre, 19 h. Exposici\u00f3 fotogr\u00e0fica de Miguel David: \u201cOn les ombres parlen\u201d. L&#8217;exposici\u00f3 es podr\u00e0 visitar fins al 10 de desembre, de dilluns a divendres, en horari de biblioteca. Els dissabtes i diumenges d&#8217;11 a 14h.<\/p>\n\n\n\n<p class=\"wp-block-paragraph\"><strong>Sala del Oscurico. Castillo de Bunyol<\/strong><\/p>\n\n\n\n<p class=\"wp-block-paragraph\">Inauguraci\u00f3 4 de novembre, 11 h. Eugenio Sim\u00f3, presenta: \u201cEnderrocs\u201d. Horari de visita: divendres de 17 h a 20 h. Dissabtes i diumenges, &nbsp;d&#8217;11 a 14h.<\/p>\n\n\n\n<p class=\"wp-block-paragraph\"><strong>Sala El&nbsp;Mercat<\/strong><\/p>\n\n\n\n<p class=\"wp-block-paragraph\">Exposici\u00f3 artistes locals \u201cresilencies II\u201d. Inauguraci\u00f3 4 de novembre, 12,30 h. L&#8217;exposici\u00f3 es podr\u00e0 visitar fins al 3 de desembre, en horari de cap de setmana. Divendres de 17 a 20 h, dissabtes i diumenges d&#8217;11 a 14 h.<\/p>\n\n\n\n<p class=\"wp-block-paragraph\"><strong>Sala Rafael Raga del Molino de Gal\u00e1n<\/strong><\/p>\n\n\n\n<p class=\"wp-block-paragraph\">El dissabte, 4 de novembre, a les 12<strong>&nbsp;<\/strong>h, la Sala Raga acull \u201cLes artistes invisibles: Yayoi Kusama\u201d, un taller de creativitat i pintura per a xiquets i xiquetes de 3 a 6 anys i els seus pares i mares. Una activitat interactiva de creativitat i expressi\u00f3 art\u00edstica en el qual s&#8217;utilitza l&#8217;art contemporani com a eina per a l&#8217;estimulaci\u00f3 i la motivaci\u00f3 per a explorar, interactuar i reflectir les seues idees i conceptes.<\/p>\n\n\n\n<p class=\"wp-block-paragraph\"><strong>Palacio de la M\u00fasica<\/strong><\/p>\n\n\n\n<p class=\"wp-block-paragraph\">Dissabte, 4 de novembre, 19 h. El Palau de la M\u00fasica ser\u00e0 l&#8217;escenari per a l&#8217;actuaci\u00f3 dels Percudones que presenten el seu nou espectacle \u201cQuan els deesses tocaven els tambors\u201d. Organitza: regidoria de Cultura- SARC. Venda en taquilla: 5 \u20ac.<\/p>\n\n\n\n<figure class=\"wp-block-gallery has-nested-images columns-default is-cropped wp-block-gallery-1 is-layout-flex wp-block-gallery-is-layout-flex\">\n<figure class=\"wp-block-image size-large\"><img loading=\"lazy\" decoding=\"async\" width=\"886\" height=\"1253\" data-id=\"202137\" src=\"http:\/\/www.tucomarca.com\/wordpress\/segunda\/wp-content\/uploads\/2023\/11\/Expo3.jpg\" alt=\"\" class=\"wp-image-202137\" srcset=\"https:\/\/tucomarca.whitekongsoftware.com\/wp-content\/uploads\/2023\/11\/Expo3.jpg 886w, https:\/\/tucomarca.whitekongsoftware.com\/wp-content\/uploads\/2023\/11\/Expo3-212x300.jpg 212w, https:\/\/tucomarca.whitekongsoftware.com\/wp-content\/uploads\/2023\/11\/Expo3-724x1024.jpg 724w, https:\/\/tucomarca.whitekongsoftware.com\/wp-content\/uploads\/2023\/11\/Expo3-768x1086.jpg 768w\" sizes=\"auto, (max-width: 886px) 100vw, 886px\" \/><\/figure>\n\n\n\n<figure class=\"wp-block-image size-large\"><img loading=\"lazy\" decoding=\"async\" width=\"886\" height=\"1246\" data-id=\"202141\" src=\"http:\/\/www.tucomarca.com\/wordpress\/segunda\/wp-content\/uploads\/2023\/11\/expo1.jpg\" alt=\"\" class=\"wp-image-202141\" srcset=\"https:\/\/tucomarca.whitekongsoftware.com\/wp-content\/uploads\/2023\/11\/expo1.jpg 886w, https:\/\/tucomarca.whitekongsoftware.com\/wp-content\/uploads\/2023\/11\/expo1-213x300.jpg 213w, https:\/\/tucomarca.whitekongsoftware.com\/wp-content\/uploads\/2023\/11\/expo1-728x1024.jpg 728w, https:\/\/tucomarca.whitekongsoftware.com\/wp-content\/uploads\/2023\/11\/expo1-768x1080.jpg 768w\" sizes=\"auto, (max-width: 886px) 100vw, 886px\" \/><\/figure>\n<\/figure>\n","protected":false},"excerpt":{"rendered":"<div class=\"mh-excerpt\">Aquest cap de setmana comen\u00e7a a Bunyol l&#8217;II Festival d&#8217;Arts: \u201cUna tardor a pinzellades\u201d 2023, amb exposicions, taller per a xiquetes i xiquets a la Sala Raga, i l&#8217;espectacle dels Percudones. El divendres 3 i <a class=\"mh-excerpt-more\" href=\"https:\/\/tucomarca.whitekongsoftware.com\/ca\/comenca-a-bunyol-lii-festival-darts-una-tardor-a-pinzellades-2023-amb-exposicions-taller-infantil-a-la-sala-raga-i-lespectacle-dels-percudones\/\" title=\"Comen\u00e7a a Bunyol l&#8217;II Festival d&#8217;Arts \u201cUna tardor a pinzellades\u201d 2023, amb exposicions, taller infantil a la Sala Raga i l&#8217;espectacle dels Percudones\">[+] <\/a><\/div>\n","protected":false},"author":12,"featured_media":202140,"comment_status":"open","ping_status":"open","sticky":false,"template":"","format":"standard","meta":{"footnotes":""},"categories":[11019,10911,10894,10912,11007,10896],"tags":[10913,10914,19830],"class_list":["post-202145","post","type-post","status-publish","format-standard","has-post-thumbnail","category-agenda-ca","category-bunol-ca","category-la-comarca-ca","category-la-hoya-ca","category-ocio-y-cultura-ca","category-seccion-ca","tag-bunol-ca","tag-la-hoya-de-bunol-chiva-ca","tag-un-otono-a-pinceladas-ca"],"_links":{"self":[{"href":"https:\/\/tucomarca.whitekongsoftware.com\/ca\/wp-json\/wp\/v2\/posts\/202145","targetHints":{"allow":["GET"]}}],"collection":[{"href":"https:\/\/tucomarca.whitekongsoftware.com\/ca\/wp-json\/wp\/v2\/posts"}],"about":[{"href":"https:\/\/tucomarca.whitekongsoftware.com\/ca\/wp-json\/wp\/v2\/types\/post"}],"author":[{"embeddable":true,"href":"https:\/\/tucomarca.whitekongsoftware.com\/ca\/wp-json\/wp\/v2\/users\/12"}],"replies":[{"embeddable":true,"href":"https:\/\/tucomarca.whitekongsoftware.com\/ca\/wp-json\/wp\/v2\/comments?post=202145"}],"version-history":[{"count":0,"href":"https:\/\/tucomarca.whitekongsoftware.com\/ca\/wp-json\/wp\/v2\/posts\/202145\/revisions"}],"wp:featuredmedia":[{"embeddable":true,"href":"https:\/\/tucomarca.whitekongsoftware.com\/ca\/wp-json\/wp\/v2\/media\/202140"}],"wp:attachment":[{"href":"https:\/\/tucomarca.whitekongsoftware.com\/ca\/wp-json\/wp\/v2\/media?parent=202145"}],"wp:term":[{"taxonomy":"category","embeddable":true,"href":"https:\/\/tucomarca.whitekongsoftware.com\/ca\/wp-json\/wp\/v2\/categories?post=202145"},{"taxonomy":"post_tag","embeddable":true,"href":"https:\/\/tucomarca.whitekongsoftware.com\/ca\/wp-json\/wp\/v2\/tags?post=202145"}],"curies":[{"name":"wp","href":"https:\/\/api.w.org\/{rel}","templated":true}]}}