{"id":202073,"date":"2023-11-02T17:00:00","date_gmt":"2023-11-02T16:00:00","guid":{"rendered":"https:\/\/www.tucomarca.com\/wordpress\/segunda\/?p=202073"},"modified":"2023-11-02T19:19:51","modified_gmt":"2023-11-02T18:19:51","slug":"bunyol-tanca-els-seus-espais-publics-i-esportius-municipals-davant-lalerta-taronja-per-fortes-ratxes-de-vent","status":"publish","type":"post","link":"https:\/\/tucomarca.whitekongsoftware.com\/ca\/bunyol-tanca-els-seus-espais-publics-i-esportius-municipals-davant-lalerta-taronja-per-fortes-ratxes-de-vent\/","title":{"rendered":"Bunyol tanca els seus espais p\u00fablics i esportius municipals i susp\u00e9n les classes en el CEIP Sant Llu\u00eds davant l&#8217;alerta taronja per fortes ratxes de vent"},"content":{"rendered":"\n<p class=\"wp-block-paragraph\">El municipi de Bunyol ha passat a alerta taronja a causa de les fortes ratxes de vent que suposen risc important, segons el Centre de Coordinaci\u00f3 d&#8217;Emerg\u00e8ncies de la Generalitat (CCE).<\/p>\n\n\n\n<p class=\"wp-block-paragraph\">A causa d&#8217;aquesta alerta, l&#8217;Ajuntament ha decretat el tancament dels parcs, jardins i zones de joc; i ha cancel\u00b7lat les activitats extraescolars a l&#8217;aire lliure en els col\u00b7legis municipals i instal\u00b7lacions aix\u00ed com tota activitat esportiva exterior procedint al tancament de pistes exteriors del Poliesportiu del Planell i del Camp Futbol Beltr\u00e1n B\u00e1guena.&nbsp;<\/p>\n\n\n\n<p class=\"wp-block-paragraph\">&#8220;S&#8217;han de previndre accions que puguen posar-nos en situaci\u00f3 de risc i mantindre la dist\u00e0ncia d&#8217;edificis antics, arbres o altres instal\u00b7lacions o objectes que puguen desprendre&#8217;s. Extrema la precauci\u00f3 al volant davant el temporal. Davant situacions d&#8217;alerta mantinguem la precauci\u00f3 i evitem situacions de risc&#8221;, han manifestat des del consistori.<\/p>\n\n\n\n<p class=\"wp-block-paragraph\">A m\u00e9s, les classes han sigut suspeses en el Col\u00b7legi CEIP Sant Llu\u00eds de Bunyol &#8220;a causa dels desperfectes que han causat les fortes ratxes de vent. S&#8217;est\u00e0 valorant suspendre tamb\u00e9 les classes del CEIP Cervantes, Col\u00b7legi Dioces\u00e0 Sagrada Fam\u00edlia Atalaya, l&#8217;IES La Foia de Bunyol, Guarderia Municipal, conservatori i Centre Ocupacional, en cas de cancel\u00b7lar-se s&#8217;informar\u00e0 a les 22.00, amb l&#8217;\u00faltim part d&#8217;emerg\u00e8ncies&#8221;, segons han informat fonts municipals.<\/p>\n\n\n\n<p class=\"wp-block-paragraph\">De fet, des del Consorci Provincial de Bombers han informat d&#8217;una actuaci\u00f3 que s&#8217;han vist obligats a dur a terme efectius del parc de bombers de Xiva i de Requena que han retirat un panell publicitari en l&#8217;Avinguda de Blasco Ib\u00e1\u00f1ez de Bunyol. Tamb\u00e9 s&#8217;ha interromput el servei en la l\u00ednia de Rodalia de Renfe C3 de manera intermitent.<\/p>\n\n\n\n<figure class=\"wp-block-image size-large\"><img loading=\"lazy\" decoding=\"async\" width=\"768\" height=\"1024\" src=\"http:\/\/www.tucomarca.com\/wordpress\/segunda\/wp-content\/uploads\/2023\/11\/VientoBunol-768x1024.jpg\" alt=\"\" class=\"wp-image-202070\" srcset=\"https:\/\/tucomarca.whitekongsoftware.com\/wp-content\/uploads\/2023\/11\/VientoBunol-768x1023.jpg 768w, https:\/\/tucomarca.whitekongsoftware.com\/wp-content\/uploads\/2023\/11\/VientoBunol-225x300.jpg 225w, https:\/\/tucomarca.whitekongsoftware.com\/wp-content\/uploads\/2023\/11\/VientoBunol-1153x1536.jpg 1153w, https:\/\/tucomarca.whitekongsoftware.com\/wp-content\/uploads\/2023\/11\/VientoBunol.jpg 1200w\" sizes=\"auto, (max-width: 768px) 100vw, 768px\" \/><\/figure>\n","protected":false},"excerpt":{"rendered":"<div class=\"mh-excerpt\">El municipi de Bunyol ha passat a alerta taronja a causa de les fortes ratxes de vent que suposen risc important, segons el Centre de Coordinaci\u00f3 d&#8217;Emerg\u00e8ncies de la Generalitat (CCE). A causa d&#8217;aquesta alerta, <a class=\"mh-excerpt-more\" href=\"https:\/\/tucomarca.whitekongsoftware.com\/ca\/bunyol-tanca-els-seus-espais-publics-i-esportius-municipals-davant-lalerta-taronja-per-fortes-ratxes-de-vent\/\" title=\"Bunyol tanca els seus espais p\u00fablics i esportius municipals i susp\u00e9n les classes en el CEIP Sant Llu\u00eds davant l&#8217;alerta taronja per fortes ratxes de vent\">[+] <\/a><\/div>\n","protected":false},"author":1,"featured_media":202071,"comment_status":"open","ping_status":"open","sticky":false,"template":"","format":"image","meta":{"footnotes":""},"categories":[10911,10898,10948,10894,10904,10912,10896,10897],"tags":[14363,10913,10914,13644],"class_list":["post-202073","post","type-post","status-publish","format-image","has-post-thumbnail","category-bunol-ca","category-ventana-ca","category-infraestructuras-ca","category-la-comarca-ca","category-sin-categorizar-ca","category-la-hoya-ca","category-seccion-ca","category-sucesos-la-comarca-ca","tag-bomberos-ca","tag-bunol-ca","tag-la-hoya-de-bunol-chiva-ca","tag-viento-ca","post_format-post-format-image"],"_links":{"self":[{"href":"https:\/\/tucomarca.whitekongsoftware.com\/ca\/wp-json\/wp\/v2\/posts\/202073","targetHints":{"allow":["GET"]}}],"collection":[{"href":"https:\/\/tucomarca.whitekongsoftware.com\/ca\/wp-json\/wp\/v2\/posts"}],"about":[{"href":"https:\/\/tucomarca.whitekongsoftware.com\/ca\/wp-json\/wp\/v2\/types\/post"}],"author":[{"embeddable":true,"href":"https:\/\/tucomarca.whitekongsoftware.com\/ca\/wp-json\/wp\/v2\/users\/1"}],"replies":[{"embeddable":true,"href":"https:\/\/tucomarca.whitekongsoftware.com\/ca\/wp-json\/wp\/v2\/comments?post=202073"}],"version-history":[{"count":0,"href":"https:\/\/tucomarca.whitekongsoftware.com\/ca\/wp-json\/wp\/v2\/posts\/202073\/revisions"}],"wp:featuredmedia":[{"embeddable":true,"href":"https:\/\/tucomarca.whitekongsoftware.com\/ca\/wp-json\/wp\/v2\/media\/202071"}],"wp:attachment":[{"href":"https:\/\/tucomarca.whitekongsoftware.com\/ca\/wp-json\/wp\/v2\/media?parent=202073"}],"wp:term":[{"taxonomy":"category","embeddable":true,"href":"https:\/\/tucomarca.whitekongsoftware.com\/ca\/wp-json\/wp\/v2\/categories?post=202073"},{"taxonomy":"post_tag","embeddable":true,"href":"https:\/\/tucomarca.whitekongsoftware.com\/ca\/wp-json\/wp\/v2\/tags?post=202073"}],"curies":[{"name":"wp","href":"https:\/\/api.w.org\/{rel}","templated":true}]}}