{"id":201748,"date":"2023-10-29T10:00:00","date_gmt":"2023-10-29T08:00:00","guid":{"rendered":"https:\/\/www.tucomarca.com\/wordpress\/segunda\/?p=201748"},"modified":"2023-10-30T20:01:04","modified_gmt":"2023-10-30T18:01:04","slug":"utiel-celebra-un-cap-de-setmana-dactes-solidaris-amb-creu-roja-i-associacio-de-familiars-de-malalts-dalzheimer","status":"publish","type":"post","link":"https:\/\/tucomarca.whitekongsoftware.com\/ca\/utiel-celebra-un-cap-de-setmana-dactes-solidaris-amb-creu-roja-i-associacio-de-familiars-de-malalts-dalzheimer\/","title":{"rendered":"Utiel celebra un cap de setmana d&#8217;actes solidaris amb Creu Roja i Associaci\u00f3 de Familiars de Malalts d&#8217;Alzheimer"},"content":{"rendered":"\n<h4 class=\"wp-block-heading\">Este cap de setmana Utiel ha acollit dos esdeveniments especials de car\u00e0cter social i ben\u00e8fic organitzats per Creu Roja i Associaci\u00f3 de Familiars de Malalts d&#8217;Alzheimer d&#8217;Utiel i que han comptat amb el suport i la col\u00b7laboraci\u00f3 de l&#8217;Ajuntament d&#8217;Utiel.<\/h4>\n\n\n\n<p class=\"wp-block-paragraph\">Divendres passat, Creu Roja Utiel celebrava l&#8217;acte commemoratiu del seu 150 aniversari. Un esdeveniment molt emotiu que va reunir a prop de 200 persones vinculades a la gran fam\u00edlia de Creu Roja a Utiel. Voluntariat, personal t\u00e8cnic, empreses, socis, usuaris, entitats socials i l&#8217;Ajuntament d&#8217;Utiel van participar en este acte de reconeixement a tots els que han format part de l&#8217;entitat humanit\u00e0ria durant la seua dilatada marxa al servei dels m\u00e9s necessitats.<br>A l&#8217;acte assistia l&#8217;alcalde d&#8217;Utiel, Ricardo Gabald\u00f3n, juntament amb membres de la corporaci\u00f3, el president auton\u00f2mic de l&#8217;Organitzaci\u00f3, Rafael Gandia, i responsables locals i provincials, entre altres persones convidades.<\/p>\n\n\n\n<p class=\"wp-block-paragraph\">I dissabte passat, l&#8217;Associaci\u00f3 de familiars de malalts d&#8217;Alzheimer d&#8217;Utiel i comarca (AFA Utiel) juntament amb l&#8217;Associaci\u00f3 \u201cLa Gran Rock\u201d posaven en marxa una original iniciativa amb fi solid\u00e0ria: La I Jornada de conviv\u00e8ncia, conscienciaci\u00f3 i relaci\u00f3 entre Alzheimer i m\u00fasica.<br>L&#8217;obertura de la jornada va comptar amb la participaci\u00f3 de l&#8217;alcalde d&#8217;Utiel, que va estar acompanyat dels regidors de Sanitat, de Benestar Social, de Turisme i de Seguretat Ciutadana.<\/p>\n\n\n\n<p class=\"wp-block-paragraph\">L&#8217;alcalde d&#8217;Utiel, Ricardo Gabald\u00f3n, juntament amb els &nbsp;presidents de AFA Utiel, Francisco Blasco i de &nbsp;La Gran Rock , Rafael Hern\u00e1ndez, van ser els encarregats de realitzar l&#8217;acte inaugural amb el tall de la cinta verda, color representatiu de la malaltia de l&#8217;Alzheimer.<br>L&#8217;esdeveniment va tindre un extraordinari acolliment del p\u00fablic que es va bolcar amb la iniciativa completant aforaments i aportant donatius a benefici de l&#8217;entitat.Les jornades van comptar amb una \u00e0mplia oferta d&#8217;activitats dirigida a tots els p\u00fablics: Pon\u00e8ncies, tastos de vins musicals, concerts de rock, mercat d&#8217;artesans, tallers infantils i intergeneracionals i jornada de portes obertes a l&#8217;Aula de la Mem\u00f2ria.<br>Des de l&#8217;Ajuntament d&#8217;Utiel volem agrair la gran labor que desenvolupen totes dues entitats en el municipi i els vam mostrar el nostre suport i col\u00b7laboraci\u00f3 per a la posada en marxa d&#8217;esta mena d&#8217;iniciatives de car\u00e0cter social i humanitari.<\/p>\n\n\n\n<h4 class=\"wp-block-heading\"><\/h4>\n","protected":false},"excerpt":{"rendered":"<div class=\"mh-excerpt\">Este cap de setmana Utiel ha acollit dos esdeveniments especials de car\u00e0cter social i ben\u00e8fic organitzats per Creu Roja i Associaci\u00f3 de Familiars de Malalts d&#8217;Alzheimer d&#8217;Utiel i que han comptat amb el suport i <a class=\"mh-excerpt-more\" href=\"https:\/\/tucomarca.whitekongsoftware.com\/ca\/utiel-celebra-un-cap-de-setmana-dactes-solidaris-amb-creu-roja-i-associacio-de-familiars-de-malalts-dalzheimer\/\" title=\"Utiel celebra un cap de setmana d&#8217;actes solidaris amb Creu Roja i Associaci\u00f3 de Familiars de Malalts d&#8217;Alzheimer\">[+] <\/a><\/div>\n","protected":false},"author":12,"featured_media":201747,"comment_status":"open","ping_status":"open","sticky":false,"template":"","format":"standard","meta":{"footnotes":""},"categories":[11010,10894,11007,10909,10896,11059],"tags":[10910,11174],"class_list":["post-201748","post","type-post","status-publish","format-standard","has-post-thumbnail","category-canal-salud","category-la-comarca-ca","category-ocio-y-cultura-ca","category-requena-utiel-ca","category-seccion-ca","category-utiel-ca","tag-requena-utiel-ca","tag-utiel-ca"],"_links":{"self":[{"href":"https:\/\/tucomarca.whitekongsoftware.com\/ca\/wp-json\/wp\/v2\/posts\/201748","targetHints":{"allow":["GET"]}}],"collection":[{"href":"https:\/\/tucomarca.whitekongsoftware.com\/ca\/wp-json\/wp\/v2\/posts"}],"about":[{"href":"https:\/\/tucomarca.whitekongsoftware.com\/ca\/wp-json\/wp\/v2\/types\/post"}],"author":[{"embeddable":true,"href":"https:\/\/tucomarca.whitekongsoftware.com\/ca\/wp-json\/wp\/v2\/users\/12"}],"replies":[{"embeddable":true,"href":"https:\/\/tucomarca.whitekongsoftware.com\/ca\/wp-json\/wp\/v2\/comments?post=201748"}],"version-history":[{"count":0,"href":"https:\/\/tucomarca.whitekongsoftware.com\/ca\/wp-json\/wp\/v2\/posts\/201748\/revisions"}],"wp:featuredmedia":[{"embeddable":true,"href":"https:\/\/tucomarca.whitekongsoftware.com\/ca\/wp-json\/wp\/v2\/media\/201747"}],"wp:attachment":[{"href":"https:\/\/tucomarca.whitekongsoftware.com\/ca\/wp-json\/wp\/v2\/media?parent=201748"}],"wp:term":[{"taxonomy":"category","embeddable":true,"href":"https:\/\/tucomarca.whitekongsoftware.com\/ca\/wp-json\/wp\/v2\/categories?post=201748"},{"taxonomy":"post_tag","embeddable":true,"href":"https:\/\/tucomarca.whitekongsoftware.com\/ca\/wp-json\/wp\/v2\/tags?post=201748"}],"curies":[{"name":"wp","href":"https:\/\/api.w.org\/{rel}","templated":true}]}}