{"id":201680,"date":"2023-10-30T12:00:00","date_gmt":"2023-10-30T10:00:00","guid":{"rendered":"https:\/\/www.tucomarca.com\/wordpress\/segunda\/?p=201680"},"modified":"2023-10-30T14:41:11","modified_gmt":"2023-10-30T12:41:11","slug":"desmantellen-la-banda-la-mafia-del-coure-que-va-deixar-sense-servei-a-diverses-depuradores-a-valencia-i-castello","status":"publish","type":"post","link":"https:\/\/tucomarca.whitekongsoftware.com\/ca\/desmantellen-la-banda-la-mafia-del-coure-que-va-deixar-sense-servei-a-diverses-depuradores-a-valencia-i-castello\/","title":{"rendered":"Desmantellen la banda \u2018la m\u00e0fia del coure\u2019 que va deixar sense servei a diverses depuradores a Val\u00e8ncia i Castell\u00f3"},"content":{"rendered":"\n<h3 class=\"wp-block-heading\"><strong>Els danys efectuats i els b\u00e9ns sostrets ascendeixen a uns dos milions d&#8217;euros en m\u00e9s de 75 robatoris a les prov\u00edncies de Val\u00e8ncia, Castell\u00f3, Conca, Albacete i M\u00farcia<\/strong>.<\/h3>\n\n\n\n<h3 class=\"wp-block-heading\"><strong>Han sigut detingudes sis persones d&#8217;un clan familiar, de les quals quatre han entrat a la pres\u00f3<\/strong>.<\/h3>\n\n\n\n<p class=\"wp-block-paragraph\">La Gu\u00e0rdia Civil ha detingut a sis homes d&#8217;un clan familiar dedicat al robatori de coure i que hauria com\u00e9s m\u00e9s de 75 robatoris amb danys de dos milions d&#8217;euros en diverses prov\u00edncies arribant a deixar sense servei a diverses depuradores a Val\u00e8ncia i Castell\u00f3.<\/p>\n\n\n\n<p class=\"wp-block-paragraph\">A la fi d&#8217;agost, la Gu\u00e0rdia Civil va comen\u00e7ar a investigar el robatori de dos vehicles, eines i quasi un quil\u00f2metre de cablejat el\u00e8ctric d&#8217;una empresa en la localitat de B\u00e9tera (Val\u00e8ncia). En eixa ocasi\u00f3, el valor dels efectes sostrets i els danys va ascendir a m\u00e9s de 180.000 euros.<\/p>\n\n\n\n<p class=\"wp-block-paragraph\">Posteriorment els investigadors van poder comprovar com existia un grup organitzat format per persones d&#8217;un mateix clan familiar dedicat al robatori de coure en empreses i instal\u00b7lacions que fan \u00fas del mateix com a depuradores, estacions de tren o quadres de llum de grans edificacions.<\/p>\n\n\n\n<p class=\"wp-block-paragraph\">Els autors acostumaven a fer pintades amb esprai en els llocs que assaltaven on s&#8217;autodenominaven \u2018La M\u00e0fia del Coure\u2019 i on reptaven a les Forces i Cossos de Seguretat. Tamb\u00e9 ho feien a trav\u00e9s de les seues xarxes socials, adjudicant-se onades de robatoris, entre els quals hi havia una quinzena de depuradores i deixant sense servei a un gran nombre d&#8217;habitants de diferents poblacions de Val\u00e8ncia i Castell\u00f3.<\/p>\n\n\n\n<p class=\"wp-block-paragraph\"><strong>L&#8217;estructura de l&#8217;organitzaci\u00f3 criminal<\/strong><\/p>\n\n\n\n<p class=\"wp-block-paragraph\">El clan tenia una forta jerarquia: les persones m\u00e9s majors, entre elles el patriarca del clan, realitzaven funcions de direcci\u00f3, rebent els b\u00e9ns sostrets i adjudicant a cada membre la seua \u201cpart del bot\u00ed\u201d. Eren els encarregats d&#8217;establir l&#8217;operativa, de coordinar al \u201cescal\u00f3 d&#8217;execuci\u00f3\u201d i al \u201cescal\u00f3 de suport\u201d.<\/p>\n\n\n\n<p class=\"wp-block-paragraph\">L&#8217;escal\u00f3 d&#8217;execuci\u00f3 era l&#8217;encarregat de perpetrar materialment els delictes i de fer arribar a l&#8217;escal\u00f3 de direcci\u00f3 els b\u00e9ns fruit dels robatoris. Per part seua, l&#8217;escal\u00f3 de suport s&#8217;encarregava d&#8217;aconseguir els domicilis, els tel\u00e8fons i altres \u00fatils amb els quals efectuar els fets delictius. Finalment, es va trobar un escal\u00f3 de receptaci\u00f3, encarregat de la venda irregular dels b\u00e9ns sostrets a canvi de diners.&nbsp;<\/p>\n\n\n\n<p class=\"wp-block-paragraph\">Els fills dels membres del clan es trobaven sense escolaritzar, sent ensinistrats des d&#8217;edats molt primerenques en les labors pr\u00f2pies de l&#8217;organitzaci\u00f3 criminal. D&#8217;ells depenia el futur del clan, en tant que eren el recanvi generacional.&nbsp;<\/p>\n\n\n\n<p class=\"wp-block-paragraph\">Al llarg de la investigaci\u00f3 es va poder acreditar la comissi\u00f3 de m\u00e9s de 75 delictes de robatori amb for\u00e7a a les prov\u00edncies de Val\u00e8ncia, Castell\u00f3, Conca, Albacete i M\u00farcia, on els danys i efectes sostrets aconseguien els dos milions d&#8217;euros.&nbsp;<\/p>\n\n\n\n<p class=\"wp-block-paragraph\">Finalment, a mitjan este mes d&#8217;octubre, s&#8217;han realitzat sis registres, cinc en domicilis i un en una nau industrial utilitzada per a l&#8217;ocultaci\u00f3 i tractament dels b\u00e9ns sostrets. Tamb\u00e9 es va inspeccionar i va precintar una instal\u00b7laci\u00f3 de tractament de residus on es venia mercaderia sense complir la normativa aplicable. S&#8217;aconseguia aix\u00ed determinar la responsabilitat de tots els delictes i actors: des del robatori fins a la venda irregular de les mercaderies.<\/p>\n\n\n\n<p class=\"wp-block-paragraph\">En els registres es va detindre a un total de sis homes, d&#8217;entre 46 i 19 anys d&#8217;edat, i a la investigaci\u00f3 d&#8217;un menor d&#8217;edat. Tamb\u00e9 s&#8217;ha intervingut 1,5 tones de coure, 300 caixes de material de lampisteria, eines professionals de construcci\u00f3 valorades en 70.000 euros, cinc vehicles valorats en uns 30.000 euros, dos dispositius de desc\u00e0rregues el\u00e8ctriques (*t\u00e1ser), tres armes blanques de grans dimensions i eines de tallat de coure valorades en uns 5.000 euros<\/p>\n\n\n\n<p class=\"wp-block-paragraph\">Dels fets coneix el jutjat d&#8217;Inst\u00e0ncia i instrucci\u00f3 n\u00famero 2 de Ll\u00edria.<\/p>\n\n\n\n<figure class=\"wp-block-gallery has-nested-images columns-2 is-cropped wp-block-gallery-1 is-layout-flex wp-block-gallery-is-layout-flex\">\n<figure class=\"wp-block-image size-large\"><img loading=\"lazy\" decoding=\"async\" width=\"1920\" height=\"1080\" data-id=\"201671\" src=\"http:\/\/www.tucomarca.com\/wordpress\/segunda\/wp-content\/uploads\/2023\/10\/MafiaCobreGC01.jpg\" alt=\"\" class=\"wp-image-201671\" srcset=\"https:\/\/tucomarca.whitekongsoftware.com\/wp-content\/uploads\/2023\/10\/MafiaCobreGC01.jpg 1920w, https:\/\/tucomarca.whitekongsoftware.com\/wp-content\/uploads\/2023\/10\/MafiaCobreGC01-300x169.jpg 300w, https:\/\/tucomarca.whitekongsoftware.com\/wp-content\/uploads\/2023\/10\/MafiaCobreGC01-1024x576.jpg 1024w, https:\/\/tucomarca.whitekongsoftware.com\/wp-content\/uploads\/2023\/10\/MafiaCobreGC01-768x432.jpg 768w, https:\/\/tucomarca.whitekongsoftware.com\/wp-content\/uploads\/2023\/10\/MafiaCobreGC01-1536x864.jpg 1536w, https:\/\/tucomarca.whitekongsoftware.com\/wp-content\/uploads\/2023\/10\/MafiaCobreGC01-678x381.jpg 678w\" sizes=\"auto, (max-width: 1920px) 100vw, 1920px\" \/><\/figure>\n\n\n\n<figure class=\"wp-block-image size-large\"><img loading=\"lazy\" decoding=\"async\" width=\"1920\" height=\"1080\" data-id=\"201675\" src=\"http:\/\/www.tucomarca.com\/wordpress\/segunda\/wp-content\/uploads\/2023\/10\/MafiaCobreGC03.jpg\" alt=\"\" class=\"wp-image-201675\" srcset=\"https:\/\/tucomarca.whitekongsoftware.com\/wp-content\/uploads\/2023\/10\/MafiaCobreGC03.jpg 1920w, https:\/\/tucomarca.whitekongsoftware.com\/wp-content\/uploads\/2023\/10\/MafiaCobreGC03-300x169.jpg 300w, https:\/\/tucomarca.whitekongsoftware.com\/wp-content\/uploads\/2023\/10\/MafiaCobreGC03-1024x576.jpg 1024w, https:\/\/tucomarca.whitekongsoftware.com\/wp-content\/uploads\/2023\/10\/MafiaCobreGC03-768x432.jpg 768w, https:\/\/tucomarca.whitekongsoftware.com\/wp-content\/uploads\/2023\/10\/MafiaCobreGC03-1536x864.jpg 1536w, https:\/\/tucomarca.whitekongsoftware.com\/wp-content\/uploads\/2023\/10\/MafiaCobreGC03-678x381.jpg 678w\" sizes=\"auto, (max-width: 1920px) 100vw, 1920px\" \/><\/figure>\n\n\n\n<figure class=\"wp-block-image size-large\"><img loading=\"lazy\" decoding=\"async\" width=\"1920\" height=\"1080\" data-id=\"201677\" src=\"http:\/\/www.tucomarca.com\/wordpress\/segunda\/wp-content\/uploads\/2023\/10\/MafiaCobreGC04.jpg\" alt=\"\" class=\"wp-image-201677\" srcset=\"https:\/\/tucomarca.whitekongsoftware.com\/wp-content\/uploads\/2023\/10\/MafiaCobreGC04.jpg 1920w, https:\/\/tucomarca.whitekongsoftware.com\/wp-content\/uploads\/2023\/10\/MafiaCobreGC04-300x169.jpg 300w, https:\/\/tucomarca.whitekongsoftware.com\/wp-content\/uploads\/2023\/10\/MafiaCobreGC04-1024x576.jpg 1024w, https:\/\/tucomarca.whitekongsoftware.com\/wp-content\/uploads\/2023\/10\/MafiaCobreGC04-768x432.jpg 768w, https:\/\/tucomarca.whitekongsoftware.com\/wp-content\/uploads\/2023\/10\/MafiaCobreGC04-1536x864.jpg 1536w, https:\/\/tucomarca.whitekongsoftware.com\/wp-content\/uploads\/2023\/10\/MafiaCobreGC04-678x381.jpg 678w\" sizes=\"auto, (max-width: 1920px) 100vw, 1920px\" \/><\/figure>\n<\/figure>\n","protected":false},"excerpt":{"rendered":"<div class=\"mh-excerpt\">Els danys efectuats i els b\u00e9ns sostrets ascendeixen a uns dos milions d&#8217;euros en m\u00e9s de 75 robatoris a les prov\u00edncies de Val\u00e8ncia, Castell\u00f3, Conca, Albacete i M\u00farcia. Han sigut detingudes sis persones d&#8217;un clan <a class=\"mh-excerpt-more\" href=\"https:\/\/tucomarca.whitekongsoftware.com\/ca\/desmantellen-la-banda-la-mafia-del-coure-que-va-deixar-sense-servei-a-diverses-depuradores-a-valencia-i-castello\/\" title=\"Desmantellen la banda \u2018la m\u00e0fia del coure\u2019 que va deixar sense servei a diverses depuradores a Val\u00e8ncia i Castell\u00f3\">[+] <\/a><\/div>\n","protected":false},"author":1,"featured_media":201674,"comment_status":"open","ping_status":"open","sticky":false,"template":"","format":"gallery","meta":{"footnotes":""},"categories":[10937,10892,10898,10948,10894,10928,10896,10897],"tags":[11202,10899,12920,11118,11070,17587],"class_list":["post-201680","post","type-post","status-publish","format-gallery","has-post-thumbnail","category-betera-ca","category-camp-de-turia-ca","category-ventana-ca","category-infraestructuras-ca","category-la-comarca-ca","category-lliria-ca","category-seccion-ca","category-sucesos-la-comarca-ca","tag-betera-ca","tag-camp-de-turia-ca","tag-detenidos-ca","tag-guardia-civil-ca","tag-lliria-ca","tag-robos-ca","post_format-post-format-gallery"],"_links":{"self":[{"href":"https:\/\/tucomarca.whitekongsoftware.com\/ca\/wp-json\/wp\/v2\/posts\/201680","targetHints":{"allow":["GET"]}}],"collection":[{"href":"https:\/\/tucomarca.whitekongsoftware.com\/ca\/wp-json\/wp\/v2\/posts"}],"about":[{"href":"https:\/\/tucomarca.whitekongsoftware.com\/ca\/wp-json\/wp\/v2\/types\/post"}],"author":[{"embeddable":true,"href":"https:\/\/tucomarca.whitekongsoftware.com\/ca\/wp-json\/wp\/v2\/users\/1"}],"replies":[{"embeddable":true,"href":"https:\/\/tucomarca.whitekongsoftware.com\/ca\/wp-json\/wp\/v2\/comments?post=201680"}],"version-history":[{"count":0,"href":"https:\/\/tucomarca.whitekongsoftware.com\/ca\/wp-json\/wp\/v2\/posts\/201680\/revisions"}],"wp:featuredmedia":[{"embeddable":true,"href":"https:\/\/tucomarca.whitekongsoftware.com\/ca\/wp-json\/wp\/v2\/media\/201674"}],"wp:attachment":[{"href":"https:\/\/tucomarca.whitekongsoftware.com\/ca\/wp-json\/wp\/v2\/media?parent=201680"}],"wp:term":[{"taxonomy":"category","embeddable":true,"href":"https:\/\/tucomarca.whitekongsoftware.com\/ca\/wp-json\/wp\/v2\/categories?post=201680"},{"taxonomy":"post_tag","embeddable":true,"href":"https:\/\/tucomarca.whitekongsoftware.com\/ca\/wp-json\/wp\/v2\/tags?post=201680"}],"curies":[{"name":"wp","href":"https:\/\/api.w.org\/{rel}","templated":true}]}}