{"id":201670,"date":"2023-10-30T12:12:00","date_gmt":"2023-10-30T10:12:00","guid":{"rendered":"https:\/\/www.tucomarca.com\/wordpress\/segunda\/?p=201670"},"modified":"2023-10-30T15:08:48","modified_gmt":"2023-10-30T13:08:48","slug":"el-cd-bunyol-ultima-els-detalls-del-seu-partit-historic-contra-la-reial-societat-amb-laforament-del-camp-al-complet-i-que-podra-veures-en-directe-per-televisio","status":"publish","type":"post","link":"https:\/\/tucomarca.whitekongsoftware.com\/ca\/el-cd-bunyol-ultima-els-detalls-del-seu-partit-historic-contra-la-reial-societat-amb-laforament-del-camp-al-complet-i-que-podra-veures-en-directe-per-televisio\/","title":{"rendered":"El CD Bunyol ultima els detalls del seu partit hist\u00f2ric contra la Reial Societat amb l&#8217;aforament del camp al complet i que podr\u00e0 veure&#8217;s en directe per televisi\u00f3"},"content":{"rendered":"\n<p class=\"wp-block-paragraph\">El Club Esportiu Bunyol ultima tots els detalls per a la seua nova cita hist\u00f2rica amb la Copa de Sa Majestat El Rei d&#8217;este dimecres, 1 de novembre en el camp del SC Requena, el Tom\u00e1s Berlanga. <\/p>\n\n\n\n<p class=\"wp-block-paragraph\">Una jornada en la qual, a partir de les 18,30 hores, el primer equip del CD Bunyol s&#8217;enfrontar\u00e0 al conjunt de la Reial Societat de Futbol, una cita per a la qual el mateix president del club de La Foia, Francisco Zan\u00f3n, ha confirmat este dilluns que s&#8217;est\u00e0 &#8220;treballant en els \u00faltims detalls que ens exigeix des de la Real Federaci\u00f3 Espanyola de Futbol perqu\u00e8 tot estiga llest en esta nova cita hist\u00f2rica&#8221;.<\/p>\n\n\n\n<p class=\"wp-block-paragraph\">Francisco Zan\u00f3n tamb\u00e9 ha avan\u00e7at que el camp es preveu que llu\u00efsca un aspecte &#8220;impressionant, at\u00e9s que ja s&#8217;han venut pr\u00e0cticament totes les 4.000 entrades de l&#8217;aforament, per la qual cosa segur que es podr\u00e0 assistir a un bonic espectacle en un camp ple&#8221;.<\/p>\n\n\n\n<p class=\"wp-block-paragraph\">El president del CD Bunyol ha tornat a qualificar el xoc d&#8217;hist\u00f2ric, &#8220;at\u00e9s que ens enfrontarem no nom\u00e9s a un gran equip de Primera Divisi\u00f3, sin\u00f3 tamb\u00e9 a un equip que ara mateix est\u00e0 en Champions League&#8221;.\u00a0<\/p>\n\n\n\n<p class=\"wp-block-paragraph\">Un xoc futbol\u00edstic que, per als qui no puguen acostar-se al camp de Requena, podran seguir a trav\u00e9s de la televisi\u00f3, concretament ser\u00e0 retransm\u00e9s en directe per Movistar Lliga de Campions, encara que nom\u00e9s el podran veure els abonats al canal.<\/p>\n","protected":false},"excerpt":{"rendered":"<div class=\"mh-excerpt\">El Club Esportiu Bunyol ultima tots els detalls per a la seua nova cita hist\u00f2rica amb la Copa de Sa Majestat El Rei d&#8217;este dimecres, 1 de novembre en el camp del SC Requena, el <a class=\"mh-excerpt-more\" href=\"https:\/\/tucomarca.whitekongsoftware.com\/ca\/el-cd-bunyol-ultima-els-detalls-del-seu-partit-historic-contra-la-reial-societat-amb-laforament-del-camp-al-complet-i-que-podra-veures-en-directe-per-televisio\/\" title=\"El CD Bunyol ultima els detalls del seu partit hist\u00f2ric contra la Reial Societat amb l&#8217;aforament del camp al complet i que podr\u00e0 veure&#8217;s en directe per televisi\u00f3\">[+] <\/a><\/div>\n","protected":false},"author":12,"featured_media":201669,"comment_status":"open","ping_status":"open","sticky":false,"template":"","format":"standard","meta":{"footnotes":""},"categories":[10911,11015,11003,10898,10894,10912,11007,10896],"tags":[10913,11126,12752,10914],"class_list":["post-201670","post","type-post","status-publish","format-standard","has-post-thumbnail","category-bunol-ca","category-canal-futbol","category-sports","category-ventana-ca","category-la-comarca-ca","category-la-hoya-ca","category-ocio-y-cultura-ca","category-seccion-ca","tag-bunol-ca","tag-cd-bunol-ca","tag-copa-del-rey-ca","tag-la-hoya-de-bunol-chiva-ca"],"_links":{"self":[{"href":"https:\/\/tucomarca.whitekongsoftware.com\/ca\/wp-json\/wp\/v2\/posts\/201670","targetHints":{"allow":["GET"]}}],"collection":[{"href":"https:\/\/tucomarca.whitekongsoftware.com\/ca\/wp-json\/wp\/v2\/posts"}],"about":[{"href":"https:\/\/tucomarca.whitekongsoftware.com\/ca\/wp-json\/wp\/v2\/types\/post"}],"author":[{"embeddable":true,"href":"https:\/\/tucomarca.whitekongsoftware.com\/ca\/wp-json\/wp\/v2\/users\/12"}],"replies":[{"embeddable":true,"href":"https:\/\/tucomarca.whitekongsoftware.com\/ca\/wp-json\/wp\/v2\/comments?post=201670"}],"version-history":[{"count":0,"href":"https:\/\/tucomarca.whitekongsoftware.com\/ca\/wp-json\/wp\/v2\/posts\/201670\/revisions"}],"wp:featuredmedia":[{"embeddable":true,"href":"https:\/\/tucomarca.whitekongsoftware.com\/ca\/wp-json\/wp\/v2\/media\/201669"}],"wp:attachment":[{"href":"https:\/\/tucomarca.whitekongsoftware.com\/ca\/wp-json\/wp\/v2\/media?parent=201670"}],"wp:term":[{"taxonomy":"category","embeddable":true,"href":"https:\/\/tucomarca.whitekongsoftware.com\/ca\/wp-json\/wp\/v2\/categories?post=201670"},{"taxonomy":"post_tag","embeddable":true,"href":"https:\/\/tucomarca.whitekongsoftware.com\/ca\/wp-json\/wp\/v2\/tags?post=201670"}],"curies":[{"name":"wp","href":"https:\/\/api.w.org\/{rel}","templated":true}]}}