{"id":201586,"date":"2023-10-27T11:00:00","date_gmt":"2023-10-27T09:00:00","guid":{"rendered":"https:\/\/www.tucomarca.com\/wordpress\/segunda\/?p=201586"},"modified":"2023-10-27T21:21:09","modified_gmt":"2023-10-27T19:21:09","slug":"una-banda-de-lladres-amb-maquinaria-sostrau-mes-de-1-000-quilos-dolives-a-bunyol-coincidint-amb-lobertura-de-centres-de-recepcion","status":"publish","type":"post","link":"https:\/\/tucomarca.whitekongsoftware.com\/ca\/una-banda-de-lladres-amb-maquinaria-sostrau-mes-de-1-000-quilos-dolives-a-bunyol-coincidint-amb-lobertura-de-centres-de-recepcion\/","title":{"rendered":"Una banda de lladres amb maquin\u00e0ria sostrau m\u00e9s de 1.000 quilos d&#8217;olives a Bunyol coincidint amb l&#8217;obertura de centres de recepci\u00f3n"},"content":{"rendered":"\n<h3 class=\"wp-block-heading\">AVA-Asaja denuncia els primers robatoris d&#8217;olives en la Comunitat Valenciana pels alts preus<\/h3>\n\n\n\n<p class=\"wp-block-paragraph\">L&#8217;encariment a nivells hist\u00f2rics de l&#8217;oli d&#8217;oliva est\u00e0 estenent els robatoris d&#8217;olives a cada vegada m\u00e9s regions espanyoles, creixent com una perillosa taca d&#8217;oli, mai m\u00e9s ben dit. Despr\u00e9s de les den\u00fancies en olivars i alm\u00e0sseres d&#8217;Andalusia i Extremadura, l&#8217;Associaci\u00f3 Valenciana d&#8217;Agricultors (AVA-Asaja) adverteix que l&#8217;onada de sostraccions tamb\u00e9 ha arribat a l&#8217;interior de la Comunitat Valenciana coincidint en el temps amb l&#8217;obertura de centres de recepci\u00f3.<br>L&#8217;associat de AVA-Bunyol, Jos\u00e9 Marzo Torres, va interposar una den\u00fancia davant la Gu\u00e0rdia Civil pel robatori este passat cap de setmana de 600 quilos d&#8217;olives en 18 oliveres de la seua propietat situats en esta poblaci\u00f3 de la Foia de Bunyol. A m\u00e9s, este agricultor va patir uns dies despr\u00e9s un segon robatori afectant les oliveres restants del seu terreny, per la qual cosa ha presentat una segona den\u00fancia. \u201cPer les petjades que han deixat i no s&#8217;han molestat a ocultar, ha de tractar-se d&#8217;un grup de tres persones que van acudir al camp amb la maquin\u00e0ria id\u00f2nia per a la recollida d&#8217;olives. Van ser als arbres que tenien m\u00e9s collita i van actuar de manera molt organitzada i r\u00e0pida\u201d, declara el olivicultor valenci\u00e0.<br>Precisament la mateixa setmana que s&#8217;ha conegut este delicte han obert les portes diverses alm\u00e0sseres i punts de recepci\u00f3 en municipis de la zona com Bunyol, Xiva i Xest. Per aix\u00f2, AVA-Asaja sol\u00b7licita a la Delegaci\u00f3 del Govern que extreme la vigil\u00e0ncia tant en els camps d&#8217;oliveres com en estos centres que poden adquirir mercaderia robada i generar un mercat negre d&#8217;olives per a l&#8217;elaboraci\u00f3 d&#8217;oli d&#8217;oliva.<br>L&#8217;organitzaci\u00f3 agr\u00e0ria alerta que els robatoris afigen m\u00e9s dificultats als olivicultores valencians, ja que les perspectives de producci\u00f3 apunten a un enfonsament del 50% respecte a un aforament normal a causa de la falta de pluges a les comarques interiors de la Comunitat Valenciana, aix\u00ed com a diversos temporals de pedra i a elevades temperatures a la primavera.<\/p>\n","protected":false},"excerpt":{"rendered":"<div class=\"mh-excerpt\">AVA-Asaja denuncia els primers robatoris d&#8217;olives en la Comunitat Valenciana pels alts preus L&#8217;encariment a nivells hist\u00f2rics de l&#8217;oli d&#8217;oliva est\u00e0 estenent els robatoris d&#8217;olives a cada vegada m\u00e9s regions espanyoles, creixent com una perillosa <a class=\"mh-excerpt-more\" href=\"https:\/\/tucomarca.whitekongsoftware.com\/ca\/una-banda-de-lladres-amb-maquinaria-sostrau-mes-de-1-000-quilos-dolives-a-bunyol-coincidint-amb-lobertura-de-centres-de-recepcion\/\" title=\"Una banda de lladres amb maquin\u00e0ria sostrau m\u00e9s de 1.000 quilos d&#8217;olives a Bunyol coincidint amb l&#8217;obertura de centres de recepci\u00f3n\">[+] <\/a><\/div>\n","protected":false},"author":12,"featured_media":201585,"comment_status":"open","ping_status":"open","sticky":false,"template":"","format":"standard","meta":{"footnotes":""},"categories":[10905,10911,10898,10894,10904,10912,10896,10897,10974,10975],"tags":[11924,10914,19810],"class_list":["post-201586","post","type-post","status-publish","format-standard","has-post-thumbnail","category-agricultura-la-comarca-ca","category-bunol-ca","category-ventana-ca","category-la-comarca-ca","category-sin-categorizar-ca","category-la-hoya-ca","category-seccion-ca","category-sucesos-la-comarca-ca","category-cheste-ca","category-chiva-ca","tag-ava-asaja-ca","tag-la-hoya-de-bunol-chiva-ca","tag-robo-de-aceitunas-ca"],"_links":{"self":[{"href":"https:\/\/tucomarca.whitekongsoftware.com\/ca\/wp-json\/wp\/v2\/posts\/201586","targetHints":{"allow":["GET"]}}],"collection":[{"href":"https:\/\/tucomarca.whitekongsoftware.com\/ca\/wp-json\/wp\/v2\/posts"}],"about":[{"href":"https:\/\/tucomarca.whitekongsoftware.com\/ca\/wp-json\/wp\/v2\/types\/post"}],"author":[{"embeddable":true,"href":"https:\/\/tucomarca.whitekongsoftware.com\/ca\/wp-json\/wp\/v2\/users\/12"}],"replies":[{"embeddable":true,"href":"https:\/\/tucomarca.whitekongsoftware.com\/ca\/wp-json\/wp\/v2\/comments?post=201586"}],"version-history":[{"count":0,"href":"https:\/\/tucomarca.whitekongsoftware.com\/ca\/wp-json\/wp\/v2\/posts\/201586\/revisions"}],"wp:featuredmedia":[{"embeddable":true,"href":"https:\/\/tucomarca.whitekongsoftware.com\/ca\/wp-json\/wp\/v2\/media\/201585"}],"wp:attachment":[{"href":"https:\/\/tucomarca.whitekongsoftware.com\/ca\/wp-json\/wp\/v2\/media?parent=201586"}],"wp:term":[{"taxonomy":"category","embeddable":true,"href":"https:\/\/tucomarca.whitekongsoftware.com\/ca\/wp-json\/wp\/v2\/categories?post=201586"},{"taxonomy":"post_tag","embeddable":true,"href":"https:\/\/tucomarca.whitekongsoftware.com\/ca\/wp-json\/wp\/v2\/tags?post=201586"}],"curies":[{"name":"wp","href":"https:\/\/api.w.org\/{rel}","templated":true}]}}