{"id":201500,"date":"2023-10-26T10:00:00","date_gmt":"2023-10-26T08:00:00","guid":{"rendered":"https:\/\/www.tucomarca.com\/wordpress\/segunda\/?p=201500"},"modified":"2023-10-26T22:32:40","modified_gmt":"2023-10-26T20:32:40","slug":"el-pp-de-leliana-aconsegueix-ladequacio-de-ledifici-de-serveis-municipals-per-a-persones-amb-diversitat-funcional-i-cognitiva","status":"publish","type":"post","link":"https:\/\/tucomarca.whitekongsoftware.com\/ca\/el-pp-de-leliana-aconsegueix-ladequacio-de-ledifici-de-serveis-municipals-per-a-persones-amb-diversitat-funcional-i-cognitiva\/","title":{"rendered":"El PP de l&#8217;Eliana aconsegueix l&#8217;adequaci\u00f3 de l&#8217;edifici de serveis municipals per a persones amb diversitat funcional i cognitiva&nbsp;"},"content":{"rendered":"\n<h4 class=\"wp-block-heading\">L&#8217;ascensor municipal i les escales no compleixen amb la normativa d&#8217;accessibilitat&nbsp;<\/h4>\n\n\n\n<p class=\"wp-block-paragraph\">El PP de l&#8217;Eliana ha aconseguit l&#8217;aprovaci\u00f3, en el ple municipal, una renovaci\u00f3 integral de l&#8217;accessibilitat de l&#8217;edifici municipal situat al Carrer Pur\u00edssim n\u00ba12 del municipi, que alberga entre altres la reguarda de la Policia Local i el Jutjat de pau i l&#8217;\u00c0rea d&#8217;Urbanisme en les plantes superiors.&nbsp;<\/p>\n\n\n\n<p class=\"wp-block-paragraph\">Mar\u00eda Jos\u00e9 Marco, portaveu del Partit Popular, assenyala que l&#8217;ascensor d&#8217;este edifici no compleix des de fa anys amb la normativa vigent sobre accessibilitat per a persones amb diversitat funcional i cognitiva i \u00e9s necess\u00e0ria una soluci\u00f3 perqu\u00e8 els drets fonamentals de les persones amb esta condici\u00f3 no es vegen minvats i reben un tracte igualitari que garantisca i respecte la seua dignitat i autonomia individual i personal.&nbsp;<\/p>\n\n\n\n<p class=\"wp-block-paragraph\">En paraules de Mar\u00eda Jos\u00e9 Marco \u201cels ve\u00efns i ve\u00efnes de l&#8217;Eliana amb capacitats especials tenen el ple dret al fet que, des de les administracions, en este cas l&#8217;Ajuntament de l&#8217;Eliana, es duguen a terme totes les actuacions possibles perqu\u00e8 es garantisca la seua independ\u00e8ncia sense cap mena de discriminaci\u00f3 a causa de les seues condicions. \u00c9s la nostra obligaci\u00f3 assegurar i garantir la seua accessibilitat a tots els b\u00e9ns i serveis del nostre poble eliminant tot tipus de barreres que puguen trobar-se en el cam\u00ed\u00a8.&nbsp;<\/p>\n\n\n\n<p class=\"wp-block-paragraph\">\u00c9s per aix\u00f2 que des del Partit Popular s&#8217;ha instat que des de l&#8217;Ajuntament s&#8217;adopten totes les mesures necess\u00e0ries en la millora d&#8217;accessibilitat de l&#8217;edifici i de l&#8217;adaptaci\u00f3 de l&#8217;ascensor d&#8217;este, el qual no compleix ni amb l&#8217;espai reglamentari ni amb les adaptacions oportunes i necess\u00e0ries per a poder ser utilitzat per persones amb qualsevol tipus de discapacitat.&nbsp;<\/p>\n\n\n\n<p class=\"wp-block-paragraph\">Segons la portaveu popular, \u201cl&#8217;Eliana ha de ser un municipi inclusiu i accessible on la dignitat dels nostres ve\u00efns i ve\u00efnes estiga assegurada per al seu benestar. La discapacitat no resideix en la persona si no en aquell entorn que no li permet el desenvolupament de les seues capacitats i esperem que la nostra moci\u00f3, puga ser duta a terme al m\u00e9s prompte possible\u201d.<\/p>\n","protected":false},"excerpt":{"rendered":"<div class=\"mh-excerpt\">L&#8217;ascensor municipal i les escales no compleixen amb la normativa d&#8217;accessibilitat&nbsp; El PP de l&#8217;Eliana ha aconseguit l&#8217;aprovaci\u00f3, en el ple municipal, una renovaci\u00f3 integral de l&#8217;accessibilitat de l&#8217;edifici municipal situat al Carrer Pur\u00edssim n\u00ba12 <a class=\"mh-excerpt-more\" href=\"https:\/\/tucomarca.whitekongsoftware.com\/ca\/el-pp-de-leliana-aconsegueix-ladequacio-de-ledifici-de-serveis-municipals-per-a-persones-amb-diversitat-funcional-i-cognitiva\/\" title=\"El PP de l&#8217;Eliana aconsegueix l&#8217;adequaci\u00f3 de l&#8217;edifici de serveis municipals per a persones amb diversitat funcional i cognitiva&nbsp;\">[+] <\/a><\/div>\n","protected":false},"author":12,"featured_media":105173,"comment_status":"open","ping_status":"open","sticky":false,"template":"","format":"standard","meta":{"footnotes":""},"categories":[10892,10948,10894,10893,10947,10896],"tags":[10899,11582],"class_list":["post-201500","post","type-post","status-publish","format-standard","has-post-thumbnail","category-camp-de-turia-ca","category-infraestructuras-ca","category-la-comarca-ca","category-leliana-ca","category-politica","category-seccion-ca","tag-camp-de-turia-ca","tag-pp-de-leliana-ca"],"_links":{"self":[{"href":"https:\/\/tucomarca.whitekongsoftware.com\/ca\/wp-json\/wp\/v2\/posts\/201500","targetHints":{"allow":["GET"]}}],"collection":[{"href":"https:\/\/tucomarca.whitekongsoftware.com\/ca\/wp-json\/wp\/v2\/posts"}],"about":[{"href":"https:\/\/tucomarca.whitekongsoftware.com\/ca\/wp-json\/wp\/v2\/types\/post"}],"author":[{"embeddable":true,"href":"https:\/\/tucomarca.whitekongsoftware.com\/ca\/wp-json\/wp\/v2\/users\/12"}],"replies":[{"embeddable":true,"href":"https:\/\/tucomarca.whitekongsoftware.com\/ca\/wp-json\/wp\/v2\/comments?post=201500"}],"version-history":[{"count":0,"href":"https:\/\/tucomarca.whitekongsoftware.com\/ca\/wp-json\/wp\/v2\/posts\/201500\/revisions"}],"wp:featuredmedia":[{"embeddable":true,"href":"https:\/\/tucomarca.whitekongsoftware.com\/ca\/wp-json\/wp\/v2\/media\/105173"}],"wp:attachment":[{"href":"https:\/\/tucomarca.whitekongsoftware.com\/ca\/wp-json\/wp\/v2\/media?parent=201500"}],"wp:term":[{"taxonomy":"category","embeddable":true,"href":"https:\/\/tucomarca.whitekongsoftware.com\/ca\/wp-json\/wp\/v2\/categories?post=201500"},{"taxonomy":"post_tag","embeddable":true,"href":"https:\/\/tucomarca.whitekongsoftware.com\/ca\/wp-json\/wp\/v2\/tags?post=201500"}],"curies":[{"name":"wp","href":"https:\/\/api.w.org\/{rel}","templated":true}]}}