{"id":201479,"date":"2023-10-26T09:00:00","date_gmt":"2023-10-26T07:00:00","guid":{"rendered":"https:\/\/www.tucomarca.com\/wordpress\/segunda\/?p=201479"},"modified":"2023-10-26T15:26:17","modified_gmt":"2023-10-26T13:26:17","slug":"lexposicio-homenatge-a-creu-roja-utiel-repassa-la-trajectoria-de-lentitat-social-durant-els-seus-150-anys-de-suport-a-la-comunitat","status":"publish","type":"post","link":"https:\/\/tucomarca.whitekongsoftware.com\/ca\/lexposicio-homenatge-a-creu-roja-utiel-repassa-la-trajectoria-de-lentitat-social-durant-els-seus-150-anys-de-suport-a-la-comunitat\/","title":{"rendered":"L&#8217;exposici\u00f3 homenatge a Creu Roja Utiel repassa la traject\u00f2ria de l&#8217;entitat social durant els seus 150 anys de suport a la comunitat"},"content":{"rendered":"\n<h4 class=\"wp-block-heading\">Fa 150 anys es va crear a Utiel la primera subcomissi\u00f3 de Creu Roja a la prov\u00edncia de Val\u00e8ncia, la qual cosa la converteix en un referent de voluntariat a nivell auton\u00f2mic.<\/h4>\n\n\n\n<p class=\"wp-block-paragraph\">Ahir obria les seues portes l&#8217;exposici\u00f3 documental del 150 aniversari de l&#8217;Assemblea Local de Creu Roja a Utiel sota el lema &#8220;Els temps canvien. La solidaritat continua&#8221;. Tot un referent a nivell auton\u00f2mic com a organitzaci\u00f3 de voluntariat al servei de les persones m\u00e9s desfavorides del seu entorn.<br>L&#8217;acte d&#8217;inauguraci\u00f3 ha comptat amb l&#8217;assist\u00e8ncia del President Provincial de Creu Roja a Val\u00e8ncia, Juan Jos\u00e9 Collado, l&#8217;actual presidenta de Creu Roja a Utiel, Mar\u00eda Teruel , el president de Creu Roja a Utiel des de 2005 i fins a 2023, Ramon D\u00edaz aix\u00ed com l&#8217;alcalde d&#8217;Utiel, Ricardo Gabald\u00f3n, que va estar acompanyat de les regidores de Benestar Social i Cultura, Roc\u00edo L\u00f3pez i Irene Tello , el regidor de festejos, Rub\u00e9n Murcia, el cronista oficial, Jos\u00e9 Luis Mart\u00ednez, voluntaris i amics que han volgut participar en este emotiu reconeixement a totes aquelles persones que han format part de l&#8217;entitat durant segle i mig de marxa fent costat als m\u00e9s necessitats.<br>L&#8217;alcalde d&#8217;Utiel ha felicitat els representants de Creu Roja d&#8217;Utiel i ha animat a tots els utielanos a visitar l&#8217;exposici\u00f3 a la Casa de Cultura fins divendres que ve 27 d&#8217;octubre, dia en qu\u00e8 se celebrar\u00e0 l&#8217;acte commemoratiu dels 150 anys de traject\u00f2ria de la Delegaci\u00f3 de Creu Roja Utiel, la primera subcomissi\u00f3 de la prov\u00edncia de Val\u00e8ncia i una de les pioneres a oferir la seua ajuda i assist\u00e8ncia a la poblaci\u00f3 de la Comunitat Valenciana.<\/p>\n\n\n\n<p class=\"wp-block-paragraph\"><\/p>\n","protected":false},"excerpt":{"rendered":"<div class=\"mh-excerpt\">Fa 150 anys es va crear a Utiel la primera subcomissi\u00f3 de Creu Roja a la prov\u00edncia de Val\u00e8ncia, la qual cosa la converteix en un referent de voluntariat a nivell auton\u00f2mic. Ahir obria les <a class=\"mh-excerpt-more\" href=\"https:\/\/tucomarca.whitekongsoftware.com\/ca\/lexposicio-homenatge-a-creu-roja-utiel-repassa-la-trajectoria-de-lentitat-social-durant-els-seus-150-anys-de-suport-a-la-comunitat\/\" title=\"L&#8217;exposici\u00f3 homenatge a Creu Roja Utiel repassa la traject\u00f2ria de l&#8217;entitat social durant els seus 150 anys de suport a la comunitat\">[+] <\/a><\/div>\n","protected":false},"author":12,"featured_media":201477,"comment_status":"open","ping_status":"open","sticky":false,"template":"","format":"standard","meta":{"footnotes":""},"categories":[10894,11007,10909,10896,11059],"tags":[19802,10910,11174],"class_list":["post-201479","post","type-post","status-publish","format-standard","has-post-thumbnail","category-la-comarca-ca","category-ocio-y-cultura-ca","category-requena-utiel-ca","category-seccion-ca","category-utiel-ca","tag-cruz-roja-utiel-ca","tag-requena-utiel-ca","tag-utiel-ca"],"_links":{"self":[{"href":"https:\/\/tucomarca.whitekongsoftware.com\/ca\/wp-json\/wp\/v2\/posts\/201479","targetHints":{"allow":["GET"]}}],"collection":[{"href":"https:\/\/tucomarca.whitekongsoftware.com\/ca\/wp-json\/wp\/v2\/posts"}],"about":[{"href":"https:\/\/tucomarca.whitekongsoftware.com\/ca\/wp-json\/wp\/v2\/types\/post"}],"author":[{"embeddable":true,"href":"https:\/\/tucomarca.whitekongsoftware.com\/ca\/wp-json\/wp\/v2\/users\/12"}],"replies":[{"embeddable":true,"href":"https:\/\/tucomarca.whitekongsoftware.com\/ca\/wp-json\/wp\/v2\/comments?post=201479"}],"version-history":[{"count":0,"href":"https:\/\/tucomarca.whitekongsoftware.com\/ca\/wp-json\/wp\/v2\/posts\/201479\/revisions"}],"wp:featuredmedia":[{"embeddable":true,"href":"https:\/\/tucomarca.whitekongsoftware.com\/ca\/wp-json\/wp\/v2\/media\/201477"}],"wp:attachment":[{"href":"https:\/\/tucomarca.whitekongsoftware.com\/ca\/wp-json\/wp\/v2\/media?parent=201479"}],"wp:term":[{"taxonomy":"category","embeddable":true,"href":"https:\/\/tucomarca.whitekongsoftware.com\/ca\/wp-json\/wp\/v2\/categories?post=201479"},{"taxonomy":"post_tag","embeddable":true,"href":"https:\/\/tucomarca.whitekongsoftware.com\/ca\/wp-json\/wp\/v2\/tags?post=201479"}],"curies":[{"name":"wp","href":"https:\/\/api.w.org\/{rel}","templated":true}]}}