{"id":201308,"date":"2023-10-24T10:30:00","date_gmt":"2023-10-24T08:30:00","guid":{"rendered":"https:\/\/www.tucomarca.com\/wordpress\/segunda\/?p=201308"},"modified":"2023-10-24T21:36:32","modified_gmt":"2023-10-24T19:36:32","slug":"xest-tanca-el-50-aniversari-de-la-seua-festa-de-la-verema-amb-una-gala-en-la-qual-shomenatja-les-seues-reines","status":"publish","type":"post","link":"https:\/\/tucomarca.whitekongsoftware.com\/ca\/xest-tanca-el-50-aniversari-de-la-seua-festa-de-la-verema-amb-una-gala-en-la-qual-shomenatja-les-seues-reines\/","title":{"rendered":"Xest tanca el 50 aniversari de la seua Festa de la Verema amb una gala en la qual s&#8217;homenatja les seues reines&nbsp;"},"content":{"rendered":"\n<h4 class=\"wp-block-heading\">L&#8217;acte va comptar amb la presentaci\u00f3 d&#8217;un llibre i la projecci\u00f3 d&#8217;un documental sobre la Festa<\/h4>\n\n\n\n<p class=\"wp-block-paragraph\">Diumenge passat, 22 d&#8217;octubre, la 50 Festa de la Verema de Xest va finalitzar amb una gala especial en la qual es va homenatjar les reines de totes les edicions, davant un teatre Liceu engalanat per a l&#8217;ocasi\u00f3 i amb el seu aforament al complet.<\/p>\n\n\n\n<figure class=\"wp-block-image size-full\"><img loading=\"lazy\" decoding=\"async\" width=\"886\" height=\"591\" src=\"http:\/\/www.tucomarca.com\/wordpress\/segunda\/wp-content\/uploads\/2023\/10\/50anivVendimia09.jpg\" alt=\"\" class=\"wp-image-201295\" srcset=\"https:\/\/tucomarca.whitekongsoftware.com\/wp-content\/uploads\/2023\/10\/50anivVendimia09.jpg 886w, https:\/\/tucomarca.whitekongsoftware.com\/wp-content\/uploads\/2023\/10\/50anivVendimia09-300x200.jpg 300w, https:\/\/tucomarca.whitekongsoftware.com\/wp-content\/uploads\/2023\/10\/50anivVendimia09-768x512.jpg 768w\" sizes=\"auto, (max-width: 886px) 100vw, 886px\" \/><\/figure>\n\n\n\n<p class=\"wp-block-paragraph\">L&#8217;acte es va obrir amb el discurs de l&#8217;alcalde, Jos\u00e9 Morell, qui va posar en valor la Festa, la seua hist\u00f2ria i el seu arrelament en la poblaci\u00f3. \u201c50 anys arrere va comen\u00e7ar al nostre poble un homenatge festiu a la verema, al vi i al treball dels nostres agricultors. En este temps m\u00e9s de mil persones s&#8217;han vestit amb el vestit t\u00edpic i han mantingut visca la tradici\u00f3. En este mateix teatre s&#8217;ha al\u00e7at el tel\u00f3 cada any per a mostrar les obres d&#8217;art que s\u00f3n els trons, amb un \u00fanic any d&#8217;excepci\u00f3, a causa de la pand\u00e8mia. En esta gala tamb\u00e9 els fem l&#8217;ullet a trav\u00e9s d&#8217;un altre dels elements de les festes que t\u00e9 a veure amb ells, em referisc als carrers i balcons engalanats, ja que la decoraci\u00f3 d&#8217;este escenari la componen algunes peces d&#8217;esta edici\u00f3\u201d. A m\u00e9s, l&#8217;alcalde va llan\u00e7ar un missatge per a les pr\u00f2ximes generacions, encomanant-los fer-se c\u00e0rrec de mantindre viva la festa. \u201cAmb esta gala m&#8217;agradaria que les persones m\u00e9s joves siguen conscients de tot el llegat popular del qual seran deposit\u00e0ries. Les pr\u00f2ximes generacions hauran de portar el tim\u00f3 i hauran de pensar qu\u00e8 oferir al poble, treballaran per fer millor la vida de les seues fam\u00edlies i dels seus amics i de la gran fam\u00edlia que som els chestanos en este segle XXI\u201d, va concloure Morell.<\/p>\n\n\n\n<p class=\"wp-block-paragraph\"><strong>Presentaci\u00f3 del llibre<br><\/strong>L&#8217;alcalde tamb\u00e9 va dedicar un ampli agra\u00efment a l&#8217;autora del llibre 50 Aniversari. Festes de la Verema de Xest, M\u00aa de la Mar S\u00e1nchez Verduch. \u201cAgra\u00efsc a M\u00aa de la Mar, davant de tot el poble, l&#8217;amor que li ha posat per a deixar escrit d&#8217;on venim i com hem anat canviant, sense deixar de ser nosaltres mateixos; i com no, a Teo Vallet Pastor, que ha coordinat l&#8217;edici\u00f3, elaborant a m\u00e9s, com a part del llibre, un reportatge fotogr\u00e0fic que fa de la publicaci\u00f3 una vertadera enciclop\u00e8dia amb pedacitos d&#8217;hist\u00f2ria de Xest. Ells s\u00f3n una parella compromesa amb el seu poble que ha col\u00b7laborat amb els diferents ajuntaments en projectes relacionats amb la hist\u00f2ria, l&#8217;economia i les tradicions i els reitere les gr\u00e0cies perqu\u00e8 han sigut una part important d&#8217;esta commemoraci\u00f3\u201d.&nbsp;<br>La historiadora va desgranar el contingut del llibre en una primera part de la gala, en la qual va ser entrevistada en l&#8217;escenari, aprofundint en tem\u00e0tiques com la hist\u00f2ria de la festa o la indument\u00e0ria t\u00edpica, entre altres. El llibre es ja es pot obtindre de manera gratu\u00efta en l&#8217;oficina de Turisme.<\/p>\n\n\n\n<figure class=\"wp-block-image size-full\"><img loading=\"lazy\" decoding=\"async\" width=\"886\" height=\"591\" src=\"http:\/\/www.tucomarca.com\/wordpress\/segunda\/wp-content\/uploads\/2023\/10\/50anivVendimia12.jpg\" alt=\"\" class=\"wp-image-201301\" srcset=\"https:\/\/tucomarca.whitekongsoftware.com\/wp-content\/uploads\/2023\/10\/50anivVendimia12.jpg 886w, https:\/\/tucomarca.whitekongsoftware.com\/wp-content\/uploads\/2023\/10\/50anivVendimia12-300x200.jpg 300w, https:\/\/tucomarca.whitekongsoftware.com\/wp-content\/uploads\/2023\/10\/50anivVendimia12-768x512.jpg 768w\" sizes=\"auto, (max-width: 886px) 100vw, 886px\" \/><\/figure>\n\n\n\n<p class=\"wp-block-paragraph\"><strong>Homenatge a les reines&nbsp;<\/strong><\/p>\n\n\n\n<p class=\"wp-block-paragraph\">En la segona part de l&#8217;acte van pujar a l&#8217;escenari, davant l&#8217;ovaci\u00f3 del p\u00fablic assistent, les reines que van poder assistir, i es va nomenar i va projectar la foto de les absents. All\u00ed els esperava l&#8217;alcalde, la Reina de la Verema, \u00c1ngela Morell Toled\u00e0, i el regidor de Festes, \u00d3scar Gald\u00f3n, per a entregar-los un exemplar del llibre i fotografiar-se amb elles.<br>\u201cEn este acte hem volgut fer un homenatge a les reines per a poder aplaudir a estes dones que les unes despr\u00e9s de les altres han anat passant-se el testimoni de representar a la generaci\u00f3 de joves de torn i que han desfilat pel corredor central del Liceu en les presentacions\u201d, apuntava Morell.<\/p>\n\n\n\n<figure class=\"wp-block-gallery has-nested-images columns-2 is-cropped wp-block-gallery-1 is-layout-flex wp-block-gallery-is-layout-flex\">\n<figure class=\"wp-block-image size-large\"><img loading=\"lazy\" decoding=\"async\" width=\"886\" height=\"591\" data-id=\"201281\" src=\"http:\/\/www.tucomarca.com\/wordpress\/segunda\/wp-content\/uploads\/2023\/10\/50anivVendimia02.jpg\" alt=\"\" class=\"wp-image-201281\" srcset=\"https:\/\/tucomarca.whitekongsoftware.com\/wp-content\/uploads\/2023\/10\/50anivVendimia02.jpg 886w, https:\/\/tucomarca.whitekongsoftware.com\/wp-content\/uploads\/2023\/10\/50anivVendimia02-300x200.jpg 300w, https:\/\/tucomarca.whitekongsoftware.com\/wp-content\/uploads\/2023\/10\/50anivVendimia02-768x512.jpg 768w\" sizes=\"auto, (max-width: 886px) 100vw, 886px\" \/><\/figure>\n\n\n\n<figure class=\"wp-block-image size-large\"><img loading=\"lazy\" decoding=\"async\" width=\"886\" height=\"591\" data-id=\"201283\" src=\"http:\/\/www.tucomarca.com\/wordpress\/segunda\/wp-content\/uploads\/2023\/10\/50anivVendimia03.jpg\" alt=\"\" class=\"wp-image-201283\" srcset=\"https:\/\/tucomarca.whitekongsoftware.com\/wp-content\/uploads\/2023\/10\/50anivVendimia03.jpg 886w, https:\/\/tucomarca.whitekongsoftware.com\/wp-content\/uploads\/2023\/10\/50anivVendimia03-300x200.jpg 300w, https:\/\/tucomarca.whitekongsoftware.com\/wp-content\/uploads\/2023\/10\/50anivVendimia03-768x512.jpg 768w\" sizes=\"auto, (max-width: 886px) 100vw, 886px\" \/><\/figure>\n\n\n\n<figure class=\"wp-block-image size-large\"><img loading=\"lazy\" decoding=\"async\" width=\"886\" height=\"591\" data-id=\"201285\" src=\"http:\/\/www.tucomarca.com\/wordpress\/segunda\/wp-content\/uploads\/2023\/10\/50anivVendimia04.jpg\" alt=\"\" class=\"wp-image-201285\" srcset=\"https:\/\/tucomarca.whitekongsoftware.com\/wp-content\/uploads\/2023\/10\/50anivVendimia04.jpg 886w, https:\/\/tucomarca.whitekongsoftware.com\/wp-content\/uploads\/2023\/10\/50anivVendimia04-300x200.jpg 300w, https:\/\/tucomarca.whitekongsoftware.com\/wp-content\/uploads\/2023\/10\/50anivVendimia04-768x512.jpg 768w\" sizes=\"auto, (max-width: 886px) 100vw, 886px\" \/><\/figure>\n\n\n\n<figure class=\"wp-block-image size-large\"><img loading=\"lazy\" decoding=\"async\" width=\"886\" height=\"591\" data-id=\"201287\" src=\"http:\/\/www.tucomarca.com\/wordpress\/segunda\/wp-content\/uploads\/2023\/10\/50anivVendimia05.jpg\" alt=\"\" class=\"wp-image-201287\" srcset=\"https:\/\/tucomarca.whitekongsoftware.com\/wp-content\/uploads\/2023\/10\/50anivVendimia05.jpg 886w, https:\/\/tucomarca.whitekongsoftware.com\/wp-content\/uploads\/2023\/10\/50anivVendimia05-300x200.jpg 300w, https:\/\/tucomarca.whitekongsoftware.com\/wp-content\/uploads\/2023\/10\/50anivVendimia05-768x512.jpg 768w\" sizes=\"auto, (max-width: 886px) 100vw, 886px\" \/><\/figure>\n\n\n\n<figure class=\"wp-block-image size-large\"><img loading=\"lazy\" decoding=\"async\" width=\"886\" height=\"591\" data-id=\"201289\" src=\"http:\/\/www.tucomarca.com\/wordpress\/segunda\/wp-content\/uploads\/2023\/10\/50anivVendimia06.jpg\" alt=\"\" class=\"wp-image-201289\" srcset=\"https:\/\/tucomarca.whitekongsoftware.com\/wp-content\/uploads\/2023\/10\/50anivVendimia06.jpg 886w, https:\/\/tucomarca.whitekongsoftware.com\/wp-content\/uploads\/2023\/10\/50anivVendimia06-300x200.jpg 300w, https:\/\/tucomarca.whitekongsoftware.com\/wp-content\/uploads\/2023\/10\/50anivVendimia06-768x512.jpg 768w\" sizes=\"auto, (max-width: 886px) 100vw, 886px\" \/><\/figure>\n\n\n\n<figure class=\"wp-block-image size-large\"><img loading=\"lazy\" decoding=\"async\" width=\"886\" height=\"591\" data-id=\"201291\" src=\"http:\/\/www.tucomarca.com\/wordpress\/segunda\/wp-content\/uploads\/2023\/10\/50anivVendimia07.jpg\" alt=\"\" class=\"wp-image-201291\" srcset=\"https:\/\/tucomarca.whitekongsoftware.com\/wp-content\/uploads\/2023\/10\/50anivVendimia07.jpg 886w, https:\/\/tucomarca.whitekongsoftware.com\/wp-content\/uploads\/2023\/10\/50anivVendimia07-300x200.jpg 300w, https:\/\/tucomarca.whitekongsoftware.com\/wp-content\/uploads\/2023\/10\/50anivVendimia07-768x512.jpg 768w\" sizes=\"auto, (max-width: 886px) 100vw, 886px\" \/><\/figure>\n\n\n\n<figure class=\"wp-block-image size-large\"><img loading=\"lazy\" decoding=\"async\" width=\"886\" height=\"591\" data-id=\"201293\" src=\"http:\/\/www.tucomarca.com\/wordpress\/segunda\/wp-content\/uploads\/2023\/10\/50anivVendimia08.jpg\" alt=\"\" class=\"wp-image-201293\" srcset=\"https:\/\/tucomarca.whitekongsoftware.com\/wp-content\/uploads\/2023\/10\/50anivVendimia08.jpg 886w, https:\/\/tucomarca.whitekongsoftware.com\/wp-content\/uploads\/2023\/10\/50anivVendimia08-300x200.jpg 300w, https:\/\/tucomarca.whitekongsoftware.com\/wp-content\/uploads\/2023\/10\/50anivVendimia08-768x512.jpg 768w\" sizes=\"auto, (max-width: 886px) 100vw, 886px\" \/><\/figure>\n\n\n\n<figure class=\"wp-block-image size-large\"><img loading=\"lazy\" decoding=\"async\" width=\"886\" height=\"591\" data-id=\"201297\" src=\"http:\/\/www.tucomarca.com\/wordpress\/segunda\/wp-content\/uploads\/2023\/10\/50anivVendimia10.jpg\" alt=\"\" class=\"wp-image-201297\" srcset=\"https:\/\/tucomarca.whitekongsoftware.com\/wp-content\/uploads\/2023\/10\/50anivVendimia10.jpg 886w, https:\/\/tucomarca.whitekongsoftware.com\/wp-content\/uploads\/2023\/10\/50anivVendimia10-300x200.jpg 300w, https:\/\/tucomarca.whitekongsoftware.com\/wp-content\/uploads\/2023\/10\/50anivVendimia10-768x512.jpg 768w\" sizes=\"auto, (max-width: 886px) 100vw, 886px\" \/><\/figure>\n\n\n\n<figure class=\"wp-block-image size-large\"><img loading=\"lazy\" decoding=\"async\" width=\"886\" height=\"591\" data-id=\"201299\" src=\"http:\/\/www.tucomarca.com\/wordpress\/segunda\/wp-content\/uploads\/2023\/10\/50anivVendimia11.jpg\" alt=\"\" class=\"wp-image-201299\" srcset=\"https:\/\/tucomarca.whitekongsoftware.com\/wp-content\/uploads\/2023\/10\/50anivVendimia11.jpg 886w, https:\/\/tucomarca.whitekongsoftware.com\/wp-content\/uploads\/2023\/10\/50anivVendimia11-300x200.jpg 300w, https:\/\/tucomarca.whitekongsoftware.com\/wp-content\/uploads\/2023\/10\/50anivVendimia11-768x512.jpg 768w\" sizes=\"auto, (max-width: 886px) 100vw, 886px\" \/><\/figure>\n<\/figure>\n\n\n\n<p class=\"wp-block-paragraph\"><strong>Projecci\u00f3 del documental&nbsp;<br><\/strong>L&#8217;acte va culminar amb la projecci\u00f3 del documental Festa de la Verema. 50 anys de tradici\u00f3 chestana, realitzat per T\u00e0ndem Comunicaci\u00f3. El v\u00eddeo es pot veure en el seg\u00fcent enlla\u00e7: https:\/\/acurtar.link\/A9Fky1.<\/p>\n\n\n\n<p class=\"wp-block-paragraph\"><strong>Sopar de cinquenes i quadrilles<\/strong><\/p>\n\n\n\n<p class=\"wp-block-paragraph\">El dissabte, 21 d&#8217;octubre, la pla\u00e7a Doctor Cajal es va omplir amb el sopar de cinquenes de la Verema i quadrilles que va organitzar l&#8217;Ajuntament, tamb\u00e9 amb motiu del 50 Aniversari, despr\u00e9s de la qual es va celebrar una animada discom\u00f3vil amb dj\u2019s locals.<\/p>\n\n\n\n<figure class=\"wp-block-gallery has-nested-images columns-default is-cropped wp-block-gallery-2 is-layout-flex wp-block-gallery-is-layout-flex\">\n<figure class=\"wp-block-image size-large\"><img loading=\"lazy\" decoding=\"async\" width=\"886\" height=\"591\" data-id=\"201303\" src=\"http:\/\/www.tucomarca.com\/wordpress\/segunda\/wp-content\/uploads\/2023\/10\/50anivVendimia13.jpg\" alt=\"\" class=\"wp-image-201303\" srcset=\"https:\/\/tucomarca.whitekongsoftware.com\/wp-content\/uploads\/2023\/10\/50anivVendimia13.jpg 886w, https:\/\/tucomarca.whitekongsoftware.com\/wp-content\/uploads\/2023\/10\/50anivVendimia13-300x200.jpg 300w, https:\/\/tucomarca.whitekongsoftware.com\/wp-content\/uploads\/2023\/10\/50anivVendimia13-768x512.jpg 768w\" sizes=\"auto, (max-width: 886px) 100vw, 886px\" \/><\/figure>\n\n\n\n<figure class=\"wp-block-image size-large\"><img loading=\"lazy\" decoding=\"async\" width=\"886\" height=\"591\" data-id=\"201305\" src=\"http:\/\/www.tucomarca.com\/wordpress\/segunda\/wp-content\/uploads\/2023\/10\/50anivVendimia14.jpg\" alt=\"\" class=\"wp-image-201305\" srcset=\"https:\/\/tucomarca.whitekongsoftware.com\/wp-content\/uploads\/2023\/10\/50anivVendimia14.jpg 886w, https:\/\/tucomarca.whitekongsoftware.com\/wp-content\/uploads\/2023\/10\/50anivVendimia14-300x200.jpg 300w, https:\/\/tucomarca.whitekongsoftware.com\/wp-content\/uploads\/2023\/10\/50anivVendimia14-768x512.jpg 768w\" sizes=\"auto, (max-width: 886px) 100vw, 886px\" \/><\/figure>\n<\/figure>\n","protected":false},"excerpt":{"rendered":"<div class=\"mh-excerpt\">L&#8217;acte va comptar amb la presentaci\u00f3 d&#8217;un llibre i la projecci\u00f3 d&#8217;un documental sobre la Festa Diumenge passat, 22 d&#8217;octubre, la 50 Festa de la Verema de Xest va finalitzar amb una gala especial en <a class=\"mh-excerpt-more\" href=\"https:\/\/tucomarca.whitekongsoftware.com\/ca\/xest-tanca-el-50-aniversari-de-la-seua-festa-de-la-verema-amb-una-gala-en-la-qual-shomenatja-les-seues-reines\/\" title=\"Xest tanca el 50 aniversari de la seua Festa de la Verema amb una gala en la qual s&#8217;homenatja les seues reines&nbsp;\">[+] <\/a><\/div>\n","protected":false},"author":12,"featured_media":201280,"comment_status":"open","ping_status":"open","sticky":false,"template":"","format":"standard","meta":{"footnotes":""},"categories":[10898,10894,10912,11004,11007,11008,10896,10974],"tags":[11071,19790,10914],"class_list":["post-201308","post","type-post","status-publish","format-standard","has-post-thumbnail","category-ventana-ca","category-la-comarca-ca","category-la-hoya-ca","category-la-semana-en-imagenes-ca","category-ocio-y-cultura-ca","category-pueblos-en-fiestas-ca","category-seccion-ca","category-cheste-ca","tag-cheste","tag-gala-50-aniversario-fiesta-de-la-vendimia-ca","tag-la-hoya-de-bunol-chiva-ca"],"_links":{"self":[{"href":"https:\/\/tucomarca.whitekongsoftware.com\/ca\/wp-json\/wp\/v2\/posts\/201308","targetHints":{"allow":["GET"]}}],"collection":[{"href":"https:\/\/tucomarca.whitekongsoftware.com\/ca\/wp-json\/wp\/v2\/posts"}],"about":[{"href":"https:\/\/tucomarca.whitekongsoftware.com\/ca\/wp-json\/wp\/v2\/types\/post"}],"author":[{"embeddable":true,"href":"https:\/\/tucomarca.whitekongsoftware.com\/ca\/wp-json\/wp\/v2\/users\/12"}],"replies":[{"embeddable":true,"href":"https:\/\/tucomarca.whitekongsoftware.com\/ca\/wp-json\/wp\/v2\/comments?post=201308"}],"version-history":[{"count":0,"href":"https:\/\/tucomarca.whitekongsoftware.com\/ca\/wp-json\/wp\/v2\/posts\/201308\/revisions"}],"wp:featuredmedia":[{"embeddable":true,"href":"https:\/\/tucomarca.whitekongsoftware.com\/ca\/wp-json\/wp\/v2\/media\/201280"}],"wp:attachment":[{"href":"https:\/\/tucomarca.whitekongsoftware.com\/ca\/wp-json\/wp\/v2\/media?parent=201308"}],"wp:term":[{"taxonomy":"category","embeddable":true,"href":"https:\/\/tucomarca.whitekongsoftware.com\/ca\/wp-json\/wp\/v2\/categories?post=201308"},{"taxonomy":"post_tag","embeddable":true,"href":"https:\/\/tucomarca.whitekongsoftware.com\/ca\/wp-json\/wp\/v2\/tags?post=201308"}],"curies":[{"name":"wp","href":"https:\/\/api.w.org\/{rel}","templated":true}]}}