{"id":201260,"date":"2023-10-24T11:00:00","date_gmt":"2023-10-24T09:00:00","guid":{"rendered":"https:\/\/www.tucomarca.com\/wordpress\/segunda\/?p=201260"},"modified":"2023-10-24T14:37:59","modified_gmt":"2023-10-24T12:37:59","slug":"fotogaleria-alboraig-tanca-la-seua-setmana-cultural-amb-la-visita-a-lexposicio-immersiva-de-sorolla","status":"publish","type":"post","link":"https:\/\/tucomarca.whitekongsoftware.com\/ca\/fotogaleria-alboraig-tanca-la-seua-setmana-cultural-amb-la-visita-a-lexposicio-immersiva-de-sorolla\/","title":{"rendered":"Fotogaler\u00eda: Alboraig tanca la seua Setmana Cultural amb la visita a l&#8217;exposici\u00f3 immersiva de Sorolla"},"content":{"rendered":"\n<p class=\"wp-block-paragraph\">Alboraig tanca la seua Setmana de la Cultura amb l&#8217;excursi\u00f3 a l&#8217;exposici\u00f3 immersiva de Sorolla, tamb\u00e9 per a gaudir de l&#8217;entorn natural valenci\u00e0 es va fer una passejada amb barca per l&#8217;Albufera i es va acabar amb un menjar en les seues proximitats.<\/p>\n\n\n\n<p class=\"wp-block-paragraph\">L&#8217;exposici\u00f3&nbsp;<strong>Sorolla, una nova dimensi\u00f3<\/strong>&nbsp;\u00e9s una proposta innovadora que vol retre homenatge al gran artista valenci\u00e0, al mestre de la llum i el color que va revolucionar el panorama art\u00edstic espanyol amb el seu optimisme i el seu virtuosisme.<\/p>\n\n\n\n<p class=\"wp-block-paragraph\">Una exposici\u00f3 espectacular i emocionant concebuda des del rigor cient\u00edfic i acad\u00e8mic, amb un relat suggeridor i am\u00e9, amb noves mirades i nous continguts. Una exposici\u00f3 \u00fanica gr\u00e0cies a una museografia did\u00e0ctica i interactiva amb projeccions immersives 360\u00b0, realitat virtual, instal\u00b7lacions digitals, escenografies i altres recursos tecnol\u00f2gics.<\/p>\n\n\n\n<p class=\"wp-block-paragraph\">Tamb\u00e9, un altre acte a destacar, dins de la Setmana Cultural, ha sigut l&#8217;exposici\u00f3 de pintura del veter\u00e0 artista bu\u00f1olense, Fernando Galarza Navarro, qui ha portat a la sala d&#8217;actes de l&#8217;ajuntament una xicoteta part de la seua extensa obra que ha encantant als visitants, els qui tamb\u00e9 han gaudit durant la visita de la m\u00fasica a c\u00e0rrec d&#8217;un duo de viol\u00ed i piano.<\/p>\n\n\n\n<figure class=\"wp-block-gallery has-nested-images columns-2 is-cropped wp-block-gallery-1 is-layout-flex wp-block-gallery-is-layout-flex\">\n<figure class=\"wp-block-image size-large\"><img loading=\"lazy\" decoding=\"async\" width=\"886\" height=\"664\" data-id=\"201247\" src=\"http:\/\/www.tucomarca.com\/wordpress\/segunda\/wp-content\/uploads\/2023\/10\/AlboracheSemCult06.jpg\" alt=\"\" class=\"wp-image-201247\" srcset=\"https:\/\/tucomarca.whitekongsoftware.com\/wp-content\/uploads\/2023\/10\/AlboracheSemCult06.jpg 886w, https:\/\/tucomarca.whitekongsoftware.com\/wp-content\/uploads\/2023\/10\/AlboracheSemCult06-300x225.jpg 300w, https:\/\/tucomarca.whitekongsoftware.com\/wp-content\/uploads\/2023\/10\/AlboracheSemCult06-768x576.jpg 768w, https:\/\/tucomarca.whitekongsoftware.com\/wp-content\/uploads\/2023\/10\/AlboracheSemCult06-678x509.jpg 678w, https:\/\/tucomarca.whitekongsoftware.com\/wp-content\/uploads\/2023\/10\/AlboracheSemCult06-326x245.jpg 326w, https:\/\/tucomarca.whitekongsoftware.com\/wp-content\/uploads\/2023\/10\/AlboracheSemCult06-80x60.jpg 80w\" sizes=\"auto, (max-width: 886px) 100vw, 886px\" \/><\/figure>\n\n\n\n<figure class=\"wp-block-image size-large\"><img loading=\"lazy\" decoding=\"async\" width=\"886\" height=\"621\" data-id=\"201240\" src=\"http:\/\/www.tucomarca.com\/wordpress\/segunda\/wp-content\/uploads\/2023\/10\/AlboracheSemCult03.jpg\" alt=\"\" class=\"wp-image-201240\" srcset=\"https:\/\/tucomarca.whitekongsoftware.com\/wp-content\/uploads\/2023\/10\/AlboracheSemCult03.jpg 886w, https:\/\/tucomarca.whitekongsoftware.com\/wp-content\/uploads\/2023\/10\/AlboracheSemCult03-300x210.jpg 300w, https:\/\/tucomarca.whitekongsoftware.com\/wp-content\/uploads\/2023\/10\/AlboracheSemCult03-768x538.jpg 768w\" sizes=\"auto, (max-width: 886px) 100vw, 886px\" \/><\/figure>\n\n\n\n<figure class=\"wp-block-image size-large\"><img loading=\"lazy\" decoding=\"async\" width=\"886\" height=\"585\" data-id=\"201235\" src=\"http:\/\/www.tucomarca.com\/wordpress\/segunda\/wp-content\/uploads\/2023\/10\/AlboracheSemCult01.jpg\" alt=\"\" class=\"wp-image-201235\" srcset=\"https:\/\/tucomarca.whitekongsoftware.com\/wp-content\/uploads\/2023\/10\/AlboracheSemCult01.jpg 886w, https:\/\/tucomarca.whitekongsoftware.com\/wp-content\/uploads\/2023\/10\/AlboracheSemCult01-300x198.jpg 300w, https:\/\/tucomarca.whitekongsoftware.com\/wp-content\/uploads\/2023\/10\/AlboracheSemCult01-768x507.jpg 768w\" sizes=\"auto, (max-width: 886px) 100vw, 886px\" \/><\/figure>\n\n\n\n<figure class=\"wp-block-image size-large\"><img loading=\"lazy\" decoding=\"async\" width=\"886\" height=\"581\" data-id=\"201238\" src=\"http:\/\/www.tucomarca.com\/wordpress\/segunda\/wp-content\/uploads\/2023\/10\/AlboracheSemCult02.jpg\" alt=\"\" class=\"wp-image-201238\" srcset=\"https:\/\/tucomarca.whitekongsoftware.com\/wp-content\/uploads\/2023\/10\/AlboracheSemCult02.jpg 886w, https:\/\/tucomarca.whitekongsoftware.com\/wp-content\/uploads\/2023\/10\/AlboracheSemCult02-300x197.jpg 300w, https:\/\/tucomarca.whitekongsoftware.com\/wp-content\/uploads\/2023\/10\/AlboracheSemCult02-768x504.jpg 768w\" sizes=\"auto, (max-width: 886px) 100vw, 886px\" \/><\/figure>\n\n\n\n<figure class=\"wp-block-image size-large\"><img loading=\"lazy\" decoding=\"async\" width=\"886\" height=\"618\" data-id=\"201243\" src=\"http:\/\/www.tucomarca.com\/wordpress\/segunda\/wp-content\/uploads\/2023\/10\/AlboracheSemCult04.jpg\" alt=\"\" class=\"wp-image-201243\" srcset=\"https:\/\/tucomarca.whitekongsoftware.com\/wp-content\/uploads\/2023\/10\/AlboracheSemCult04.jpg 886w, https:\/\/tucomarca.whitekongsoftware.com\/wp-content\/uploads\/2023\/10\/AlboracheSemCult04-300x209.jpg 300w, https:\/\/tucomarca.whitekongsoftware.com\/wp-content\/uploads\/2023\/10\/AlboracheSemCult04-768x536.jpg 768w\" sizes=\"auto, (max-width: 886px) 100vw, 886px\" \/><\/figure>\n\n\n\n<figure class=\"wp-block-image size-large\"><img loading=\"lazy\" decoding=\"async\" width=\"886\" height=\"564\" data-id=\"201245\" src=\"http:\/\/www.tucomarca.com\/wordpress\/segunda\/wp-content\/uploads\/2023\/10\/AlboracheSemCult05.jpg\" alt=\"\" class=\"wp-image-201245\" srcset=\"https:\/\/tucomarca.whitekongsoftware.com\/wp-content\/uploads\/2023\/10\/AlboracheSemCult05.jpg 886w, https:\/\/tucomarca.whitekongsoftware.com\/wp-content\/uploads\/2023\/10\/AlboracheSemCult05-300x191.jpg 300w, https:\/\/tucomarca.whitekongsoftware.com\/wp-content\/uploads\/2023\/10\/AlboracheSemCult05-768x489.jpg 768w\" sizes=\"auto, (max-width: 886px) 100vw, 886px\" \/><\/figure>\n\n\n\n<figure class=\"wp-block-image size-large\"><img loading=\"lazy\" decoding=\"async\" width=\"886\" height=\"665\" data-id=\"201251\" src=\"http:\/\/www.tucomarca.com\/wordpress\/segunda\/wp-content\/uploads\/2023\/10\/AlboracheSemCult08.jpg\" alt=\"\" class=\"wp-image-201251\" srcset=\"https:\/\/tucomarca.whitekongsoftware.com\/wp-content\/uploads\/2023\/10\/AlboracheSemCult08.jpg 886w, https:\/\/tucomarca.whitekongsoftware.com\/wp-content\/uploads\/2023\/10\/AlboracheSemCult08-300x225.jpg 300w, https:\/\/tucomarca.whitekongsoftware.com\/wp-content\/uploads\/2023\/10\/AlboracheSemCult08-768x576.jpg 768w, https:\/\/tucomarca.whitekongsoftware.com\/wp-content\/uploads\/2023\/10\/AlboracheSemCult08-678x509.jpg 678w, https:\/\/tucomarca.whitekongsoftware.com\/wp-content\/uploads\/2023\/10\/AlboracheSemCult08-326x245.jpg 326w, https:\/\/tucomarca.whitekongsoftware.com\/wp-content\/uploads\/2023\/10\/AlboracheSemCult08-80x60.jpg 80w\" sizes=\"auto, (max-width: 886px) 100vw, 886px\" \/><\/figure>\n<\/figure>\n","protected":false},"excerpt":{"rendered":"<div class=\"mh-excerpt\">Alboraig tanca la seua Setmana de la Cultura amb l&#8217;excursi\u00f3 a l&#8217;exposici\u00f3 immersiva de Sorolla, tamb\u00e9 per a gaudir de l&#8217;entorn natural valenci\u00e0 es va fer una passejada amb barca per l&#8217;Albufera i es va <a class=\"mh-excerpt-more\" href=\"https:\/\/tucomarca.whitekongsoftware.com\/ca\/fotogaleria-alboraig-tanca-la-seua-setmana-cultural-amb-la-visita-a-lexposicio-immersiva-de-sorolla\/\" title=\"Fotogaler\u00eda: Alboraig tanca la seua Setmana Cultural amb la visita a l&#8217;exposici\u00f3 immersiva de Sorolla\">[+] <\/a><\/div>\n","protected":false},"author":12,"featured_media":201250,"comment_status":"open","ping_status":"open","sticky":false,"template":"","format":"gallery","meta":{"footnotes":""},"categories":[10973,10948,10894,10912,11004,11007,10896],"tags":[11224,10914,19759],"class_list":["post-201260","post","type-post","status-publish","format-gallery","has-post-thumbnail","category-alborache-ca","category-infraestructuras-ca","category-la-comarca-ca","category-la-hoya-ca","category-la-semana-en-imagenes-ca","category-ocio-y-cultura-ca","category-seccion-ca","tag-alborache-ca","tag-la-hoya-de-bunol-chiva-ca","tag-semana-cultural-ca","post_format-post-format-gallery"],"_links":{"self":[{"href":"https:\/\/tucomarca.whitekongsoftware.com\/ca\/wp-json\/wp\/v2\/posts\/201260","targetHints":{"allow":["GET"]}}],"collection":[{"href":"https:\/\/tucomarca.whitekongsoftware.com\/ca\/wp-json\/wp\/v2\/posts"}],"about":[{"href":"https:\/\/tucomarca.whitekongsoftware.com\/ca\/wp-json\/wp\/v2\/types\/post"}],"author":[{"embeddable":true,"href":"https:\/\/tucomarca.whitekongsoftware.com\/ca\/wp-json\/wp\/v2\/users\/12"}],"replies":[{"embeddable":true,"href":"https:\/\/tucomarca.whitekongsoftware.com\/ca\/wp-json\/wp\/v2\/comments?post=201260"}],"version-history":[{"count":0,"href":"https:\/\/tucomarca.whitekongsoftware.com\/ca\/wp-json\/wp\/v2\/posts\/201260\/revisions"}],"wp:featuredmedia":[{"embeddable":true,"href":"https:\/\/tucomarca.whitekongsoftware.com\/ca\/wp-json\/wp\/v2\/media\/201250"}],"wp:attachment":[{"href":"https:\/\/tucomarca.whitekongsoftware.com\/ca\/wp-json\/wp\/v2\/media?parent=201260"}],"wp:term":[{"taxonomy":"category","embeddable":true,"href":"https:\/\/tucomarca.whitekongsoftware.com\/ca\/wp-json\/wp\/v2\/categories?post=201260"},{"taxonomy":"post_tag","embeddable":true,"href":"https:\/\/tucomarca.whitekongsoftware.com\/ca\/wp-json\/wp\/v2\/tags?post=201260"}],"curies":[{"name":"wp","href":"https:\/\/api.w.org\/{rel}","templated":true}]}}