{"id":201212,"date":"2023-10-24T12:00:00","date_gmt":"2023-10-24T10:00:00","guid":{"rendered":"https:\/\/www.tucomarca.com\/wordpress\/segunda\/?p=201212"},"modified":"2023-10-24T14:27:56","modified_gmt":"2023-10-24T12:27:56","slug":"lajuntament-de-xiva-reclama-nous-informes-per-a-replantejar-la-installacio-de-la-planta-de-biometa-en-el-poligon-13-i-fotovoltaica-en-sierra-perenchiza","status":"publish","type":"post","link":"https:\/\/tucomarca.whitekongsoftware.com\/ca\/lajuntament-de-xiva-reclama-nous-informes-per-a-replantejar-la-installacio-de-la-planta-de-biometa-en-el-poligon-13-i-fotovoltaica-en-sierra-perenchiza\/","title":{"rendered":"L&#8217;Ajuntament de Xiva reclama nous informes per a replantejar la instal\u00b7laci\u00f3 de la planta de Biomet\u00e0 en el pol\u00edgon 13 i fotovoltaica en Sierra Perenchiza"},"content":{"rendered":"\n<p class=\"wp-block-paragraph\">L&#8217;equip de govern de Xiva informa els portaveus de tots els grups pol\u00edtics amb representaci\u00f3 en el consistori sobre la situaci\u00f3 en la qual es troben els projectes per a la instal\u00b7laci\u00f3 d&#8217;una planta de producci\u00f3 de biomet\u00e0 a situar en el pol\u00edgon 13 (antiga Porsan) i la ubicaci\u00f3, a l&#8217;entorn de Sierra Perenchiza d&#8217;una planta fotovoltaica.<\/p>\n\n\n\n<p class=\"wp-block-paragraph\">La reuni\u00f3 es produeix a fi de buscar el m\u00e0xim suport a una decisi\u00f3 contr\u00e0ria a la instal\u00b7laci\u00f3 de les plantes en les ubicacions proposades.<\/p>\n\n\n\n<p class=\"wp-block-paragraph\">De la mateixa manera, s&#8217;ha informat els portaveus sobre el treball realitzat estes \u00faltimes setmanes des de l&#8217;equip de govern, sol\u00b7licitant nous informes t\u00e8cnics que permeten replantejar totes dues situacions davant el que s&#8217;ent\u00e9n com un greu perjudici per al municipi i els ve\u00efns de les zones afectades.<\/p>\n","protected":false},"excerpt":{"rendered":"<div class=\"mh-excerpt\">L&#8217;equip de govern de Xiva informa els portaveus de tots els grups pol\u00edtics amb representaci\u00f3 en el consistori sobre la situaci\u00f3 en la qual es troben els projectes per a la instal\u00b7laci\u00f3 d&#8217;una planta de <a class=\"mh-excerpt-more\" href=\"https:\/\/tucomarca.whitekongsoftware.com\/ca\/lajuntament-de-xiva-reclama-nous-informes-per-a-replantejar-la-installacio-de-la-planta-de-biometa-en-el-poligon-13-i-fotovoltaica-en-sierra-perenchiza\/\" title=\"L&#8217;Ajuntament de Xiva reclama nous informes per a replantejar la instal\u00b7laci\u00f3 de la planta de Biomet\u00e0 en el pol\u00edgon 13 i fotovoltaica en Sierra Perenchiza\">[+] <\/a><\/div>\n","protected":false},"author":12,"featured_media":109761,"comment_status":"open","ping_status":"open","sticky":false,"template":"","format":"standard","meta":{"footnotes":""},"categories":[10898,10948,10894,10912,10903,10947,10896,10975],"tags":[19787,11195,15666,10914],"class_list":["post-201212","post","type-post","status-publish","format-standard","has-post-thumbnail","category-ventana-ca","category-infraestructuras-ca","category-la-comarca-ca","category-la-hoya-ca","category-medio-ambiente-la-comarca-ca","category-politica","category-seccion-ca","category-chiva-ca","tag-biometano-ca","tag-chiva-ca","tag-fotovoltaica-ca","tag-la-hoya-de-bunol-chiva-ca"],"_links":{"self":[{"href":"https:\/\/tucomarca.whitekongsoftware.com\/ca\/wp-json\/wp\/v2\/posts\/201212","targetHints":{"allow":["GET"]}}],"collection":[{"href":"https:\/\/tucomarca.whitekongsoftware.com\/ca\/wp-json\/wp\/v2\/posts"}],"about":[{"href":"https:\/\/tucomarca.whitekongsoftware.com\/ca\/wp-json\/wp\/v2\/types\/post"}],"author":[{"embeddable":true,"href":"https:\/\/tucomarca.whitekongsoftware.com\/ca\/wp-json\/wp\/v2\/users\/12"}],"replies":[{"embeddable":true,"href":"https:\/\/tucomarca.whitekongsoftware.com\/ca\/wp-json\/wp\/v2\/comments?post=201212"}],"version-history":[{"count":0,"href":"https:\/\/tucomarca.whitekongsoftware.com\/ca\/wp-json\/wp\/v2\/posts\/201212\/revisions"}],"wp:featuredmedia":[{"embeddable":true,"href":"https:\/\/tucomarca.whitekongsoftware.com\/ca\/wp-json\/wp\/v2\/media\/109761"}],"wp:attachment":[{"href":"https:\/\/tucomarca.whitekongsoftware.com\/ca\/wp-json\/wp\/v2\/media?parent=201212"}],"wp:term":[{"taxonomy":"category","embeddable":true,"href":"https:\/\/tucomarca.whitekongsoftware.com\/ca\/wp-json\/wp\/v2\/categories?post=201212"},{"taxonomy":"post_tag","embeddable":true,"href":"https:\/\/tucomarca.whitekongsoftware.com\/ca\/wp-json\/wp\/v2\/tags?post=201212"}],"curies":[{"name":"wp","href":"https:\/\/api.w.org\/{rel}","templated":true}]}}