{"id":201183,"date":"2023-10-22T14:00:00","date_gmt":"2023-10-22T12:00:00","guid":{"rendered":"https:\/\/www.tucomarca.com\/wordpress\/segunda\/?p=201183"},"modified":"2023-10-23T20:00:20","modified_gmt":"2023-10-23T18:00:20","slug":"riba-roja-de-turia-redueix-el-nivell-de-latur-en-un-21-al-setembre-i-aconsegueix-una-afiliacio-a-la-seguretat-social-de-19-496-treballadors","status":"publish","type":"post","link":"https:\/\/tucomarca.whitekongsoftware.com\/ca\/riba-roja-de-turia-redueix-el-nivell-de-latur-en-un-21-al-setembre-i-aconsegueix-una-afiliacio-a-la-seguretat-social-de-19-496-treballadors\/","title":{"rendered":"Riba-roja de T\u00faria redueix el nivell de l&#8217;atur en un 2\u20191% al setembre i aconsegueix una afiliaci\u00f3 a la Seguretat Social de 19.496 treballadors&nbsp;"},"content":{"rendered":"\n<h4 class=\"wp-block-heading\">La localitat experimenta una millora en les xifres de creaci\u00f3 d&#8217;ocupaci\u00f3 i un increment de la contractaci\u00f3 del 10\u20197% durant el mes de setembre passat&nbsp;<\/h4>\n\n\n\n<p class=\"wp-block-paragraph\">L&#8217;\u00e8poca estival ha concl\u00f2s amb una reducci\u00f3 del nivell d&#8217;atur a Riba-roja de T\u00faria de fins al 2\u20191% en crear-se 29 llocs de treball al setembre passat. D&#8217;esta manera, la localitat ha passat de 1.377 aturats a l&#8217;agost als 1.348 aturats al setembre, \u00e9s a dir, una minoraci\u00f3 de 29 persones, que s&#8217;eleva fins a les 66 si es comparen amb els 1.414 aturats existents al gener d&#8217;este mateix any.&nbsp;<\/p>\n\n\n\n<p class=\"wp-block-paragraph\">Les dades facilitades per Labora, l&#8217;organisme auton\u00f2mic encarregat de la formaci\u00f3 i l&#8217;ocupaci\u00f3 en l&#8217;\u00e0mbit de la Comunitat Valenciana, testifiquen, a m\u00e9s, una millora notable en la generaci\u00f3 de contractes laborals, que van ascendir als 1.234 contractes m\u00e9s formalitzats al setembre d&#8217;enguany, 120 m\u00e9s que en el mes anterior d&#8217;agost que es van registrar 1.114 contractes laborals. D&#8217;esta manera, la contractaci\u00f3 laboral entre agost i setembre d&#8217;enguany s&#8217;ha incrementat en fins a un 10\u20197% en total.&nbsp;<\/p>\n\n\n\n<p class=\"wp-block-paragraph\">Les estad\u00edstiques publicades per Labora fixen en 1.348 persones les que es troben aturades a Riba-roja de T\u00faria, actualment, de les que 514 s\u00f3n homes i les 834 persones restants s\u00f3n dones. Si es comparen amb el principi d&#8217;any, al gener, un total de 31 homes han trobat un lloc de treball \u2013de 545 a 514- mentre que altres 65 dones s&#8217;han incorporat al mercat laboral, de 869 passen a 834 dones.&nbsp;<\/p>\n\n\n\n<p class=\"wp-block-paragraph\">Les afiliacions a la Seguretat Social a Riba-roja de T\u00faria han crescut en un altre 4\u20195% entre gener d&#8217;enguany xifrades en 18.656 fins a les 19.496 afiliacions registrades a l&#8217;agost passat, \u00e9s a dir, 840 m\u00e9s d&#8217;increment. Les afiliacions en el r\u00e8gim general s&#8217;eleven a les 17.559 registrades a l&#8217;agost mentre que les corresponents als aut\u00f2noms suposen altres 1.779 persones, 58 de l&#8217;\u00e0mbit agrari i altres 100 relacionades amb la llar.&nbsp;<\/p>\n\n\n\n<p class=\"wp-block-paragraph\">Els demandants d&#8217;ocupaci\u00f3 existents a Riba-roja de T\u00faria, fixats en els citats 1.348 aturats, es distribueixen per sector d&#8217;activitat en els 997 del sector serveis, els 163 de la ind\u00fastria, els 107 de la construcci\u00f3 i els 24 de l&#8217;agricultura, mentre que altres 57 persones es troben enquadrats en un \u00e0mbit gen\u00e8ric. Per grup d&#8217;edat, la franja entre els 25 i els 44 anys suposen un total de 431 aturats, altres 119 tenen menys de 25 anys i, finalment, els restants 798 aturats s\u00f3n persones amb m\u00e9s de 44 anys, segons es posa de manifest en les estad\u00edstiques de Labora.&nbsp;<br>Per grups d&#8217;edat, les dones de m\u00e9s de 44 anys d&#8217;edat se situen en 499 parades, seguit dels homes en la mateixa franja d&#8217;edat amb 299 en total, un altre grup s\u00f3n les 278 dones d&#8217;entre 25 i 44 anys, els 153 homes d&#8217;entre els 25 i 44 anys o els 62 homes de menys de 25 anys. Finalment, les 57 dones restants en situaci\u00f3 d&#8217;atur a Riba-roja de T\u00faria tenen, tamb\u00e9, menys de 25 anys.&nbsp;<\/p>\n\n\n\n<p class=\"wp-block-paragraph\">Quant als grups d&#8217;ocupaci\u00f3 sobre el total d&#8217;aturats a Riba-roja de T\u00faria, 1.348 persones, hi ha 370 que estan relacionades amb ocupacions elementals, altres 289 pertanyen al grup de treballadors dels serveis de restauraci\u00f3, personals, protecci\u00f3 i venedors, 187 s\u00f3n emprats comptables, administratius i altres empleats d&#8217;oficina, 158 s\u00f3n artesans i treballadors qualificats de les ind\u00fastries manufactureres i la construcci\u00f3, 127 s\u00f3n t\u00e8cnics i professionals de suport i 79 s\u00f3n t\u00e8cnics i professionals, cient\u00edfics i intel\u00b7lectuals.&nbsp;<\/p>\n\n\n\n<p class=\"wp-block-paragraph\">Quant a la contractaci\u00f3, augmenten els contractes de tipus indefinit, dels 495 que es van realitzar el mes de juny passat fins als 576 que es van formalitzar al setembre passat, mentre que en el mateix per\u00edode es van dur a terme 622 temporals. Per sectors, predominen els 940 contractes del sector dels serveis, els 262 de la ind\u00fastria o els 31 contractes corresponents a la construcci\u00f3.&nbsp;<\/p>\n\n\n\n<p class=\"wp-block-paragraph\">L&#8217;alcalde de Riba-roja de T\u00faria, Robert Raga, ha afirmat que estes xifres \u201cs&#8217;han de tractar amb cautela i amb moderaci\u00f3 dins de la tend\u00e8ncia positiva experimentada en els \u00faltims temps, amb la creaci\u00f3 d&#8217;ocupaci\u00f3 d&#8217;acord amb la resta de la Comunitat Valenciana, que permet mirar amb majors perspectives el futur i amb una rellev\u00e0ncia de l&#8217;increment dels contractes indefinits cada vegada major\u201d.<\/p>\n\n\n\n<p class=\"wp-block-paragraph\"><\/p>\n","protected":false},"excerpt":{"rendered":"<div class=\"mh-excerpt\">La localitat experimenta una millora en les xifres de creaci\u00f3 d&#8217;ocupaci\u00f3 i un increment de la contractaci\u00f3 del 10\u20197% durant el mes de setembre passat&nbsp; L&#8217;\u00e8poca estival ha concl\u00f2s amb una reducci\u00f3 del nivell d&#8217;atur <a class=\"mh-excerpt-more\" href=\"https:\/\/tucomarca.whitekongsoftware.com\/ca\/riba-roja-de-turia-redueix-el-nivell-de-latur-en-un-21-al-setembre-i-aconsegueix-una-afiliacio-a-la-seguretat-social-de-19-496-treballadors\/\" title=\"Riba-roja de T\u00faria redueix el nivell de l&#8217;atur en un 2\u20191% al setembre i aconsegueix una afiliaci\u00f3 a la Seguretat Social de 19.496 treballadors&nbsp;\">[+] <\/a><\/div>\n","protected":false},"author":12,"featured_media":201180,"comment_status":"open","ping_status":"open","sticky":false,"template":"","format":"standard","meta":{"footnotes":""},"categories":[10892,10894,10947,10896],"tags":[10899,16295,15024],"class_list":["post-201183","post","type-post","status-publish","format-standard","has-post-thumbnail","category-camp-de-turia-ca","category-la-comarca-ca","category-politica","category-seccion-ca","tag-camp-de-turia-ca","tag-reduccion-del-paro-ca","tag-riba-roja-de-turia-ca"],"_links":{"self":[{"href":"https:\/\/tucomarca.whitekongsoftware.com\/ca\/wp-json\/wp\/v2\/posts\/201183","targetHints":{"allow":["GET"]}}],"collection":[{"href":"https:\/\/tucomarca.whitekongsoftware.com\/ca\/wp-json\/wp\/v2\/posts"}],"about":[{"href":"https:\/\/tucomarca.whitekongsoftware.com\/ca\/wp-json\/wp\/v2\/types\/post"}],"author":[{"embeddable":true,"href":"https:\/\/tucomarca.whitekongsoftware.com\/ca\/wp-json\/wp\/v2\/users\/12"}],"replies":[{"embeddable":true,"href":"https:\/\/tucomarca.whitekongsoftware.com\/ca\/wp-json\/wp\/v2\/comments?post=201183"}],"version-history":[{"count":0,"href":"https:\/\/tucomarca.whitekongsoftware.com\/ca\/wp-json\/wp\/v2\/posts\/201183\/revisions"}],"wp:featuredmedia":[{"embeddable":true,"href":"https:\/\/tucomarca.whitekongsoftware.com\/ca\/wp-json\/wp\/v2\/media\/201180"}],"wp:attachment":[{"href":"https:\/\/tucomarca.whitekongsoftware.com\/ca\/wp-json\/wp\/v2\/media?parent=201183"}],"wp:term":[{"taxonomy":"category","embeddable":true,"href":"https:\/\/tucomarca.whitekongsoftware.com\/ca\/wp-json\/wp\/v2\/categories?post=201183"},{"taxonomy":"post_tag","embeddable":true,"href":"https:\/\/tucomarca.whitekongsoftware.com\/ca\/wp-json\/wp\/v2\/tags?post=201183"}],"curies":[{"name":"wp","href":"https:\/\/api.w.org\/{rel}","templated":true}]}}