{"id":201156,"date":"2023-10-23T09:00:00","date_gmt":"2023-10-23T07:00:00","guid":{"rendered":"https:\/\/www.tucomarca.com\/wordpress\/segunda\/?p=201156"},"modified":"2023-10-23T15:20:24","modified_gmt":"2023-10-23T13:20:24","slug":"la-unio-reclama-ajudes-directes-per-als-apicultors-valencians-davant-els-atacs-de-labellerol-que-causen-perdues-en-els-ultims-anys","status":"publish","type":"post","link":"https:\/\/tucomarca.whitekongsoftware.com\/ca\/la-unio-reclama-ajudes-directes-per-als-apicultors-valencians-davant-els-atacs-de-labellerol-que-causen-perdues-en-els-ultims-anys\/","title":{"rendered":"La Uni\u00f3 reclama ajudes directes per als apicultors valencians davant els atacs de l&#8217;abellerol que causen p\u00e8rdues en els \u00faltims anys"},"content":{"rendered":"\n<p class=\"wp-block-paragraph\"><strong><strong>L&#8217;abellerol \u00e9s una esp\u00e8cie protegida amb un gran efecte depredador i dissuasiu<\/strong><\/strong><\/p>\n\n\n\n<p class=\"wp-block-paragraph\">La Uni\u00f3 Llauradora i Ramadera sol\u00b7licita a la Conselleria d&#8217;Agricultura que establisca mesures de control i compensaci\u00f3 en forma d&#8217;una ajuda directa als apicultors de la Comunitat Valenciana davant els atacs de l&#8217;abellerol que causa p\u00e8rdues importants al llarg dels \u00faltims anys a les explotacions ap\u00edcoles.<\/p>\n\n\n\n<p class=\"wp-block-paragraph\">\u00c9s el segon any consecutiu que resulta catastr\u00f2fic per a les abelles i persones apicultores de la Comunitat Valenciana. La sequera ha afectat en gran manera l&#8217;estabilitat dels eixams de manera directa, per\u00f2 els depredadors tamb\u00e9 han ajudat a comprometre la viabilitat dels ruscos. A la detecci\u00f3 en el nostre territori de la Vespa velutina, s&#8217;afegixx la manca de recursos naturals a causa de la sequera que est\u00e0 propiciant que els atacs de l&#8217;abellerol als apiaris s&#8217;hagen incrementat exponencialment estos dos \u00faltims anys, de tal manera que la poblaci\u00f3 d&#8217;abelles es veja compromesa.<\/p>\n\n\n\n<p class=\"wp-block-paragraph\">L&#8217;abellerol \u00e9s una esp\u00e8cie protegida que causa p\u00e8rdues a l&#8217;apicultura pel seu efecte depredador i dissuasiu. S&#8217;alimenta ca\u00e7ant insectes dels voltants de la seua zona de nidificaci\u00f3, especialment d&#8217;abelles. \u00c9s un ocell migrador que s&#8217;assenta en les nostres terres des de mar\u00e7 fins a setembre, mesos durant els quals t\u00e9 interacci\u00f3 amb els ruscos en general i entre mar\u00e7 i juny amb les abelles regnes durant el vol nupcial. T\u00e9 un cant caracter\u00edstic que alerta a les abelles per a no eixir de les caixes i evitar ser depredades. D&#8217;esta manera, les abelles que no s\u00f3n depredades no ixen a pecorar, es van minvant les reserves dels eixams, no s&#8217;alimenta a la cria i, per tant, la reina deixa de criar i es va afeblint l&#8217;eixam per disminuci\u00f3 de poblaci\u00f3 i reserves.<\/p>\n\n\n\n<p class=\"wp-block-paragraph\">La normativa de la Conselleria d&#8217;Agricultura de la intervenci\u00f3 sectorial ap\u00edcola ja fa refer\u00e8ncia a esta plaga com una debilitat del sector que minva les poblacions d&#8217;abelles i s&#8217;indica en un annex que, si existeix un protocol oficial autoritzat per l&#8217;autoritat competent, es podrien establir accions finan\u00e7ables per l&#8217;aplicaci\u00f3 de mesures preventives per a reduir els danys causats per l&#8217;abellerol dels ruscos. En el nostre cas, no existeix este protocol o es desconeix la seua exist\u00e8ncia entre el sector ap\u00edcola.<\/p>\n\n\n\n<p class=\"wp-block-paragraph\">El pla ap\u00edcola nacional anterior revela que en els anys 2017 i 2018 no es van prendre mesures preventives contra l&#8217;abellerol i aix\u00f2 explica que cap de les mesures de dissuasi\u00f3 estudiades i recomanades pel Ministeri per a la Transici\u00f3 Ecol\u00f2gica i el Repte Demogr\u00e0fic van donar bons resultats. Mesures com la instal\u00b7laci\u00f3 de xarxes que cobrisquen els ruscos i evitar l&#8217;atac de l&#8217;abellerol no tenen l&#8217;efecte desitjat, ja que estes aus s&#8217;adapten a les mesures i esperen a atacar quan les abelles ixen de l&#8217;emmallat. Altres mesures com la col\u00b7locaci\u00f3 de siluetes d&#8217;aus de presa o cometes amb figures d&#8217;estes aus espanten l&#8217;abellerol en un primer moment, per\u00f2 passat un temps s&#8217;habitua i continua els seus atacs.<\/p>\n\n\n\n<p class=\"wp-block-paragraph\">Per tant, La Uni\u00f3 considera que les barreres f\u00edsiques que eviten l&#8217;atac directe de l&#8217;abellerol sobre els ruscos, no s\u00f3n totalment efectives, per la qual cosa sol\u00b7licita adoptar noves mesures de prevenci\u00f3 i contenci\u00f3, al mateix temps que mesures de compensaci\u00f3 econ\u00f2mica pels danys ja ocasionats.<\/p>\n","protected":false},"excerpt":{"rendered":"<div class=\"mh-excerpt\">L&#8217;abellerol \u00e9s una esp\u00e8cie protegida amb un gran efecte depredador i dissuasiu La Uni\u00f3 Llauradora i Ramadera sol\u00b7licita a la Conselleria d&#8217;Agricultura que establisca mesures de control i compensaci\u00f3 en forma d&#8217;una ajuda directa als <a class=\"mh-excerpt-more\" href=\"https:\/\/tucomarca.whitekongsoftware.com\/ca\/la-unio-reclama-ajudes-directes-per-als-apicultors-valencians-davant-els-atacs-de-labellerol-que-causen-perdues-en-els-ultims-anys\/\" title=\"La Uni\u00f3 reclama ajudes directes per als apicultors valencians davant els atacs de l&#8217;abellerol que causen p\u00e8rdues en els \u00faltims anys\">[+] <\/a><\/div>\n","protected":false},"author":1,"featured_media":114031,"comment_status":"open","ping_status":"open","sticky":false,"template":"","format":"standard","meta":{"footnotes":""},"categories":[10890,10905,10951,11046,10898,10948,10894,10904,10903,10947,10909,10896,10897],"tags":[12908,11199,11927],"class_list":["post-201156","post","type-post","status-publish","format-standard","has-post-thumbnail","category-ademus","category-agricultura-la-comarca-ca","category-ayora-cofrentes-ca","category-los-serranos-ca","category-ventana-ca","category-infraestructuras-ca","category-la-comarca-ca","category-sin-categorizar-ca","category-medio-ambiente-la-comarca-ca","category-politica","category-requena-utiel-ca","category-seccion-ca","category-sucesos-la-comarca-ca","tag-apicola-ca","tag-la-comunitat-ca","tag-la-unio-de-llauradors-ca"],"_links":{"self":[{"href":"https:\/\/tucomarca.whitekongsoftware.com\/ca\/wp-json\/wp\/v2\/posts\/201156","targetHints":{"allow":["GET"]}}],"collection":[{"href":"https:\/\/tucomarca.whitekongsoftware.com\/ca\/wp-json\/wp\/v2\/posts"}],"about":[{"href":"https:\/\/tucomarca.whitekongsoftware.com\/ca\/wp-json\/wp\/v2\/types\/post"}],"author":[{"embeddable":true,"href":"https:\/\/tucomarca.whitekongsoftware.com\/ca\/wp-json\/wp\/v2\/users\/1"}],"replies":[{"embeddable":true,"href":"https:\/\/tucomarca.whitekongsoftware.com\/ca\/wp-json\/wp\/v2\/comments?post=201156"}],"version-history":[{"count":0,"href":"https:\/\/tucomarca.whitekongsoftware.com\/ca\/wp-json\/wp\/v2\/posts\/201156\/revisions"}],"wp:featuredmedia":[{"embeddable":true,"href":"https:\/\/tucomarca.whitekongsoftware.com\/ca\/wp-json\/wp\/v2\/media\/114031"}],"wp:attachment":[{"href":"https:\/\/tucomarca.whitekongsoftware.com\/ca\/wp-json\/wp\/v2\/media?parent=201156"}],"wp:term":[{"taxonomy":"category","embeddable":true,"href":"https:\/\/tucomarca.whitekongsoftware.com\/ca\/wp-json\/wp\/v2\/categories?post=201156"},{"taxonomy":"post_tag","embeddable":true,"href":"https:\/\/tucomarca.whitekongsoftware.com\/ca\/wp-json\/wp\/v2\/tags?post=201156"}],"curies":[{"name":"wp","href":"https:\/\/api.w.org\/{rel}","templated":true}]}}