{"id":201122,"date":"2023-10-21T10:54:00","date_gmt":"2023-10-21T08:54:00","guid":{"rendered":"https:\/\/www.tucomarca.com\/wordpress\/segunda\/?p=201122"},"modified":"2023-10-21T12:59:49","modified_gmt":"2023-10-21T10:59:49","slug":"entrevista-quique-alcazar-jugar-la-copa-del-rei-es-molt-bonic-i-intentarem-fer-ho-tan-be-com-siga-possible-pero-el-nostre-objectiu-continua-sent-el-estar-mes-amunt-possible-en-la-lliga","status":"publish","type":"post","link":"https:\/\/tucomarca.whitekongsoftware.com\/ca\/entrevista-quique-alcazar-jugar-la-copa-del-rei-es-molt-bonic-i-intentarem-fer-ho-tan-be-com-siga-possible-pero-el-nostre-objectiu-continua-sent-el-estar-mes-amunt-possible-en-la-lliga\/","title":{"rendered":"Entrevista. Quique Alc\u00e1zar: \u201cJugar la Copa del Rei \u00e9s molt bonic i intentarem fer-ho tan b\u00e9 com siga possible per\u00f2 el nostre objectiu continua sent el estar m\u00e9s amunt possible en la Lliga\u201d"},"content":{"rendered":"\n<p class=\"wp-block-paragraph\"><strong>Quique Alc\u00e1zar \u00e9s el segon de bord en la banqueta del Club Esportiu Bunyol, qui als ordes de Luis Navarro ha sigut l&#8217;encarregat de dirigir a l&#8217;equip blanc en el seu decisiu enfrontament contra el Ceuta que despr\u00e9s de la seua vict\u00f2ria per 0 gols a 3 li ha valgut al CD Bunyol el poder tornar a jugar una altra fase eliminat\u00f2ria de la Copa de Sa Majestat El Rei.<\/strong><\/p>\n\n\n\n<p class=\"wp-block-paragraph\"><strong>\u2014 Quique, vas tindre la responsabilitat de dirigir des de la banqueta a l&#8217;equip en el decisiu partit contra el Ceuta a causa de la sanci\u00f3 al m\u00edster, Luis Navarro. \u00bfCom va ser l&#8217;experi\u00e8ncia?<\/strong><\/p>\n\n\n\n<p class=\"wp-block-paragraph\">\u2014 B\u00e9, s\u00ed, per desgr\u00e0cia a causa de la sanci\u00f3 del m\u00edster, vaig haver de dirigir jo el partit contra el Ceuta. Per a aix\u00f2 estem, per als moments que h\u00e0gem d&#8217;ajudar, doncs fer-ho. I en el partit ens va ser molt b\u00e9, encara que era un partit parany, perqu\u00e8 encara que el rival era d&#8217;una categoria inferior, se&#8217;ns podia complicar la cosa. I l&#8217;experi\u00e8ncia per a la meua com primer entrenador, l&#8217;haver dirigit un partit de Copa del Rei ha sigut molt bonica. I dic com a entrenador perqu\u00e8 com a jugador ja he viscut varis, per\u00f2 com a entrenador no. Viure un partit aix\u00ed \u00e9s un luxe. Per\u00f2 al final m\u00e8rit \u00e9s del m\u00edster que ha aconseguit posar l&#8217;ordre, donar-me l&#8217;oportunitat d&#8217;estar al seu costat, i del propi equip que ha escoltat les les indicacions que que se&#8217;ls ha manat.<\/p>\n\n\n\n<p class=\"wp-block-paragraph\"><strong>\u2014 I m\u00e8rit tamb\u00e9 de tot el cos t\u00e8cnic, \u00bfveritat?<\/strong><\/p>\n\n\n\n<p class=\"wp-block-paragraph\">\u2014 S\u00ed, al final som un equip, mai m\u00e9s ben dit, l&#8217;equip de treball \u00e9s ampli, dins del que podem arribar i tant fisios com segon entrenador, Juanvi, que tamb\u00e9 va ser ac\u00ed amb mi per a ajudar-me a utilitzar eixe paper diferent que la veritat que em va ajudar molt aix\u00ed com tot el cos t\u00e8cnic que va intentar sumar per a intentar suplir al m\u00edster, qui al final \u00e9s el que sempre marca la l\u00ednia seguir.<\/p>\n\n\n\n<p class=\"wp-block-paragraph\"><strong>\u2014 I ara ni m\u00e9s ni menys que la Reial Societat, \u00bfqu\u00e8 et sembla el rival?<\/strong><\/p>\n\n\n\n<p class=\"wp-block-paragraph\">\u2014 La veritat \u00e9s que jo estic il\u00b7lusionat, crec que dins dels quals ens podien tocar, a pesar que el despla\u00e7ament \u00e9s m\u00e9s llarg per a ells, tant per als jugadors com per als aficionats d&#8217;all\u00ed, per la qual cosa segurament vindran menys, per\u00f2 s\u00ed que \u00e9s veritat que a l&#8217;hora de competir \u00e9s un rival top, de Champions, de primer nivell i que jo, particularment, crec que \u00e9s espectacular que haja de vindre a jugar una eliminat\u00f2ria contra nosaltres. L&#8217;afici\u00f3 s&#8217;il\u00b7lusionar\u00e0, per la qual cosa faig una crida perqu\u00e8 vinga la m\u00e0xima gent possible tant de Bunyol com dels voltants, com de Val\u00e8ncia i crec que el faran perqu\u00e8 portar a un rival com la Reial Societat a un camp com el nostre i amb un rival com nosaltres ha de ser motiu d&#8217;il\u00b7lusi\u00f3 per a tothom.<\/p>\n\n\n\n<p class=\"wp-block-paragraph\"><strong>\u2014 Quique, tu coneixes ja l&#8217;afici\u00f3 despr\u00e9s de les temporades que portes a Bunyol, \u00bfqu\u00e8 creus que estaran pensat ara?<\/strong><\/p>\n\n\n\n<p class=\"wp-block-paragraph\">\u2014 Jo crec que l&#8217;ens est\u00e0 contenta. Al final hi haur\u00e0 gent que haur\u00e0 pensat que com \u00e9s del Val\u00e8ncia, li agradaria que li haguera tocat este equip i tamb\u00e9 perqu\u00e8 estan m\u00e9s a prop. O com si haguera sigut el Betis, que era la il\u00b7lusi\u00f3 tamb\u00e9 de molta gent d&#8217;ac\u00ed. Per\u00f2 al final la Reial Societat crec que ning\u00fa pot minvar la il\u00b7lusi\u00f3 que pot tindre que vinga un club com este, que durant els \u00faltims dos o tres anys a nivell esportiu ho est\u00e0 fent molt b\u00e9. La veritat \u00e9s que a nivell esportiu, sincerament, no \u00e9s el millor rival que ens podia tocar, perqu\u00e8 \u00e9s un equipazo i ens competir\u00e0, malgrat el nivell i de la difer\u00e8ncia de categoria. Perqu\u00e8 en estos partits, i com a jugador els he viscuts, hi ha uns certs moments en els quals et pots igualar quant a emoci\u00f3 i a donar eixe dos-cents cinquanta per cent m\u00e9s que l&#8217;altre i aix\u00f2 fa que el rival baixe un poc la seua estimulaci\u00f3, que eixos jugadors no estiguen c\u00f2modes en estos tipus de camps als quals no estan habituats i que tu estigues a eixa motivaci\u00f3 m\u00e0xima que et permeta fer el teu futbol i que ells estiguen inc\u00f2modes. I si tens la sort que t&#8217;ixen b\u00e9 les coses, doncs fins i tot ficar-los un esglai.<\/p>\n\n\n\n<p class=\"wp-block-paragraph\"><strong>\u2014 Encara que falten dues setmanes per al partit de Copa, \u00bfcom creus que arriba l&#8217;equip a la trobada?<\/strong><\/p>\n\n\n\n<p class=\"wp-block-paragraph\">\u2014 Crec que cal ser assenyats, cal tindre clar que la nostra principal idea \u00e9s continuar treballant en la nostra competici\u00f3 que \u00e9s la Lliga on tenim dos partits abans per davant en els quals hem de centrar-nos. Aix\u00f2 de la Copa del Rei \u00e9s molt bonic, per\u00f2 nosaltres, dins del nostre objectiu que \u00e9s l&#8217;estar el m\u00e9s amunt possible en la taula i tant de bo que puguem aconseguir un objectiu bonic d&#8217;ascens, per\u00f2 bo aix\u00f2 \u00e9s la nostra l\u00ednia a seguir. Principalment hem de pensar en la Lliga i despr\u00e9s dins de dues setmanes ens trobarem amb este premi que l&#8217;enfocarem des de la il\u00b7lusi\u00f3, des del gaudi i des de la competici\u00f3 per a intentar poder fer el m\u00e0xim que puguem amb ells.<\/p>\n","protected":false},"excerpt":{"rendered":"<div class=\"mh-excerpt\">Quique Alc\u00e1zar \u00e9s el segon de bord en la banqueta del Club Esportiu Bunyol, qui als ordes de Luis Navarro ha sigut l&#8217;encarregat de dirigir a l&#8217;equip blanc en el seu decisiu enfrontament contra el <a class=\"mh-excerpt-more\" href=\"https:\/\/tucomarca.whitekongsoftware.com\/ca\/entrevista-quique-alcazar-jugar-la-copa-del-rei-es-molt-bonic-i-intentarem-fer-ho-tan-be-com-siga-possible-pero-el-nostre-objectiu-continua-sent-el-estar-mes-amunt-possible-en-la-lliga\/\" title=\"Entrevista. Quique Alc\u00e1zar: \u201cJugar la Copa del Rei \u00e9s molt bonic i intentarem fer-ho tan b\u00e9 com siga possible per\u00f2 el nostre objectiu continua sent el estar m\u00e9s amunt possible en la Lliga\u201d\">[+] <\/a><\/div>\n","protected":false},"author":1,"featured_media":201118,"comment_status":"open","ping_status":"open","sticky":false,"template":"","format":"standard","meta":{"footnotes":""},"categories":[10911,11015,11003,10898,10894,10904,10912,10896],"tags":[10913,11126,12752,11074],"class_list":["post-201122","post","type-post","status-publish","format-standard","has-post-thumbnail","category-bunol-ca","category-canal-futbol","category-sports","category-ventana-ca","category-la-comarca-ca","category-sin-categorizar-ca","category-la-hoya-ca","category-seccion-ca","tag-bunol-ca","tag-cd-bunol-ca","tag-copa-del-rey-ca","tag-deportes-ca"],"_links":{"self":[{"href":"https:\/\/tucomarca.whitekongsoftware.com\/ca\/wp-json\/wp\/v2\/posts\/201122","targetHints":{"allow":["GET"]}}],"collection":[{"href":"https:\/\/tucomarca.whitekongsoftware.com\/ca\/wp-json\/wp\/v2\/posts"}],"about":[{"href":"https:\/\/tucomarca.whitekongsoftware.com\/ca\/wp-json\/wp\/v2\/types\/post"}],"author":[{"embeddable":true,"href":"https:\/\/tucomarca.whitekongsoftware.com\/ca\/wp-json\/wp\/v2\/users\/1"}],"replies":[{"embeddable":true,"href":"https:\/\/tucomarca.whitekongsoftware.com\/ca\/wp-json\/wp\/v2\/comments?post=201122"}],"version-history":[{"count":0,"href":"https:\/\/tucomarca.whitekongsoftware.com\/ca\/wp-json\/wp\/v2\/posts\/201122\/revisions"}],"wp:featuredmedia":[{"embeddable":true,"href":"https:\/\/tucomarca.whitekongsoftware.com\/ca\/wp-json\/wp\/v2\/media\/201118"}],"wp:attachment":[{"href":"https:\/\/tucomarca.whitekongsoftware.com\/ca\/wp-json\/wp\/v2\/media?parent=201122"}],"wp:term":[{"taxonomy":"category","embeddable":true,"href":"https:\/\/tucomarca.whitekongsoftware.com\/ca\/wp-json\/wp\/v2\/categories?post=201122"},{"taxonomy":"post_tag","embeddable":true,"href":"https:\/\/tucomarca.whitekongsoftware.com\/ca\/wp-json\/wp\/v2\/tags?post=201122"}],"curies":[{"name":"wp","href":"https:\/\/api.w.org\/{rel}","templated":true}]}}