{"id":201112,"date":"2023-10-21T12:00:00","date_gmt":"2023-10-21T10:00:00","guid":{"rendered":"https:\/\/www.tucomarca.com\/wordpress\/segunda\/?p=201112"},"modified":"2023-10-21T13:11:54","modified_gmt":"2023-10-21T11:11:54","slug":"la-xxvi-fira-utiel-gastronomica-obri-les-seues-portes-amb-una-amplia-oferta-de-degustacions-i-un-bon-acolliment-del-public","status":"publish","type":"post","link":"https:\/\/tucomarca.whitekongsoftware.com\/ca\/la-xxvi-fira-utiel-gastronomica-obri-les-seues-portes-amb-una-amplia-oferta-de-degustacions-i-un-bon-acolliment-del-public\/","title":{"rendered":"La XXVI Fira Utiel Gastron\u00f2mica obri les seues portes amb una \u00e0mplia oferta de degustacions i un bon acolliment del p\u00fablic"},"content":{"rendered":"\n<h4 class=\"wp-block-heading\">L&#8217;acte d&#8217;inauguraci\u00f3 ha comptat amb la intervenci\u00f3 de la vicepresidenta de la Diputaci\u00f3 de Val\u00e8ncia, Remedios Mazzolari, els directors generals de Desenvolupament Rural, Francisco Javier Benito i d&#8217;Ind\u00fastria, Energia i Mines, Manuel Arg\u00fcelles i els Senadors de la Comunitat Valenciana, Estela del Carmen Darocas i Fernando Carbonell<\/h4>\n\n\n\n<h4 class=\"wp-block-heading\">Tamb\u00e9 es podr\u00e0 visitar la Fira de maquin\u00e0ria agr\u00edcola<\/h4>\n\n\n\n<figure class=\"wp-block-gallery has-nested-images columns-default is-cropped wp-block-gallery-1 is-layout-flex wp-block-gallery-is-layout-flex\">\n<figure class=\"wp-block-image size-large\"><img loading=\"lazy\" decoding=\"async\" width=\"1181\" height=\"790\" data-id=\"201107\" src=\"http:\/\/www.tucomarca.com\/wordpress\/segunda\/wp-content\/uploads\/2023\/10\/UtielGastronomica23_02.jpg\" alt=\"\" class=\"wp-image-201107\" srcset=\"https:\/\/tucomarca.whitekongsoftware.com\/wp-content\/uploads\/2023\/10\/UtielGastronomica23_02.jpg 1181w, https:\/\/tucomarca.whitekongsoftware.com\/wp-content\/uploads\/2023\/10\/UtielGastronomica23_02-300x201.jpg 300w, https:\/\/tucomarca.whitekongsoftware.com\/wp-content\/uploads\/2023\/10\/UtielGastronomica23_02-1024x685.jpg 1024w, https:\/\/tucomarca.whitekongsoftware.com\/wp-content\/uploads\/2023\/10\/UtielGastronomica23_02-768x514.jpg 768w\" sizes=\"auto, (max-width: 1181px) 100vw, 1181px\" \/><\/figure>\n\n\n\n<figure class=\"wp-block-image size-large\"><img loading=\"lazy\" decoding=\"async\" width=\"1181\" height=\"787\" data-id=\"201109\" src=\"http:\/\/www.tucomarca.com\/wordpress\/segunda\/wp-content\/uploads\/2023\/10\/UtielGastronomica23_03.jpg\" alt=\"\" class=\"wp-image-201109\" srcset=\"https:\/\/tucomarca.whitekongsoftware.com\/wp-content\/uploads\/2023\/10\/UtielGastronomica23_03.jpg 1181w, https:\/\/tucomarca.whitekongsoftware.com\/wp-content\/uploads\/2023\/10\/UtielGastronomica23_03-300x200.jpg 300w, https:\/\/tucomarca.whitekongsoftware.com\/wp-content\/uploads\/2023\/10\/UtielGastronomica23_03-1024x682.jpg 1024w, https:\/\/tucomarca.whitekongsoftware.com\/wp-content\/uploads\/2023\/10\/UtielGastronomica23_03-768x512.jpg 768w\" sizes=\"auto, (max-width: 1181px) 100vw, 1181px\" \/><\/figure>\n<\/figure>\n\n\n\n<p class=\"wp-block-paragraph\"><br>Esta vesprada la Fira Utiel Gastron\u00f2mica donava el tret d&#8217;eixida a la seua XXVI edici\u00f3. El Passeig de l&#8217;Albereda es vist de gastronomia, cultura i festa amb activitats gastro-l\u00fadiques que podran gaudir majors i xicotets fins diumenge que ve, 22 d&#8217;octubre.<\/p>\n\n\n\n<p class=\"wp-block-paragraph\">L&#8217;acte d&#8217;inauguraci\u00f3 ha comptat amb la intervenci\u00f3 de la vicepresidenta de la Diputaci\u00f3 de Val\u00e8ncia, Remedios Mazzolari, els directors generals de Desenvolupament Rural, Francisco Javier Benito.i d&#8217;Ind\u00fastria, Energia i Mines, Manuel Arg\u00fcelles, aix\u00ed com els Senadors de la Comunitat Valenciana, Estela del Carmen Darocas i Fernando Carbonell. Els representants de les administracions provincial i auton\u00f2mica han mostrat el seu suport a esta mena d&#8217;iniciatives que promouen el desenvolupament local i han destacat la import\u00e0ncia de posar en valor les tradicions i la riquesa gastron\u00f2mica i cultural d&#8217;Utiel a trav\u00e9s d&#8217;esta fira amb la qual s&#8217;enriqueix el comer\u00e7 local i es potencia el sector tur\u00edstic.<br>Des de l&#8217;Ajuntament d&#8217;Utiel, tant l&#8217;alcalde Ricardo Gabald\u00f3n com el regidor d&#8217;Utiel Gastron\u00f2mica i de Turisme, Rub\u00e9n Murcia, han destacat l&#8217;impuls que s&#8217;ha donat a esta edici\u00f3 augmentant expositors i diversificant l&#8217;oferta per a revitalitzar el sector comercial i tur\u00edstic del municipi i han agra\u00eft l&#8217;esfor\u00e7 d&#8217;expositors locals i forans i el de tots els col\u00b7laboradors que fan possible el desenvolupament de la fira.<br>A l&#8217;acte tamb\u00e9 han assistit alcaldes\/as i regidors de la comarca, i de diferents localitats de la prov\u00edncia de Val\u00e8ncia i de Conca.<\/p>\n\n\n\n<p class=\"wp-block-paragraph\"><strong>Passi\u00f3 pel sabor<br><\/strong>El Passeig de l&#8217;Albereda torna a omplir-se d&#8217;aromes i sabors tradicionals als quals se sumaran degustacions gurmet i elaboracions innovadores.<br>Enguany la fira ha augmentat el nombre d&#8217;expositors, una trentena de participants, que presentaran els millors productes artesans tant d&#8217;Utiel i comarca com d&#8217;altres regions.&nbsp;<br>Carnisseries, forns, cellers i associacions de mestresses de casa d&#8217;Utiel tornen a ser presents en la Fira Utiel Gastron\u00f2mica i, a m\u00e9s, a esta edici\u00f3 s&#8217;incorpora una nodrida representaci\u00f3 del sector hostaler tant del municipi com d&#8217;altres zones.<br><br><strong>Novetats<br><\/strong>Entre les novetats d&#8217;esta edici\u00f3 la celebraci\u00f3 de l&#8217;I Concurs de Tall de Pernil, amb talladors professionals de tota Espanya; sessions de showcooking amb reconeguts xefs, com Juan Ramos, cap de cuina del restaurant Llisa Negra de Quique Dacosta i el retorn de la Fira de Maquin\u00e0ria Agr\u00edcola.<br>A m\u00e9s, se celebraran activitats culturals i festives paral\u00b7leles com a sessions de m\u00fasica en directe, tastos comentats, activitats infantils i visites tur\u00edstiques guiades perqu\u00e8 els milers de visitants s&#8217;emporten a Utiel en el seu interior i un extraordinari sabor de boca.<\/p>\n","protected":false},"excerpt":{"rendered":"<div class=\"mh-excerpt\">L&#8217;acte d&#8217;inauguraci\u00f3 ha comptat amb la intervenci\u00f3 de la vicepresidenta de la Diputaci\u00f3 de Val\u00e8ncia, Remedios Mazzolari, els directors generals de Desenvolupament Rural, Francisco Javier Benito i d&#8217;Ind\u00fastria, Energia i Mines, Manuel Arg\u00fcelles i els <a class=\"mh-excerpt-more\" href=\"https:\/\/tucomarca.whitekongsoftware.com\/ca\/la-xxvi-fira-utiel-gastronomica-obri-les-seues-portes-amb-una-amplia-oferta-de-degustacions-i-un-bon-acolliment-del-public\/\" title=\"La XXVI Fira Utiel Gastron\u00f2mica obri les seues portes amb una \u00e0mplia oferta de degustacions i un bon acolliment del p\u00fablic\">[+] <\/a><\/div>\n","protected":false},"author":12,"featured_media":201106,"comment_status":"open","ping_status":"open","sticky":false,"template":"","format":"image","meta":{"footnotes":""},"categories":[10898,10894,11007,10909,10896,11059],"tags":[10910,11174,19745],"class_list":["post-201112","post","type-post","status-publish","format-image","has-post-thumbnail","category-ventana-ca","category-la-comarca-ca","category-ocio-y-cultura-ca","category-requena-utiel-ca","category-seccion-ca","category-utiel-ca","tag-requena-utiel-ca","tag-utiel-ca","tag-xxvi-feria-utiel-gastronomica-ca","post_format-post-format-image"],"_links":{"self":[{"href":"https:\/\/tucomarca.whitekongsoftware.com\/ca\/wp-json\/wp\/v2\/posts\/201112","targetHints":{"allow":["GET"]}}],"collection":[{"href":"https:\/\/tucomarca.whitekongsoftware.com\/ca\/wp-json\/wp\/v2\/posts"}],"about":[{"href":"https:\/\/tucomarca.whitekongsoftware.com\/ca\/wp-json\/wp\/v2\/types\/post"}],"author":[{"embeddable":true,"href":"https:\/\/tucomarca.whitekongsoftware.com\/ca\/wp-json\/wp\/v2\/users\/12"}],"replies":[{"embeddable":true,"href":"https:\/\/tucomarca.whitekongsoftware.com\/ca\/wp-json\/wp\/v2\/comments?post=201112"}],"version-history":[{"count":0,"href":"https:\/\/tucomarca.whitekongsoftware.com\/ca\/wp-json\/wp\/v2\/posts\/201112\/revisions"}],"wp:featuredmedia":[{"embeddable":true,"href":"https:\/\/tucomarca.whitekongsoftware.com\/ca\/wp-json\/wp\/v2\/media\/201106"}],"wp:attachment":[{"href":"https:\/\/tucomarca.whitekongsoftware.com\/ca\/wp-json\/wp\/v2\/media?parent=201112"}],"wp:term":[{"taxonomy":"category","embeddable":true,"href":"https:\/\/tucomarca.whitekongsoftware.com\/ca\/wp-json\/wp\/v2\/categories?post=201112"},{"taxonomy":"post_tag","embeddable":true,"href":"https:\/\/tucomarca.whitekongsoftware.com\/ca\/wp-json\/wp\/v2\/tags?post=201112"}],"curies":[{"name":"wp","href":"https:\/\/api.w.org\/{rel}","templated":true}]}}