{"id":201093,"date":"2023-10-20T08:00:00","date_gmt":"2023-10-20T06:00:00","guid":{"rendered":"https:\/\/www.tucomarca.com\/wordpress\/segunda\/?p=201093"},"modified":"2023-10-20T18:41:58","modified_gmt":"2023-10-20T16:41:58","slug":"la-unio-i-ava-asaja-han-protestat-hui-a-valencia-contra-els-acords-comercials-que-la-ue-subscriu-amb-tercers-paisos-davant-la-seua-falta-de-reciprocitat-i-competencia-deslleial","status":"publish","type":"post","link":"https:\/\/tucomarca.whitekongsoftware.com\/ca\/la-unio-i-ava-asaja-han-protestat-hui-a-valencia-contra-els-acords-comercials-que-la-ue-subscriu-amb-tercers-paisos-davant-la-seua-falta-de-reciprocitat-i-competencia-deslleial\/","title":{"rendered":"La Uni\u00f3 i AVA-Asaja han protestat hui a Val\u00e8ncia contra els acords comercials que la UE subscriu amb tercers pa\u00efsos davant la seua falta de reciprocitat i compet\u00e8ncia deslleial"},"content":{"rendered":"\n<h4 class=\"wp-block-heading\">La concentraci\u00f3 s&#8217;ha celebrat enfront de la cimera de ministres de Comer\u00e7 de la UE que se celebra a Val\u00e8ncia<\/h4>\n\n\n\n<p class=\"wp-block-paragraph\">Una redu\u00efda representaci\u00f3 de La Uni\u00f3 Llauradora i Ramadera i l&#8217;Associaci\u00f3 Valenciana d&#8217;Agricultors (AVA-Asaja), despr\u00e9s de desautoritzar la concentraci\u00f3 inicial la Delegaci\u00f3 del Govern en la Comunitat Valenciana, han protestat hui enfront del centre comercial del Saler a Val\u00e8ncia contra els acords comercials que la UE est\u00e0 subscrivint amb pa\u00efsos tercers per la falta de reciprocitat i el foment d&#8217;una compet\u00e8ncia deslleial de les importacions agr\u00e0ries que provoquen una greu crisi de rendibilitat dels agricultors i ramaders europeus.<\/p>\n\n\n\n<p class=\"wp-block-paragraph\">Els dirigents de AVA-Asaja i La Uni\u00f3, Crist\u00f3bal Aguado i Carles Peris, han criticat en l&#8217;acte la desautoritzaci\u00f3 de manera \u2018irresponsable\u2019 per part de la delegada del Govern, Pilar Bernab\u00e9, i l&#8217;atribueixen a \u201cuna clara intencionalitat pol\u00edtica, que suposa un ab\u00fas de poder antidemocr\u00e0tic i que ha privat els leg\u00edtims drets de moviment i llibertat d&#8217;expressi\u00f3 dels agricultors valencians\u201d.<\/p>\n\n\n\n<p class=\"wp-block-paragraph\">Totes dues organitzacions agr\u00e0ries no obstant aix\u00f2 han mantingut la mobilitzaci\u00f3 d&#8217;una forma redu\u00efda prop de la Ciutat de les Arts i les Ci\u00e8ncies de Val\u00e8ncia, on se celebra la cimera dels ministres de comer\u00e7 de la Uni\u00f3 Europea en la qual, entre altres assumptes, es preveuen avan\u00e7os en les negociacions del tractat amb Mercosur. Sota el lema \u2018Nou tractat, nova tra\u00efci\u00f3\u2019, els agricultors han denunciat els greus problemes del sector agrari valenci\u00e0 que estan provocant els acords comercials amb pa\u00efsos tercers, dels quals el propi Govern \u00e9s c\u00f2mplice i fins i tot promotor en el cas del tractat amb Mercosur.&nbsp;<\/p>\n\n\n\n<p class=\"wp-block-paragraph\">AVA i La Uni\u00f3 exigeixen reciprocitat o cl\u00e0usules espill en les produccions agr\u00edcoles i ramaderes que s&#8217;importen de pa\u00efsos tercers, de manera que existisquen les mateixes condicions de producci\u00f3 dins i fora de la Uni\u00f3 Europea per als aliments que arriben als nostres consumidors. Tamb\u00e9 reclamen una avaluaci\u00f3 i revisi\u00f3 continuada dels impactes sobre el sector agrari europeu de tots els acords comercials subscrits per la Uni\u00f3 Europea amb pa\u00efsos tercers.&nbsp;<\/p>\n\n\n\n<p class=\"wp-block-paragraph\">En l&#8217;apartat de plagues o malalties de quarantena demanden un nombre m\u00e0xim de deteccions a l&#8217;efecte de prohibir les exportacions d&#8217;un pa\u00eds tercer amb destinaci\u00f3 a la Uni\u00f3 Europea fins que aquest pa\u00eds tercer siga capa\u00e7 de garantir la seguretat fitosanit\u00e0ria de les seues produccions, comprovada per inspectors comunitaris. Demanen aix\u00ed mateix no permetre, en les produccions agr\u00e0ries que s&#8217;importen de pa\u00efsos tercers, l&#8217;\u00fas o l&#8217;augment del llindar m\u00e0xim de residus de mat\u00e8ries actives fitosanit\u00e0ries l&#8217;ocupaci\u00f3 de les quals est\u00e0 prohibit per a les produccions de la Uni\u00f3 Europea pel seu risc per al medi ambient i la salut humana.<\/p>\n\n\n\n<p class=\"wp-block-paragraph\">Altres peticions passen per implicar a totes les administracions p\u00fabliques, tant en recursos humans com econ\u00f2mics, per a afrontar les amenaces fitosanit\u00e0ries i zoosanit\u00e0ries actuals, destacant l&#8217;extensi\u00f3 del tractament en fred a les mandarines i els pomelos per comportar risc d&#8217;entrada de la falsa arna. Per a l&#8217;arr\u00f2s advoquen per una cl\u00e0usula de salvaguarda autom\u00e0tica de l&#8217;arr\u00f2s en cas que les importacions foranes suposen un impacte greu per a la rendibilitat dels productors comunitaris.<\/p>\n\n\n\n<p class=\"wp-block-paragraph\">La Uni\u00f3 i AVA-Asaja no descarten convocar en les pr\u00f2ximes dates al sector agrari valenci\u00e0 a una altra concentraci\u00f3 m\u00e9s massiva amb pres\u00e8ncia de tractors i agricultors enfront de la Delegaci\u00f3 del Govern i remetran tamb\u00e9 una carta de queixa a la delegada, Pilar Bernab\u00e9, pel tracte discriminatori en desautoritzar la protesta ja convocada per a hui.<\/p>\n\n\n\n<p class=\"wp-block-paragraph\"><\/p>\n","protected":false},"excerpt":{"rendered":"<div class=\"mh-excerpt\">La concentraci\u00f3 s&#8217;ha celebrat enfront de la cimera de ministres de Comer\u00e7 de la UE que se celebra a Val\u00e8ncia Una redu\u00efda representaci\u00f3 de La Uni\u00f3 Llauradora i Ramadera i l&#8217;Associaci\u00f3 Valenciana d&#8217;Agricultors (AVA-Asaja), despr\u00e9s <a class=\"mh-excerpt-more\" href=\"https:\/\/tucomarca.whitekongsoftware.com\/ca\/la-unio-i-ava-asaja-han-protestat-hui-a-valencia-contra-els-acords-comercials-que-la-ue-subscriu-amb-tercers-paisos-davant-la-seua-falta-de-reciprocitat-i-competencia-deslleial\/\" title=\"La Uni\u00f3 i AVA-Asaja han protestat hui a Val\u00e8ncia contra els acords comercials que la UE subscriu amb tercers pa\u00efsos davant la seua falta de reciprocitat i compet\u00e8ncia deslleial\">[+] <\/a><\/div>\n","protected":false},"author":12,"featured_media":201092,"comment_status":"open","ping_status":"open","sticky":false,"template":"","format":"standard","meta":{"footnotes":""},"categories":[10890,10905,10951,11046,10963,10894,10904,10902,10947,10896],"tags":[11924,19783],"class_list":["post-201093","post","type-post","status-publish","format-standard","has-post-thumbnail","category-ademus","category-agricultura-la-comarca-ca","category-ayora-cofrentes-ca","category-los-serranos-ca","category-la-canal-de-navarres-ca","category-la-comarca-ca","category-sin-categorizar-ca","category-la-ribera-ca","category-politica","category-seccion-ca","tag-ava-asaja-ca","tag-la-unio-ramadera-ca"],"_links":{"self":[{"href":"https:\/\/tucomarca.whitekongsoftware.com\/ca\/wp-json\/wp\/v2\/posts\/201093","targetHints":{"allow":["GET"]}}],"collection":[{"href":"https:\/\/tucomarca.whitekongsoftware.com\/ca\/wp-json\/wp\/v2\/posts"}],"about":[{"href":"https:\/\/tucomarca.whitekongsoftware.com\/ca\/wp-json\/wp\/v2\/types\/post"}],"author":[{"embeddable":true,"href":"https:\/\/tucomarca.whitekongsoftware.com\/ca\/wp-json\/wp\/v2\/users\/12"}],"replies":[{"embeddable":true,"href":"https:\/\/tucomarca.whitekongsoftware.com\/ca\/wp-json\/wp\/v2\/comments?post=201093"}],"version-history":[{"count":0,"href":"https:\/\/tucomarca.whitekongsoftware.com\/ca\/wp-json\/wp\/v2\/posts\/201093\/revisions"}],"wp:featuredmedia":[{"embeddable":true,"href":"https:\/\/tucomarca.whitekongsoftware.com\/ca\/wp-json\/wp\/v2\/media\/201092"}],"wp:attachment":[{"href":"https:\/\/tucomarca.whitekongsoftware.com\/ca\/wp-json\/wp\/v2\/media?parent=201093"}],"wp:term":[{"taxonomy":"category","embeddable":true,"href":"https:\/\/tucomarca.whitekongsoftware.com\/ca\/wp-json\/wp\/v2\/categories?post=201093"},{"taxonomy":"post_tag","embeddable":true,"href":"https:\/\/tucomarca.whitekongsoftware.com\/ca\/wp-json\/wp\/v2\/tags?post=201093"}],"curies":[{"name":"wp","href":"https:\/\/api.w.org\/{rel}","templated":true}]}}