{"id":201071,"date":"2023-10-20T12:10:00","date_gmt":"2023-10-20T10:10:00","guid":{"rendered":"https:\/\/www.tucomarca.com\/wordpress\/segunda\/?p=201071"},"modified":"2023-10-20T17:51:35","modified_gmt":"2023-10-20T15:51:35","slug":"xiva-rep-la-visita-del-coronel-cap-de-la-comandancia-de-la-guardia-civil-de-valencia","status":"publish","type":"post","link":"https:\/\/tucomarca.whitekongsoftware.com\/ca\/xiva-rep-la-visita-del-coronel-cap-de-la-comandancia-de-la-guardia-civil-de-valencia\/","title":{"rendered":"Xiva rep la visita del coronel cap de la Comand\u00e0ncia de la Gu\u00e0rdia Civil de Val\u00e8ncia"},"content":{"rendered":"\n<p class=\"wp-block-paragraph\">Jos\u00e9 Ant\u00f3nio Fern\u00e1ndez de Luz, Coronel Cap de la comand\u00e0ncia de la Gu\u00e0rdia Civil de Val\u00e8ncia ha visitat Xiva en l&#8217;a fi d&#8217;avan\u00e7ar en el desenvolupament d&#8217;accions conjuntes amb el municipi.<\/p>\n\n\n\n<p class=\"wp-block-paragraph\">La reuni\u00f3 mantinguda amb l&#8217;equip de govern municipal ha perm\u00e9s traslladar al m\u00e0xim responsable de la Gu\u00e0rdia Civil, la realitat que viu un municipi que compta amb una superf\u00edcie de 300 km\u00b2 i que compta ja amb m\u00e9s de 18.000 habitants.<\/p>\n\n\n\n<p class=\"wp-block-paragraph\">De la mateixa manera, durant la trobada, Amparo Fort, alcaldessa de Xiva, ha traslladat al Coronel, \u201cla voluntat ferma d&#8217;impulsar la relaci\u00f3 amb el cos, potenciant el desenvolupament de l&#8217;acte d&#8217;aniversari del lloc de Xiva, acte que va quedar paralitzat en el seu moment a conseq\u00fc\u00e8ncia de la pand\u00e8mia\u201d.<\/p>\n\n\n\n<p class=\"wp-block-paragraph\">Assenyalar que el lloc de Xiva va ser, al costat de Gandia i Sagunt, un dels tres municipis en els quals la Gu\u00e0rdia Civil va iniciar la seua activitat fa ara 178 anys.<\/p>\n\n\n\n<p class=\"wp-block-paragraph\">Per a Amparo Fort esta visita \u00e9s especialment important i suposa un motiu de satisfacci\u00f3, ja que ha perm\u00e9s donar a con\u00e9ixer de primera m\u00e0, l&#8217;estima i predisposici\u00f3 d&#8217;un municipi amb el qual la Gu\u00e0rdia Civil, mant\u00e9 una estreta vinculaci\u00f3 des de la seua constituci\u00f3 com a cos de seguretat.<\/p>\n\n\n\n<p class=\"wp-block-paragraph\">La reuni\u00f3 de treball ha comptat amb la pres\u00e8ncia de Jose Antonio Romero, Capit\u00e0 del lloc de Ll\u00edria i del Tinent Cristian Lacalle, responsable de la caserna de Xiva.<\/p>\n\n\n\n<figure class=\"wp-block-image size-large\"><img loading=\"lazy\" decoding=\"async\" width=\"1024\" height=\"1024\" src=\"http:\/\/www.tucomarca.com\/wordpress\/segunda\/wp-content\/uploads\/2023\/10\/ChivaGC2-1024x1024.jpg\" alt=\"\" class=\"wp-image-201068\" srcset=\"https:\/\/tucomarca.whitekongsoftware.com\/wp-content\/uploads\/2023\/10\/ChivaGC2-1024x1024.jpg 1024w, https:\/\/tucomarca.whitekongsoftware.com\/wp-content\/uploads\/2023\/10\/ChivaGC2-300x300.jpg 300w, https:\/\/tucomarca.whitekongsoftware.com\/wp-content\/uploads\/2023\/10\/ChivaGC2-290x290.jpg 290w, https:\/\/tucomarca.whitekongsoftware.com\/wp-content\/uploads\/2023\/10\/ChivaGC2-768x768.jpg 768w, https:\/\/tucomarca.whitekongsoftware.com\/wp-content\/uploads\/2023\/10\/ChivaGC2-1536x1536.jpg 1536w, https:\/\/tucomarca.whitekongsoftware.com\/wp-content\/uploads\/2023\/10\/ChivaGC2.jpg 1600w\" sizes=\"auto, (max-width: 1024px) 100vw, 1024px\" \/><\/figure>\n","protected":false},"excerpt":{"rendered":"<div class=\"mh-excerpt\">Jos\u00e9 Ant\u00f3nio Fern\u00e1ndez de Luz, Coronel Cap de la comand\u00e0ncia de la Gu\u00e0rdia Civil de Val\u00e8ncia ha visitat Xiva en l&#8217;a fi d&#8217;avan\u00e7ar en el desenvolupament d&#8217;accions conjuntes amb el municipi. La reuni\u00f3 mantinguda amb <a class=\"mh-excerpt-more\" href=\"https:\/\/tucomarca.whitekongsoftware.com\/ca\/xiva-rep-la-visita-del-coronel-cap-de-la-comandancia-de-la-guardia-civil-de-valencia\/\" title=\"Xiva rep la visita del coronel cap de la Comand\u00e0ncia de la Gu\u00e0rdia Civil de Val\u00e8ncia\">[+] <\/a><\/div>\n","protected":false},"author":1,"featured_media":201067,"comment_status":"open","ping_status":"open","sticky":false,"template":"","format":"standard","meta":{"footnotes":""},"categories":[10898,10948,10894,10904,10912,10947,10896,10975],"tags":[11195,11118,10914],"class_list":["post-201071","post","type-post","status-publish","format-standard","has-post-thumbnail","category-ventana-ca","category-infraestructuras-ca","category-la-comarca-ca","category-sin-categorizar-ca","category-la-hoya-ca","category-politica","category-seccion-ca","category-chiva-ca","tag-chiva-ca","tag-guardia-civil-ca","tag-la-hoya-de-bunol-chiva-ca"],"_links":{"self":[{"href":"https:\/\/tucomarca.whitekongsoftware.com\/ca\/wp-json\/wp\/v2\/posts\/201071","targetHints":{"allow":["GET"]}}],"collection":[{"href":"https:\/\/tucomarca.whitekongsoftware.com\/ca\/wp-json\/wp\/v2\/posts"}],"about":[{"href":"https:\/\/tucomarca.whitekongsoftware.com\/ca\/wp-json\/wp\/v2\/types\/post"}],"author":[{"embeddable":true,"href":"https:\/\/tucomarca.whitekongsoftware.com\/ca\/wp-json\/wp\/v2\/users\/1"}],"replies":[{"embeddable":true,"href":"https:\/\/tucomarca.whitekongsoftware.com\/ca\/wp-json\/wp\/v2\/comments?post=201071"}],"version-history":[{"count":0,"href":"https:\/\/tucomarca.whitekongsoftware.com\/ca\/wp-json\/wp\/v2\/posts\/201071\/revisions"}],"wp:featuredmedia":[{"embeddable":true,"href":"https:\/\/tucomarca.whitekongsoftware.com\/ca\/wp-json\/wp\/v2\/media\/201067"}],"wp:attachment":[{"href":"https:\/\/tucomarca.whitekongsoftware.com\/ca\/wp-json\/wp\/v2\/media?parent=201071"}],"wp:term":[{"taxonomy":"category","embeddable":true,"href":"https:\/\/tucomarca.whitekongsoftware.com\/ca\/wp-json\/wp\/v2\/categories?post=201071"},{"taxonomy":"post_tag","embeddable":true,"href":"https:\/\/tucomarca.whitekongsoftware.com\/ca\/wp-json\/wp\/v2\/tags?post=201071"}],"curies":[{"name":"wp","href":"https:\/\/api.w.org\/{rel}","templated":true}]}}