{"id":201057,"date":"2023-10-20T12:05:00","date_gmt":"2023-10-20T10:05:00","guid":{"rendered":"https:\/\/www.tucomarca.com\/wordpress\/segunda\/?p=201057"},"modified":"2023-10-20T15:10:56","modified_gmt":"2023-10-20T13:10:56","slug":"detenen-a-un-home-per-maltractaments-en-lambit-familiar-que-es-trobava-ocult-pels-seus-familiars-a-naquera","status":"publish","type":"post","link":"https:\/\/tucomarca.whitekongsoftware.com\/ca\/detenen-a-un-home-per-maltractaments-en-lambit-familiar-que-es-trobava-ocult-pels-seus-familiars-a-naquera\/","title":{"rendered":"Detenen a un home per maltractaments en l&#8217;\u00e0mbit familiar que es trobava ocult pels seus familiars a N\u00e0quera"},"content":{"rendered":"\n<p class=\"wp-block-paragraph\">La Gu\u00e0rdia Civil de Val\u00e8ncia det\u00e9 a un home de 44 anys i nacionalitat espanyola per un delicte de maltractaments en l&#8217;\u00e0mbit familiar que es trobava en parador ignorat. A m\u00e9s, li constaven dos assenyalaments judicials.<\/p>\n\n\n\n<p class=\"wp-block-paragraph\">Els agents van tindre coneixement despr\u00e9s d&#8217;una den\u00fancia interposada per la v\u00edctima i conscients del risc que aix\u00f2 implicava per a la v\u00edctima, es va establir una protecci\u00f3 permanent mentre es tractava de localitzar i detindre a l&#8217;autor dels fets.<\/p>\n\n\n\n<p class=\"wp-block-paragraph\">Fruit de les gestions practicades es va aconseguir esbrinar el parador de l&#8217;autor, verificar la seua identitat i procedir a la seua detenci\u00f3. El detingut es trobava ocult pels seus familiars en la localitat de N\u00e0quera, els qui tamb\u00e9 el traslladaven i donaven recer tant en diverses localitats de la prov\u00edncia com fora d&#8217;esta. A m\u00e9s, era acompanyat per un home en tot moment.<\/p>\n\n\n\n<p class=\"wp-block-paragraph\">Una vegada localitzat es van realitzar diversos operatius per a aconseguir la detenci\u00f3 de l&#8217;autor dels fets a N\u00e0quera.<\/p>\n\n\n\n<p class=\"wp-block-paragraph\">Finalment, els Gu\u00e0rdies Civils encarregats de la localitzaci\u00f3 van procedir a la detenci\u00f3 d&#8217;un home de 44 anys i de nacionalitat espanyola per un delicte de maltractaments en l&#8217;\u00e0mbit familiar.<\/p>\n\n\n\n<p class=\"wp-block-paragraph\">Les dilig\u00e8ncies han sigut entregades en el Jutjat de Primera Inst\u00e0ncia i Instrucci\u00f3 N\u00famero 1 de Lliria i s&#8217;ha decretat el seu ingr\u00e9s a la pres\u00f3.<\/p>\n","protected":false},"excerpt":{"rendered":"<div class=\"mh-excerpt\">La Gu\u00e0rdia Civil de Val\u00e8ncia det\u00e9 a un home de 44 anys i nacionalitat espanyola per un delicte de maltractaments en l&#8217;\u00e0mbit familiar que es trobava en parador ignorat. A m\u00e9s, li constaven dos assenyalaments <a class=\"mh-excerpt-more\" href=\"https:\/\/tucomarca.whitekongsoftware.com\/ca\/detenen-a-un-home-per-maltractaments-en-lambit-familiar-que-es-trobava-ocult-pels-seus-familiars-a-naquera\/\" title=\"Detenen a un home per maltractaments en l&#8217;\u00e0mbit familiar que es trobava ocult pels seus familiars a N\u00e0quera\">[+] <\/a><\/div>\n","protected":false},"author":1,"featured_media":175527,"comment_status":"open","ping_status":"open","sticky":false,"template":"","format":"standard","meta":{"footnotes":""},"categories":[10892,10898,10894,10904,10928,10936,10896,10897],"tags":[10899,17107,11118,11134],"class_list":["post-201057","post","type-post","status-publish","format-standard","has-post-thumbnail","category-camp-de-turia-ca","category-ventana-ca","category-la-comarca-ca","category-sin-categorizar-ca","category-lliria-ca","category-naquera-ca","category-seccion-ca","category-sucesos-la-comarca-ca","tag-camp-de-turia-ca","tag-detenido-ca","tag-guardia-civil-ca","tag-naquera-ca"],"_links":{"self":[{"href":"https:\/\/tucomarca.whitekongsoftware.com\/ca\/wp-json\/wp\/v2\/posts\/201057","targetHints":{"allow":["GET"]}}],"collection":[{"href":"https:\/\/tucomarca.whitekongsoftware.com\/ca\/wp-json\/wp\/v2\/posts"}],"about":[{"href":"https:\/\/tucomarca.whitekongsoftware.com\/ca\/wp-json\/wp\/v2\/types\/post"}],"author":[{"embeddable":true,"href":"https:\/\/tucomarca.whitekongsoftware.com\/ca\/wp-json\/wp\/v2\/users\/1"}],"replies":[{"embeddable":true,"href":"https:\/\/tucomarca.whitekongsoftware.com\/ca\/wp-json\/wp\/v2\/comments?post=201057"}],"version-history":[{"count":0,"href":"https:\/\/tucomarca.whitekongsoftware.com\/ca\/wp-json\/wp\/v2\/posts\/201057\/revisions"}],"wp:featuredmedia":[{"embeddable":true,"href":"https:\/\/tucomarca.whitekongsoftware.com\/ca\/wp-json\/wp\/v2\/media\/175527"}],"wp:attachment":[{"href":"https:\/\/tucomarca.whitekongsoftware.com\/ca\/wp-json\/wp\/v2\/media?parent=201057"}],"wp:term":[{"taxonomy":"category","embeddable":true,"href":"https:\/\/tucomarca.whitekongsoftware.com\/ca\/wp-json\/wp\/v2\/categories?post=201057"},{"taxonomy":"post_tag","embeddable":true,"href":"https:\/\/tucomarca.whitekongsoftware.com\/ca\/wp-json\/wp\/v2\/tags?post=201057"}],"curies":[{"name":"wp","href":"https:\/\/api.w.org\/{rel}","templated":true}]}}