{"id":200841,"date":"2023-10-18T10:00:00","date_gmt":"2023-10-18T08:00:00","guid":{"rendered":"https:\/\/www.tucomarca.com\/wordpress\/segunda\/?p=200841"},"modified":"2023-10-18T11:44:27","modified_gmt":"2023-10-18T09:44:27","slug":"la-guardia-civil-dete-a-lautor-de-sis-robatoris-amb-forca-en-riba-roja-i-vilamarxant","status":"publish","type":"post","link":"https:\/\/tucomarca.whitekongsoftware.com\/ca\/la-guardia-civil-dete-a-lautor-de-sis-robatoris-amb-forca-en-riba-roja-i-vilamarxant\/","title":{"rendered":"La Gu\u00e0rdia Civil det\u00e9 a l&#8217;autor de sis robatoris amb for\u00e7a en Riba-roja i Vilamarxant"},"content":{"rendered":"\n<h4 class=\"wp-block-heading\">La col\u00b7laboraci\u00f3 de Policia Local de Riba-roja va resultar decisiva per a la identificaci\u00f3 de l&#8217;autor i la de Policia Local de Vilamarxant va permetre la localitzaci\u00f3 del lladre<\/h4>\n\n\n\n<p class=\"wp-block-paragraph\">La Gu\u00e0rdia Civil de Val\u00e8ncia det\u00e9 a un home espanyol de 58 anys d&#8217;edat per quatre delictes de robatori amb for\u00e7a en les coses i dues m\u00e9s en grau de temptativa comesos en les localitats de Riba-roja de T\u00faria i Vilamarxant.&nbsp;<\/p>\n\n\n\n<p class=\"wp-block-paragraph\">La investigaci\u00f3 va comen\u00e7ar el mes de maig passat, amb una primera den\u00fancia en la qual s&#8217;informava d&#8217;un robatori a l&#8217;interior d&#8217;un habitatge en la localitat de Riba-roja. Posteriorment es van rebre altres den\u00fancies pels mateixos fets i en el qual els Gu\u00e0rdies Civils van observar un id\u00e8ntic&nbsp;<em>modus operandi<\/em>. En un dels casos, el lladre va ser sorpr\u00e9s per un videoporter&nbsp;<em>in fraganti<\/em>. El propietari de l&#8217;immoble va aconseguir espantar-lo a trav\u00e9s del sistema de megafonia que tenia el domicili.<\/p>\n\n\n\n<p class=\"wp-block-paragraph\">Gr\u00e0cies a l&#8217;estreta col\u00b7laboraci\u00f3 amb Policia Local de Riba-roja, es va aconseguir obtindre la identificaci\u00f3 de l&#8217;autor. Posteriorment es va tractar de localitzar al delinq\u00fcent, fet que va resultar extraordin\u00e0riament dif\u00edcil per\u00f2 que es va aconseguir gr\u00e0cies a la col\u00b7laboraci\u00f3 amb els agents de Policia Local de Vilamarxant.&nbsp;<\/p>\n\n\n\n<p class=\"wp-block-paragraph\">La Gu\u00e0rdia Civil va detindre, a la fi de setembre, a l&#8217;autor d&#8217;estos sis delictes de robatori amb for\u00e7a en les coses (4 consumats i 2 en temptativa) i ho va posar a disposici\u00f3 judicial. Va resultar ser un home espanyol de 58 anys d&#8217;edat.<\/p>\n\n\n\n<p class=\"wp-block-paragraph\">Les dilig\u00e8ncies han sigut entregades en el Jutjat de Primera Inst\u00e0ncia i Instrucci\u00f3 N\u00famero 6 de Ll\u00edria.<\/p>\n","protected":false},"excerpt":{"rendered":"<div class=\"mh-excerpt\">La col\u00b7laboraci\u00f3 de Policia Local de Riba-roja va resultar decisiva per a la identificaci\u00f3 de l&#8217;autor i la de Policia Local de Vilamarxant va permetre la localitzaci\u00f3 del lladre La Gu\u00e0rdia Civil de Val\u00e8ncia det\u00e9 <a class=\"mh-excerpt-more\" href=\"https:\/\/tucomarca.whitekongsoftware.com\/ca\/la-guardia-civil-dete-a-lautor-de-sis-robatoris-amb-forca-en-riba-roja-i-vilamarxant\/\" title=\"La Gu\u00e0rdia Civil det\u00e9 a l&#8217;autor de sis robatoris amb for\u00e7a en Riba-roja i Vilamarxant\">[+] <\/a><\/div>\n","protected":false},"author":12,"featured_media":176159,"comment_status":"open","ping_status":"open","sticky":false,"template":"","format":"standard","meta":{"footnotes":""},"categories":[10892,10898,10894,10928,10906,10896,10897,10927],"tags":[10899,12176,15024,18613,11090],"class_list":["post-200841","post","type-post","status-publish","format-standard","has-post-thumbnail","category-camp-de-turia-ca","category-ventana-ca","category-la-comarca-ca","category-lliria-ca","category-riba-roja-ca","category-seccion-ca","category-sucesos-la-comarca-ca","category-vilamarxant-ca","tag-camp-de-turia-ca","tag-guardia-civil-de-valencia-ca","tag-riba-roja-de-turia-ca","tag-robos-con-fuerza-ca","tag-vilamarxant-ca"],"_links":{"self":[{"href":"https:\/\/tucomarca.whitekongsoftware.com\/ca\/wp-json\/wp\/v2\/posts\/200841","targetHints":{"allow":["GET"]}}],"collection":[{"href":"https:\/\/tucomarca.whitekongsoftware.com\/ca\/wp-json\/wp\/v2\/posts"}],"about":[{"href":"https:\/\/tucomarca.whitekongsoftware.com\/ca\/wp-json\/wp\/v2\/types\/post"}],"author":[{"embeddable":true,"href":"https:\/\/tucomarca.whitekongsoftware.com\/ca\/wp-json\/wp\/v2\/users\/12"}],"replies":[{"embeddable":true,"href":"https:\/\/tucomarca.whitekongsoftware.com\/ca\/wp-json\/wp\/v2\/comments?post=200841"}],"version-history":[{"count":0,"href":"https:\/\/tucomarca.whitekongsoftware.com\/ca\/wp-json\/wp\/v2\/posts\/200841\/revisions"}],"wp:featuredmedia":[{"embeddable":true,"href":"https:\/\/tucomarca.whitekongsoftware.com\/ca\/wp-json\/wp\/v2\/media\/176159"}],"wp:attachment":[{"href":"https:\/\/tucomarca.whitekongsoftware.com\/ca\/wp-json\/wp\/v2\/media?parent=200841"}],"wp:term":[{"taxonomy":"category","embeddable":true,"href":"https:\/\/tucomarca.whitekongsoftware.com\/ca\/wp-json\/wp\/v2\/categories?post=200841"},{"taxonomy":"post_tag","embeddable":true,"href":"https:\/\/tucomarca.whitekongsoftware.com\/ca\/wp-json\/wp\/v2\/tags?post=200841"}],"curies":[{"name":"wp","href":"https:\/\/api.w.org\/{rel}","templated":true}]}}