{"id":200800,"date":"2023-10-17T08:05:00","date_gmt":"2023-10-17T06:05:00","guid":{"rendered":"https:\/\/www.tucomarca.com\/wordpress\/segunda\/?p=200800"},"modified":"2023-10-17T21:32:50","modified_gmt":"2023-10-17T19:32:50","slug":"el-psoe-critica-que-la-pobla-de-vallbona-elimine-el-requisit-linguistic-per-a-accedir-a-tres-places-municipals-amb-el-suport-de-vox","status":"publish","type":"post","link":"https:\/\/tucomarca.whitekongsoftware.com\/ca\/el-psoe-critica-que-la-pobla-de-vallbona-elimine-el-requisit-linguistic-per-a-accedir-a-tres-places-municipals-amb-el-suport-de-vox\/","title":{"rendered":"El PSOE critica que La Pobla de Vallbona elimine el requisit ling\u00fc\u00edstic per a accedir a tres places municipals amb el suport de Vox\u00a0"},"content":{"rendered":"\n<h4 class=\"wp-block-heading\">El valenci\u00e0 passar\u00e0 de ser requisit a m\u00e8rit en els processos selectius<\/h4>\n\n\n\n<p class=\"wp-block-paragraph\">El ple de l&#8217;Ajuntament de la Pobla de Vallbona ha aprovat una modificaci\u00f3 en els criteris necessaris per a accedir a les places municipals que suposar\u00e0 en la pr\u00e0ctica una eliminaci\u00f3 del requisit ling\u00fc\u00edstic. L&#8217;acord s&#8217;ha pres amb el suport de l&#8217;actual equip de govern del PP, Contingent, Centrats i Vox, mentre que el PSPV i Comprom\u00eds han votat en contra.&nbsp;<\/p>\n\n\n\n<p class=\"wp-block-paragraph\">La modificaci\u00f3 del ple celebrat a l&#8217;octubre suposa que les places de Tresoreria i Secretaria no tindran des d&#8217;ara el requisit del valenci\u00e0 com a exig\u00e8ncia per a accedir als mateixos i, en el seu lloc, apareixer\u00e0 com a m\u00e8rit el seu coneixement. Esta modificaci\u00f3 s&#8217;uneix a la que ja es va aprovar el mes d&#8217;agost quan ja es va eliminar, tamb\u00e9, el requisit ling\u00fc\u00edstic a la pla\u00e7a d&#8217;Intervenci\u00f3. D&#8217;esta manera, des d&#8217;ara les places d&#8217;Interventora, Secret\u00e0ria i Tresorera mancaran del requisit ling\u00fc\u00edstic.&nbsp;<\/p>\n\n\n\n<p class=\"wp-block-paragraph\">La proposta de l&#8217;equip de govern amb el suport de Vox suposa que este requisit deixar\u00e0 de tindre&#8217;s en compte com una obligaci\u00f3 i es puntuar\u00e0 com a m\u00e8rit per als aspirants que opten a estes places en cas de quedar-se vacants. En el seu lloc, el govern local inclour\u00e0 per als tres llocs els criteris i les exig\u00e8ncies que hauran de demostrar els futurs funcionaris.&nbsp;<\/p>\n\n\n\n<p class=\"wp-block-paragraph\">En el cas de la Secretaria, es tindran en compte els cursos de formaci\u00f3 i perfeccionament, com la realitzaci\u00f3 de cursos impartits i homologats per l&#8217;Institut Valenci\u00e0 d&#8217;Administraci\u00f3 P\u00fablica o altres escoles de formaci\u00f3 auton\u00f2miques, a m\u00e9s, en el cas de l&#8217;idioma es valorar\u00e0 el coneixement del valenci\u00e0 amb l&#8217;acreditaci\u00f3 del t\u00edtol oficial dels graus C2, C1, B2, B1 i A2. Es valoraran els serveis prestats en municipis de m\u00e9s de 20.000 habitants.&nbsp;<\/p>\n\n\n\n<p class=\"wp-block-paragraph\">En el cas de Tresoreria, es valoraran, tamb\u00e9, la realitzaci\u00f3 dels cursos impartits i homologats en qualsevol dels seus nivells de l&#8217;administraci\u00f3, a m\u00e9s, de la valoraci\u00f3 del valenci\u00e0 i l&#8217;experi\u00e8ncia en serveis prestats en localitats majors de 20.000 habitants.&nbsp;<\/p>\n\n\n\n<p class=\"wp-block-paragraph\">En la proposta aprovada s&#8217;estableixen els rangs que es tindran en compte a l&#8217;hora de puntuar cadascun els criteris, de manera que els cursos de formaci\u00f3 i perfeccionament suposaran un 35% sobre el total, un altre 15% s&#8217;aplicar\u00e0 en el cas de l&#8217;idioma valenci\u00e0 com a m\u00e8rits espec\u00edfics de l&#8217;entitat local i, finalment, un altre 50% l&#8217;experi\u00e8ncia en altres localitats.&nbsp;<\/p>\n\n\n\n<p class=\"wp-block-paragraph\">La portaveu municipal del PSOE, Noem\u00ed Morales, ha lamentat que l&#8217;actual govern \u201cactue i vote al dictat de les exig\u00e8ncies de Vox malgrat no formar part, en teoria, del govern, amb una falta total de suport cap al valenci\u00e0 i sense que quede justificada la modificaci\u00f3 que han aprovat, ja que no sembla que existira cap dificultat per a cobrir eixes places tal com estaven catalogades\u201d.&nbsp;<\/p>\n\n\n\n<p class=\"wp-block-paragraph\">Morales ha afegit que \u201ca esta circumst\u00e0ncia s&#8217;uneix el fet que CONTINGENT i Centrats, dos partits que s&#8217;autodefineixen com &#8216;sense ideologia&#8217;, tornen a quedar en evid\u00e8ncia en votar el contrari que en la passada legislatura, quan tamb\u00e9 formaven part del de govern al costat de PSOE i Compromis. Definitivament, sucumbeixen a les directrius del PP, sobre el qual planeja el dubte d&#8217;amb qui governa realment, despr\u00e9s que Vox donara a con\u00e9ixer que mantenen converses setmanals a esquena de la junta&nbsp;de&nbsp;portaveus&#8221;.<\/p>\n\n\n\n<p class=\"wp-block-paragraph\"><\/p>\n","protected":false},"excerpt":{"rendered":"<div class=\"mh-excerpt\">El valenci\u00e0 passar\u00e0 de ser requisit a m\u00e8rit en els processos selectius El ple de l&#8217;Ajuntament de la Pobla de Vallbona ha aprovat una modificaci\u00f3 en els criteris necessaris per a accedir a les places <a class=\"mh-excerpt-more\" href=\"https:\/\/tucomarca.whitekongsoftware.com\/ca\/el-psoe-critica-que-la-pobla-de-vallbona-elimine-el-requisit-linguistic-per-a-accedir-a-tres-places-municipals-amb-el-suport-de-vox\/\" title=\"El PSOE critica que La Pobla de Vallbona elimine el requisit ling\u00fc\u00edstic per a accedir a tres places municipals amb el suport de Vox\u00a0\">[+] <\/a><\/div>\n","protected":false},"author":12,"featured_media":200801,"comment_status":"open","ping_status":"open","sticky":false,"template":"","format":"standard","meta":{"footnotes":""},"categories":[10892,10948,10894,10915,10947,10896],"tags":[10899,10916,16806],"class_list":["post-200800","post","type-post","status-publish","format-standard","has-post-thumbnail","category-camp-de-turia-ca","category-infraestructuras-ca","category-la-comarca-ca","category-la-pobla-ca","category-politica","category-seccion-ca","tag-camp-de-turia-ca","tag-la-pobla-de-vallbona-ca","tag-pspv-psoe-pobla-de-vallbona-ca"],"_links":{"self":[{"href":"https:\/\/tucomarca.whitekongsoftware.com\/ca\/wp-json\/wp\/v2\/posts\/200800","targetHints":{"allow":["GET"]}}],"collection":[{"href":"https:\/\/tucomarca.whitekongsoftware.com\/ca\/wp-json\/wp\/v2\/posts"}],"about":[{"href":"https:\/\/tucomarca.whitekongsoftware.com\/ca\/wp-json\/wp\/v2\/types\/post"}],"author":[{"embeddable":true,"href":"https:\/\/tucomarca.whitekongsoftware.com\/ca\/wp-json\/wp\/v2\/users\/12"}],"replies":[{"embeddable":true,"href":"https:\/\/tucomarca.whitekongsoftware.com\/ca\/wp-json\/wp\/v2\/comments?post=200800"}],"version-history":[{"count":0,"href":"https:\/\/tucomarca.whitekongsoftware.com\/ca\/wp-json\/wp\/v2\/posts\/200800\/revisions"}],"wp:featuredmedia":[{"embeddable":true,"href":"https:\/\/tucomarca.whitekongsoftware.com\/ca\/wp-json\/wp\/v2\/media\/200801"}],"wp:attachment":[{"href":"https:\/\/tucomarca.whitekongsoftware.com\/ca\/wp-json\/wp\/v2\/media?parent=200800"}],"wp:term":[{"taxonomy":"category","embeddable":true,"href":"https:\/\/tucomarca.whitekongsoftware.com\/ca\/wp-json\/wp\/v2\/categories?post=200800"},{"taxonomy":"post_tag","embeddable":true,"href":"https:\/\/tucomarca.whitekongsoftware.com\/ca\/wp-json\/wp\/v2\/tags?post=200800"}],"curies":[{"name":"wp","href":"https:\/\/api.w.org\/{rel}","templated":true}]}}